{"id":184026,"date":"2025-10-18T01:02:11","date_gmt":"2025-10-18T01:02:11","guid":{"rendered":"https:\/\/www.europesays.com\/es\/184026\/"},"modified":"2025-10-18T01:02:11","modified_gmt":"2025-10-18T01:02:11","slug":"alineaciones-probables-del-villarreal-betis-de-laliga-ea-sports-2025-2026-onces-y-banquillo-de-suplentes","status":"publish","type":"post","link":"https:\/\/www.europesays.com\/es\/184026\/","title":{"rendered":"Alineaciones probables del Villarreal &#8211; Betis de LaLiga EA Sports 2025-2026: onces y banquillo de suplentes"},"content":{"rendered":"<p style=\"\">Instalado ya en la cuarta plaza tras imponerse antes del par\u00f3n de selecciones al Espanyol (1-2) en un partido marcado por la pol\u00e9mica y la \u00e9pica en su tramo final, el <strong>Real Betis<\/strong> afronta este s\u00e1bado un duelo por la <a href=\"https:\/\/www.abc.es\/deportes\/alfinaldelapalmera\/noticias-betis\/alarcon-vamos-pelear-europa-sueno-champions-20251017105851-nts.html\" target=\"_self\" data-voc-vtm-id=\"in-text-traffic\" title=\"Champions\" data-mrf-link=\"www.abc.es\" rel=\"nofollow noopener\">Champions<\/a> con  &#8230; su visita al tercero de la tabla, el <strong>Villarreal<\/strong>, del que s\u00f3lo lo distancia un punto, en un partido correspondiente a la <a href=\"https:\/\/www.laliga.com\/es-GB\/partido\/temporada-2025-2026-laliga-ea-sports-villarreal-cf-real-betis-9\" target=\"_self\" data-voc-vtm-id=\"in-text-traffic\" title=\"novena jornada de LaLiga EA Sports\" data-mrf-link=\"www.laliga.com\" rel=\"nofollow noopener\">novena jornada de LaLiga EA Sports<\/a> que llega cargado de emoci\u00f3n. Del <a href=\"https:\/\/www.abc.es\/deportes\/alfinaldelapalmera\/noticias-betis\/historial-polemicas-arbitrales-betis-ante-villarreal-20251017140146-nts.html\" target=\"_self\" data-voc-vtm-id=\"in-text-traffic\" title=\"arbitraje\" data-mrf-link=\"www.abc.es\" rel=\"nofollow noopener\">arbitraje<\/a> se encargar\u00e1 Hern\u00e1ndez Maeso con Gonz\u00e1lez Fuertes en el VAR. Tanto en el club como en la plantilla verdiblanca creen que esta temporada pueden dar un paso m\u00e1s y clasificarse para la Liga de Campeones. <\/p>\n<p class=\"voc-p\" style=\"\">Ahora mismo, el <strong>Betis<\/strong> anda en el buen camino para ese objetivo y quiere la <a href=\"https:\/\/www.abc.es\/deportes\/alfinaldelapalmera\/noticias-betis\/pellegrini-villarreal-betis-final-queremos-colocarnos-terceros-20251017125652-nts.html\" target=\"_self\" data-voc-vtm-id=\"in-text-traffic\" title=\"tercera plaza\" data-mrf-link=\"www.abc.es\" rel=\"nofollow noopener\">tercera plaza<\/a>, como se\u00f1alaba Pellegrini en la rueda de prensa previa. Suma tres victorias consecutivas el equipo verdiblanco, las conseguidas ante la Real Sociedad (3-1), el Osasuna (2-0) y el Espanyol (1-2), mientras que s\u00f3lo ha perdido un encuentro, frente al Athletic Club (1-2), tras ocho jornadas ya celebradas. La defensa, pese a las bajas sufridas, est\u00e1 rayando a gran nivel y tiene a jugadores muy enchufados como <strong>Abde, Fornals y Cucho<\/strong>, quien se encuentra en un gran momento <a href=\"https:\/\/www.abc.es\/deportes\/alfinaldelapalmera\/noticias-betis\/betis-marca-siempre-20251016124829-nts.html\" target=\"_self\" data-voc-vtm-id=\"in-text-traffic\" title=\"goleador\" data-mrf-link=\"www.abc.es\" rel=\"nofollow noopener\">goleador<\/a>, as\u00ed que hay motivos para pensar que el Betis puede consolidarse en la zona Champions.<\/p>\n<p>\nEl posible once del Betis ante el Villarreal\n<\/p>\n<p class=\"voc-p\" style=\"\"><strong>Bartra, Llorente y Deossa<\/strong>, que se hab\u00edan perdido los \u00faltimos partidos, se han restablecido definitivamente de sus dolencias aprovechando el par\u00f3n <strong>FIFA<\/strong>, vuelven a la convocatoria y ampl\u00edan as\u00ed el cat\u00e1logo de recursos. Amrabat tambi\u00e9n se ha recuperado de la lesi\u00f3n miofascial que lo dej\u00f3 en el dique seco ante el Espanyol y est\u00e1 apto. <a href=\"https:\/\/www.abc.es\/deportes\/alfinaldelapalmera\/noticias-betis\/isco-centrocampista-laliga-goleador-2025-jugado-solo-20251016132237-nts.html\" target=\"_self\" data-voc-vtm-id=\"in-text-traffic\" title=\"Isco\" data-mrf-link=\"www.abc.es\" rel=\"nofollow noopener\">Isco<\/a>, al que a\u00fan le queda un tiempo para volver, y Bakambu son las dos bajas heliopolitanas. <a href=\"https:\/\/www.abc.es\/deportes\/alfinaldelapalmera\/noticias-betis\/lista-betis-villarreal-ausencia-bakambu-20251017132238-nts.html\" target=\"_self\" data-voc-vtm-id=\"in-text-traffic\" title=\"La lista del Betis\" data-mrf-link=\"www.abc.es\" rel=\"nofollow noopener\">La lista del Betis<\/a> para Villarreal es la siguiente: Pau L\u00f3pez, Valles, Adri\u00e1n, Beller\u00edn, Aitor, \u00c1ngel Ortiz, Bartra, Llorente, Natan, Valent\u00edn G\u00f3mez, Ricardo, Junior, Altimira, Deossa, Amrabat, Marc Roca, Lo Celso, Fornals, Antony, Pablo Garc\u00eda, Riquelme, Abde, Cucho Hern\u00e1ndez y Chimy \u00c1vila.<\/p>\n<ul class=\"voc-list\">\n<li class=\"voc-list__item\">\n<strong>Real Betis<\/strong><br \/>\nPau L\u00f3pez; Beller\u00edn, Bartra, Natan, Ricardo; Amrabat, Marc Roca; Antony, Fornals, Abde; Cucho Hern\u00e1ndez.\n<\/li>\n<\/ul>\n<p class=\"voc-p\" style=\"\">Aunque hay compromiso europeo el pr\u00f3ximo jueves en B\u00e9lgica, <strong>Pellegrini<\/strong> apostar\u00e1 presumiblemente por un once muy titular en su visita a <a href=\"https:\/\/www.abc.es\/deportes\/alfinaldelapalmera\/noticias-betis\/tres-triunfos-betis-cinco-visitas-ceramica-pellegrini-20251014170359-nts.html\" target=\"_self\" data-voc-vtm-id=\"in-text-traffic\" title=\"Villarreal\" data-mrf-link=\"www.abc.es\" rel=\"nofollow noopener\">Villarreal<\/a>. Pau L\u00f3pez guardar\u00e1 la porter\u00eda, con Beller\u00edn, Bartra, Natan y Ricardo en l\u00ednea defensiva. Por delante, Amrabat y Marc Roca conformar\u00edan el doble pivote, jugando m\u00e1s adelantado Fornals. Los extremos ser\u00edan para Antony y Abde y en la punta de ataque repetir\u00eda Cucho Hern\u00e1ndez, el delantero titular en los partidos ligueros. <\/p>\n<p>\nEl posible once del Villarreal ante el Betis\n<\/p>\n<p class=\"voc-p\" style=\"\">El <strong>Villarreal<\/strong> de <a href=\"https:\/\/www.abc.es\/deportes\/alfinaldelapalmera\/noticias-betis\/marcelino-superara-pellegrini-sabado-entrenador-partidos-villarreal-20251016180805-nts.html\" target=\"_self\" data-voc-vtm-id=\"in-text-traffic\" title=\"Marcelino\" data-mrf-link=\"www.abc.es\" rel=\"nofollow noopener\">Marcelino<\/a> se march\u00f3 al par\u00f3n de selecciones con el mal sabor de boca de su derrota, no exenta de pol\u00e9mica, en el Bernab\u00e9u (3-1). Un tropiezo que se sum\u00f3 al registrado hace varias jornadas contra el Atl\u00e9tico de Madrid (2-0) en el Metropolitano. En los castellonenses, que tienen la enfermer\u00eda repleta, causan baja <strong>Pau Caban\u00e9s, Foyth, Kambwala y Logan Costa<\/strong>, as\u00ed como <strong>Mouri\u00f1o<\/strong>, en su caso por sanci\u00f3n al ser expulsado la pasada jornada. Adem\u00e1s, Marcelino desvel\u00f3 este viernes que Mikautadze sufre molestias f\u00edsicas. <\/p>\n<ul class=\"voc-list\">\n<li class=\"voc-list__item\">\n<strong>Villarreal CF<\/strong><br \/>\nArnau Tenas; Pau Navarro, Rafa Mar\u00edn, Veiga, Sergi Cardona; Buchanan, Comesa\u00f1a, Gueye, Moleiro; P\u00e9p\u00e9, Oluwaseyi.\n<\/li>\n<\/ul>\n<p class=\"voc-p\" style=\"\">Debido a la cercan\u00eda del partido de Champions contra el Manchester City, al que reciben los castellonenses el pr\u00f3ximo martes, <strong>m\u00e1s dudas presenta el once del<\/strong>\u00a0<strong>Villarreal<\/strong> en comparaci\u00f3n con el del Betis. Arnau Tenas repetir\u00eda entre palos y estar\u00eda protegido por una l\u00ednea defensiva formada por Pau Navarro, Rafa Mar\u00edn, Veiga y Sergi Cardona, de derecha a izquierda. En el centro del campo jugar\u00edan Comesa\u00f1a y Gueye, con Buchanan y Moleiro escorados a las bandas aunque tendiendo al siempre centro el segundo. Arriba, Oluwaseyi y P\u00e9p\u00e9.<\/p>\n","protected":false},"excerpt":{"rendered":"Instalado ya en la cuarta plaza tras imponerse antes del par\u00f3n de selecciones al Espanyol (1-2) en un&hellip;\n","protected":false},"author":2,"featured_media":184027,"comment_status":"","ping_status":"","sticky":false,"template":"","format":"standard","meta":{"footnotes":""},"categories":[268],"tags":[13519,26170,2953,291,168,25,24,280,282,288,26172,26171,281,23,167,26173,10560],"class_list":{"0":"post-184026","1":"post","2":"type-post","3":"status-publish","4":"format-standard","5":"has-post-thumbnail","7":"category-futbol","8":"tag-13519","9":"tag-alineaciones","10":"tag-banquillo","11":"tag-betis","12":"tag-deportes","13":"tag-es","14":"tag-espana","15":"tag-football","16":"tag-futbol","17":"tag-laliga","18":"tag-onces","19":"tag-probables","20":"tag-soccer","21":"tag-spain","22":"tag-sports","23":"tag-suplentes","24":"tag-villarreal"},"share_on_mastodon":{"url":"","error":""},"_links":{"self":[{"href":"https:\/\/www.europesays.com\/es\/wp-json\/wp\/v2\/posts\/184026","targetHints":{"allow":["GET"]}}],"collection":[{"href":"https:\/\/www.europesays.com\/es\/wp-json\/wp\/v2\/posts"}],"about":[{"href":"https:\/\/www.europesays.com\/es\/wp-json\/wp\/v2\/types\/post"}],"author":[{"embeddable":true,"href":"https:\/\/www.europesays.com\/es\/wp-json\/wp\/v2\/users\/2"}],"replies":[{"embeddable":true,"href":"https:\/\/www.europesays.com\/es\/wp-json\/wp\/v2\/comments?post=184026"}],"version-history":[{"count":0,"href":"https:\/\/www.europesays.com\/es\/wp-json\/wp\/v2\/posts\/184026\/revisions"}],"wp:featuredmedia":[{"embeddable":true,"href":"https:\/\/www.europesays.com\/es\/wp-json\/wp\/v2\/media\/184027"}],"wp:attachment":[{"href":"https:\/\/www.europesays.com\/es\/wp-json\/wp\/v2\/media?parent=184026"}],"wp:term":[{"taxonomy":"category","embeddable":true,"href":"https:\/\/www.europesays.com\/es\/wp-json\/wp\/v2\/categories?post=184026"},{"taxonomy":"post_tag","embeddable":true,"href":"https:\/\/www.europesays.com\/es\/wp-json\/wp\/v2\/tags?post=184026"}],"curies":[{"name":"wp","href":"https:\/\/api.w.org\/{rel}","templated":true}]}}