{"id":184053,"date":"2025-10-18T01:23:08","date_gmt":"2025-10-18T01:23:08","guid":{"rendered":"https:\/\/www.europesays.com\/es\/184053\/"},"modified":"2025-10-18T01:23:08","modified_gmt":"2025-10-18T01:23:08","slug":"max-verstappen-se-queda-con-la-pole-del-sprint-en-el-gran-premio-de-estados-unidos-2","status":"publish","type":"post","link":"https:\/\/www.europesays.com\/es\/184053\/","title":{"rendered":"Max Verstappen se queda con la \u2018pole\u2019 del sprint en el Gran Premio de Estados Unidos"},"content":{"rendered":"<p>El\u00a0<strong>cu\u00e1druple campe\u00f3n del mundo<\/strong>,\u00a0<strong>Max Verstappen<\/strong>\u00a0(Red Bull), volvi\u00f3 a demostrar su supremac\u00eda al quedarse con la\u00a0<strong>\u2018pole position\u2019<\/strong>\u00a0del\u00a0<strong>sprint del Gran Premio de Estados Unidos<\/strong>, v\u00e1lido por la\u00a0<strong>decimonovena fecha del Mundial de F\u00f3rmula 1<\/strong>.<\/p>\n<p>La sesi\u00f3n se llev\u00f3 a cabo este\u00a0<strong>viernes 17 de octubre<\/strong>\u00a0en el\u00a0<strong>Circuito de las Am\u00e9ricas<\/strong>, en\u00a0<strong>Austin (Texas)<\/strong>.<\/p>\n<p>Verstappen, de\u00a0<strong>28 a\u00f1os<\/strong>, domin\u00f3 la\u00a0<strong>sprint shootout<\/strong>, registrando un\u00a0<strong>tiempo de 1:32.143<\/strong>\u00a0con neum\u00e1ticos blandos en la \u00faltima ronda (SQ3). <\/p>\n<p>M\u00e1s noticias:<\/p>\n<p>Con esa marca super\u00f3 al\u00a0<strong>brit\u00e1nico Lando Norris<\/strong>\u00a0(McLaren) por apenas\u00a0<strong>71 mil\u00e9simas<\/strong>\u00a0y al\u00a0<strong>australiano Oscar Piastri<\/strong>, actual l\u00edder del campeonato, por\u00a0<strong>380 mil\u00e9simas<\/strong>.<\/p>\n<p>\u00bfC\u00f3mo qued\u00f3 la clasificaci\u00f3n del sprint?<\/p>\n<p>Los espa\u00f1oles\u00a0<strong>Fernando Alonso<\/strong>\u00a0(Aston Martin) y\u00a0<strong>Carlos Sainz<\/strong>\u00a0(Williams) completaron una s\u00f3lida actuaci\u00f3n al clasificarse\u00a0<strong>sexto y s\u00e9ptimo<\/strong>, respectivamente.<\/p>\n<p>El asturiano termin\u00f3 a\u00a0<strong>767 mil\u00e9simas<\/strong>\u00a0del tiempo de Verstappen, superando por una mil\u00e9sima a su compatriota.<\/p>\n<p>Por delante de ellos partir\u00e1n el\u00a0<strong>alem\u00e1n Nico H\u00fclkenberg<\/strong>\u00a0(Kick Sauber), cuarto en la jornada, y el <strong>brit\u00e1nico George Russell<\/strong>\u00a0(Mercedes), quinto.<\/p>\n<p>El\u00a0<strong>siete veces campe\u00f3n del mundo<\/strong>,\u00a0<strong>Lewis Hamilton<\/strong>, no logr\u00f3 encontrar su mejor ritmo y partir\u00e1 desde la\u00a0<strong>octava posici\u00f3n<\/strong>, seguido del\u00a0<strong>tailand\u00e9s Alex Albon<\/strong>\u00a0(Williams) y del\u00a0<strong>monegasco Charles Leclerc<\/strong>\u00a0(Ferrari), quien complet\u00f3 el top 10.<\/p>\n<blockquote class=\"twitter-tweet\">\n<p lang=\"en\" dir=\"ltr\">Let&#8217;s take a look at our <a href=\"https:\/\/twitter.com\/hashtag\/F1Sprint?src=hash&amp;ref_src=twsrc%5Etfw\" rel=\"nofollow noopener\" target=\"_blank\">#F1Sprint<\/a> grid for tomorrow! \ud83d\ude2e\u200d\ud83d\udca8<\/p>\n<p>Our top three in the championship will line-up in the first three places \ud83d\udc4a<a href=\"https:\/\/twitter.com\/hashtag\/F1?src=hash&amp;ref_src=twsrc%5Etfw\" rel=\"nofollow noopener\" target=\"_blank\">#F1<\/a> <a href=\"https:\/\/twitter.com\/hashtag\/USGP?src=hash&amp;ref_src=twsrc%5Etfw\" rel=\"nofollow noopener\" target=\"_blank\">#USGP<\/a> <a href=\"https:\/\/t.co\/FB4GW4G1ZH\" rel=\"nofollow\">pic.twitter.com\/FB4GW4G1ZH<\/a><\/p>\n<p>\u2014 Formula 1 (@F1) <a href=\"https:\/\/twitter.com\/F1\/status\/1979313976451215543?ref_src=twsrc%5Etfw\" rel=\"nofollow noopener\" target=\"_blank\">October 17, 2025<\/a><\/p><\/blockquote>\n<p> \u00bfCu\u00e1ndo y a qu\u00e9 hora es el GP de Estados Unidos de la F\u00f3rmula 1?<\/p>\n<p>El <strong>Gran Premio de Estados Unidos<\/strong> se correr\u00e1 el <strong>domingo 19 de octubre<\/strong>, a las 14:00 (hora de Ecuador). Las actividades del fin de semana comienzan el viernes:<\/p>\n<ul class=\"wp-block-list\">\n<li><strong>Pr\u00e1ctica<\/strong> <strong>1<\/strong>: 17 de octubre | 12:30 \u2013 13:30<\/li>\n<li><strong>Sprint Qualyfing<\/strong>: 17 de octubre | 16:00 \u2013 17:00<\/li>\n<li><strong>Sprint<\/strong>: 18 de octubre | 12:00 \u2013 12:30<\/li>\n<li><strong>Qualifying<\/strong>: 18 de octubre | 16:00 \u2013 17:00<\/li>\n<\/ul>\n<p>Datos del circuito<\/p>\n<ul class=\"wp-block-list\">\n<li><strong>Longitud: <\/strong>5,513 km<\/li>\n<li><strong>Vueltas<\/strong>: 56<\/li>\n<li><strong>Distancia total:<\/strong> 308,728 km<\/li>\n<\/ul>\n<p><script async src=\"https:\/\/platform.twitter.com\/widgets.js\" charset=\"utf-8\"><\/script><\/p>\n","protected":false},"excerpt":{"rendered":"El\u00a0cu\u00e1druple campe\u00f3n del mundo,\u00a0Max Verstappen\u00a0(Red Bull), volvi\u00f3 a demostrar su supremac\u00eda al quedarse con la\u00a0\u2018pole position\u2019\u00a0del\u00a0sprint del Gran&hellip;\n","protected":false},"author":2,"featured_media":184023,"comment_status":"","ping_status":"","sticky":false,"template":"","format":"standard","meta":{"footnotes":""},"categories":[270],"tags":[168,25,24,306,271,272,38333,47860,2099,23,167],"class_list":{"0":"post-184053","1":"post","2":"type-post","3":"status-publish","4":"format-standard","5":"has-post-thumbnail","7":"category-formula-1","8":"tag-deportes","9":"tag-es","10":"tag-espana","11":"tag-f1","12":"tag-formula-1","13":"tag-formula1","14":"tag-gp-de-estados-unidos","15":"tag-gran-premio-de-estados-unidos","16":"tag-max-verstappen","17":"tag-spain","18":"tag-sports"},"share_on_mastodon":{"url":"","error":""},"_links":{"self":[{"href":"https:\/\/www.europesays.com\/es\/wp-json\/wp\/v2\/posts\/184053","targetHints":{"allow":["GET"]}}],"collection":[{"href":"https:\/\/www.europesays.com\/es\/wp-json\/wp\/v2\/posts"}],"about":[{"href":"https:\/\/www.europesays.com\/es\/wp-json\/wp\/v2\/types\/post"}],"author":[{"embeddable":true,"href":"https:\/\/www.europesays.com\/es\/wp-json\/wp\/v2\/users\/2"}],"replies":[{"embeddable":true,"href":"https:\/\/www.europesays.com\/es\/wp-json\/wp\/v2\/comments?post=184053"}],"version-history":[{"count":0,"href":"https:\/\/www.europesays.com\/es\/wp-json\/wp\/v2\/posts\/184053\/revisions"}],"wp:featuredmedia":[{"embeddable":true,"href":"https:\/\/www.europesays.com\/es\/wp-json\/wp\/v2\/media\/184023"}],"wp:attachment":[{"href":"https:\/\/www.europesays.com\/es\/wp-json\/wp\/v2\/media?parent=184053"}],"wp:term":[{"taxonomy":"category","embeddable":true,"href":"https:\/\/www.europesays.com\/es\/wp-json\/wp\/v2\/categories?post=184053"},{"taxonomy":"post_tag","embeddable":true,"href":"https:\/\/www.europesays.com\/es\/wp-json\/wp\/v2\/tags?post=184053"}],"curies":[{"name":"wp","href":"https:\/\/api.w.org\/{rel}","templated":true}]}}