{"id":184054,"date":"2025-10-18T01:24:11","date_gmt":"2025-10-18T01:24:11","guid":{"rendered":"https:\/\/www.europesays.com\/es\/184054\/"},"modified":"2025-10-18T01:24:11","modified_gmt":"2025-10-18T01:24:11","slug":"partido-trampa-en-pisuerga","status":"publish","type":"post","link":"https:\/\/www.europesays.com\/es\/184054\/","title":{"rendered":"Partido trampa en Pisuerga"},"content":{"rendered":"<p class=\"paragraph\">El UEMC Baloncesto Valladolid es uno de los cuatro \u00fanicos equipos que se mantienen invicto cuando tan solo se han disputado dos jornadas en la Segunda FEB. Un claro sin\u00f3nimo de la igualdad de una categor\u00eda en la que la condici\u00f3n de favorito e incluso los presupuestos, quedan a veces en un segundo plano.<\/p>\n<p>            <a href=\"#\" title=\"\"><\/p>\n<p>                    <img loading=\"lazy\" decoding=\"async\" data-index=\"\" width=\"140\" height=\"140\" alt=\"David Barrio, en un tiempo muerto ante LogroBasket.\" data-full=\"[object Object]\" data-original=\"[object Object]\" src=\"https:\/\/imagenes.diariodevalladolid.es\/files\/related_image\/uploads\/2025\/10\/14\/68ee85ad5b6d0.jpeg\" data-full-src=\"https:\/\/www.europesays.com\/es\/wp-content\/uploads\/2025\/10\/1760750651_601_68ee85ad5b6d0.jpeg\"\/><\/p>\n<p>            <\/a><\/p>\n<p class=\"paragraph\">Sin embargo las diferencias tambi\u00e9n son notorias entre el furg\u00f3n cabecero y el de cola a pesar de que David Barrio intente ponerse la venda antes que la herida por si vienen mal dadas. Y es que el UEMC Baloncesto Valladolid recibe en la tarde de este s\u00e1bado en Pisuerga (19.00 horas) al Castillo de Gorraiz Valle de Egu\u00e9s, un reci\u00e9n ascendido que marcha colista en la clasificaci\u00f3n tras dos derrotas sonadas, la \u00faltima en Toledo, una de las v\u00edctimas del conjunto vallisoletano. \u00abPara m\u00ed es un partido trampa. Creo que es un equipo que mantiene gente de la que ha ascendido, que ha fichado a dos extranjeros de mucho talento, sobre todo Knotek, un jugador que ya estuvo en Espa\u00f1a hace dos temporadas en Melilla, que puede hacer el 3 y el 4, que lleva m\u00e1s de 17 puntos por partido. Partido en el que no nos podemos confiar, creo que es un equipo que t\u00e1cticamente nos intentar\u00e1 hacer cosas diferentes para intentar sacarnos de nuestro ritmo, pero sobre todo un rival inc\u00f3modo\u00bb, a\u00f1ade David Barrio.<\/p>\n<p class=\"c-detail__cite full \">\n<p>\u00abNo nos podemos poner ninguna venda, somos el UEMC Baloncesto Valladolid y en casa no podemos fallar\u00bbDAVID BARRIO<\/p>\n<p class=\"paragraph\">El UEMC Baloncesto Valladolid, que parece haber recuperado parte de la normalidad tras la reincorporaci\u00f3n al equipo de Pau Isern y tras la confirmaci\u00f3n que el golpe en la rodilla de Taiwo se qued\u00f3 en tan solo un susto,  es consciente de la necesidad de hacerse fuertes en casa dejando el siempre atractivo duelo de la Copa de Espa\u00f1a del pr\u00f3ximo martes ante el Estudiantes en un segundo plano. \u00abEs un partido adem\u00e1s de los que no nos vamos a esconder, tenemos que ganar, es en casa, tenemos que ganar, creo que el que sean colistas o no ahora es algo circunstancial, pero es un partido de los que tenemos que ganar. No nos podemos poner ninguna venda, somos el UEMC Baloncesto Valladolid y en casa no podemos fallar, es una victoria que hay que sacar, es la m\u00e1s importante. El partido de Estudiantes creo que es un premio el que juega contra un rival como ellos, a partir del domingo por la ma\u00f1ana lo analizaremos\u00bb.<\/p>\n<p class=\"c-detail__media__subtitle\">\n<p>        Sa\u00fal Hern\u00e1ndez, Narciso Prieto y David Barrio en Caja Rural Zamora.G. V.<\/p>\n<p>La fidelidad de Caja Rural Zamora con el baloncesto<\/p>\n<p>\u00a0En los buenos y en los malos momentos. Caja Rural Zamora, representada por Narciso Prieto, firma el convenio de colaboraci\u00f3n con el CB Ciudad de Valladolid por sexto a\u00f1o consecutivo, sin duda todo un seguro de vida en tiempos de poca bonanza econ\u00f3mica en el Club.<\/p>\n<p class=\"paragraph\">La aportaci\u00f3n de la cantera a trav\u00e9s de los jugadores del filial que est\u00e1n en din\u00e1mica del primer equipo, hasta ahora \u00ednfima y testimonial, volvi\u00f3 a salir a colaci\u00f3n en la previa del partido. Barrio insiste que a\u00fan no est\u00e1n preparados. \u00abS\u00e9 que es un debate. Con los chicos del Tercera FEB, yo asumo la responsabilidad. Lo dije en verano. Que los chicos del filial nos ayudar\u00edan a entrenar, que estar\u00edan en din\u00e1mica con nosotros y es lo que est\u00e1 siendo. En ese sentido creo que tampoco podemos correr mucho m\u00e1s de la cuenta, porque creo que para competir todav\u00eda les cuesta, aunque nos est\u00e1n ayudando mucho a entrenar\u00bb.<\/p>\n<p class=\"c-detail__cite full \">\n<p>CANTERANOS<br \/>\u200b\u00bbTampoco podemos correr mucho m\u00e1s de la cuenta, porque creo que para competir todav\u00eda les cuesta, aunque nos est\u00e1n ayudando mucho a entrenar\u00bbDAVID BARRIO<\/p>\n","protected":false},"excerpt":{"rendered":"El UEMC Baloncesto Valladolid es uno de los cuatro \u00fanicos equipos que se mantienen invicto cuando tan solo&hellip;\n","protected":false},"author":2,"featured_media":184055,"comment_status":"","ping_status":"","sticky":false,"template":"","format":"standard","meta":{"footnotes":""},"categories":[269],"tags":[299,298,168,25,24,9486,531,23,167,1952],"class_list":{"0":"post-184054","1":"post","2":"type-post","3":"status-publish","4":"format-standard","5":"has-post-thumbnail","7":"category-baloncesto","8":"tag-baloncesto","9":"tag-basketball","10":"tag-deportes","11":"tag-es","12":"tag-espana","13":"tag-estudiantes","14":"tag-once","15":"tag-spain","16":"tag-sports","17":"tag-toledo"},"share_on_mastodon":{"url":"","error":""},"_links":{"self":[{"href":"https:\/\/www.europesays.com\/es\/wp-json\/wp\/v2\/posts\/184054","targetHints":{"allow":["GET"]}}],"collection":[{"href":"https:\/\/www.europesays.com\/es\/wp-json\/wp\/v2\/posts"}],"about":[{"href":"https:\/\/www.europesays.com\/es\/wp-json\/wp\/v2\/types\/post"}],"author":[{"embeddable":true,"href":"https:\/\/www.europesays.com\/es\/wp-json\/wp\/v2\/users\/2"}],"replies":[{"embeddable":true,"href":"https:\/\/www.europesays.com\/es\/wp-json\/wp\/v2\/comments?post=184054"}],"version-history":[{"count":0,"href":"https:\/\/www.europesays.com\/es\/wp-json\/wp\/v2\/posts\/184054\/revisions"}],"wp:featuredmedia":[{"embeddable":true,"href":"https:\/\/www.europesays.com\/es\/wp-json\/wp\/v2\/media\/184055"}],"wp:attachment":[{"href":"https:\/\/www.europesays.com\/es\/wp-json\/wp\/v2\/media?parent=184054"}],"wp:term":[{"taxonomy":"category","embeddable":true,"href":"https:\/\/www.europesays.com\/es\/wp-json\/wp\/v2\/categories?post=184054"},{"taxonomy":"post_tag","embeddable":true,"href":"https:\/\/www.europesays.com\/es\/wp-json\/wp\/v2\/tags?post=184054"}],"curies":[{"name":"wp","href":"https:\/\/api.w.org\/{rel}","templated":true}]}}