{"id":184105,"date":"2025-10-18T02:04:08","date_gmt":"2025-10-18T02:04:08","guid":{"rendered":"https:\/\/www.europesays.com\/es\/184105\/"},"modified":"2025-10-18T02:04:08","modified_gmt":"2025-10-18T02:04:08","slug":"toros-gres-y-sin-planes-de-cortarse-la-coleta","status":"publish","type":"post","link":"https:\/\/www.europesays.com\/es\/184105\/","title":{"rendered":"toros, gres y sin planes de cortarse la coleta"},"content":{"rendered":"<p>Fue una tarde de emoci\u00f3n y de silencios, de las que no se olvidan. \u00abSab\u00eda que no iba a seguir, pero fue una liturgia impresionante, un adi\u00f3s lleno de belleza y respeto\u00bb, recuerda la empresaria Ana Pe\u00f1a mientras rememora aquel d\u00eda en Las Ventas, sentada junto a <a title=\"Carmen Lomana\" href=\"https:\/\/www.larazon.es\/lifestyle\/moda\/carmen-lomana-ayuso-dos-estilos-opuestos-pero-igual-elegantes-tarde-toros-dia-hispanidad_2025101368ec8db69c028a4cad3176c9.html\" target=\"_blank\" rel=\"nofollow noopener\">Carmen Lomana<\/a>, observando c\u00f3mo <a title=\"Morante de la Puebla \" href=\"https:\/\/www.larazon.es\/cultura\/toros\/isabel-diaz-ayuso-santiago-abascal-politicos-celebridades-corrida-toros-hispanidad_2025101268ec0e55e81f417969455cd7.html\" target=\"_blank\" rel=\"nofollow noopener\">Morante de la Puebla <\/a>se cortaba la coleta \u00e9l mismo. \u00abEsto es arte\u00bb, sentenci\u00f3 a los presentes. Ana es amiga de Lomana desde hace d\u00e9cadas: la conoci\u00f3 por casualidad cuando vino de acompa\u00f1ante de una amiga al bautizo de sus gemelos hace 28 a\u00f1os. <b>Desde entonces, esa amistad se ha mantenido viva, uniendo respeto, afici\u00f3n por los toros y complicidad en la vida social.<\/b><\/p>\n<p>Linaje con historia<\/p>\n<p>Ganadera y empresaria, Ana Pe\u00f1a ha heredado de su padre, Fernando Pe\u00f1a, tanto la pasi\u00f3n por la Fiesta como el amor por la tierra. El pasado mes de enero, tanto Ana como su hermana Mar\u00eda Jos\u00e9, se enfrentaban a la triste p\u00e9rdida de su padre a los 93 a\u00f1os. El conocido empresario de Alcora se instal\u00f3 muy joven en Madrid, donde pronto se hizo un hueco en el sector de la distribuci\u00f3n cer\u00e1mica, abriendo tiendas en lugares tan exclusivos como la Castellana. Fue el fundador de una de las mayores distribuidoras del pa\u00eds, a la que se le atribuye el m\u00e9rito de ser la que m\u00e1s metros cuadrados de cer\u00e1mica ha vendido. \u00abEstuvimos 35 a\u00f1os sin discutir -dice sonriendo-. No porque le diera la raz\u00f3n en todo, sino porque sab\u00eda escuchar y hacernos sentir parte del proyecto. <b>Hoy, la Finca Palomarejos, en Toledo, que ha sido siempre un refugio familiar, es un espacio de conexi\u00f3n con el campo y con los toros, donde se cr\u00edan caballos y se cuidan los hierros de la familia, y donde mantiene el v\u00ednculo paterno vivo. <\/b>Vista Alegre y los hierros de Fernando Pe\u00f1a y El Jaral de la Mira siguen siendo para ella un legado emocional. En estas tierras toledanas ha crecido y ha formado a sus hijos, y es all\u00ed donde mantiene amistades como las de Blanca Entrecanales, vecina de finca en La Campana de Oropesa, y Dolores de Cospedal, con quien comparte numerosas jornadas de toros y actos sociales. Otra de sus gran amigas, fuera de foco como ella, es Casilda Guerrero Burgos, duquesa de Cardona.<\/p>\n<p><img decoding=\"async\" loading=\"lazy\" src=\"https:\/\/www.europesays.com\/es\/wp-content\/uploads\/2025\/10\/ana-maria-jose-pena-erico-navazo-jean-porsche-pepe-leal_123.jpg\" alt=\"Ana y Mar\u00eda Jos\u00e9 Pe\u00f1a con Erico Navazo, Jean Porsche y Pepe Leal\" width=\"768\" height=\"1024\"\/><b>Ana y Mar\u00eda Jos\u00e9 Pe\u00f1a con Erico Navazo, Jean Porsche y Pepe Leal<\/b>Cedida<\/p>\n<p>Ana Pe\u00f1a es tambi\u00e9n la directora de Azulejos Pe\u00f1a, una de las empresas m\u00e1s reconocidas en el sector de la cer\u00e1mica, pavimentos, revestimientos, sanitarios y grifer\u00eda. Con m\u00e1s de tres d\u00e9cadas en la empresa y un equipo de 210 empleados, la compa\u00f1\u00eda dispone de m\u00e1s de 12.000 m\u00b2 de exposiciones, y celebra m\u00e1s de un siglo de historia. Ana combina la herencia familiar con su formaci\u00f3n acad\u00e9mica: es licenciada en Derecho y M\u00e1ster en Direcci\u00f3n de Empresas, pero desde peque\u00f1a se sinti\u00f3 atra\u00edda por el interiorismo, el dise\u00f1o y la decoraci\u00f3n. Hoy observa con entusiasmo c\u00f3mo el sector ha evolucionado. \u00abVer cer\u00e1mica en escaparates de Gucci o Loewe me emociona\u00bb. Para ella, el hecho de que la cer\u00e1mica ocupe un lugar en la alta moda simboliza la evoluci\u00f3n y la valorizaci\u00f3n del oficio, algo que siempre ha perseguido como empresaria y defensora del dise\u00f1o. <b>Admira a las mujeres que como ella trabajan y llevan una familia con valores y aunque sabe que siempre ha tenido una posici\u00f3n privilegiada y ha sentido el peso del legado junto con su hermana, no tiene intenci\u00f3n de retirarse. <\/b><\/p>\n<p>Madre de familia<\/p>\n<p>Ana proyecta una fuerza tranquila. Quienes la conocen destacan su capacidad para motivar sin imponerse, su atenci\u00f3n al detalle y su lealtad. \u00abHe aprendido a tener paciencia y a no precipitarme. Sin eso, ning\u00fan proyecto tiene sentido\u00bb, afirma Pe\u00f1a que apuesta a que las mujeres en la empresa se midan por m\u00e9ritos y no por cupos. Esa filosof\u00eda se refleja tanto en su labor como empresaria como en la crianza de sus hijos. Madre de tres, Fernando (27 a\u00f1os) y los mellizos Carlos y Juan, apenas un a\u00f1o menores, ha sabido transmitirles la cultura del esfuerzo: <b>\u00abHan demostrado que saben gestionar, que tienen cabeza y coraz\u00f3n\u00bb, <\/b>explica haciendo referencia al gimnasio boutique que han montado en el barrio de Salamanca. \u00abTransforman vidas, la verdad. Hasta su padre se plantea apuntarse\u00bb.<\/p>\n<p>Esa es su herencia m\u00e1s valiosa. Su habilidad para equilibrar lo familiar y lo profesional tambi\u00e9n se refleja en su discreci\u00f3n: aunque se mueve en c\u00edrculos de alta sociedad, rara vez aparece en photocalls y prefiere que sea la marca y el \u00abtrabajo sostenido en el tiempo\u00bb los que hablen por ella.<b> \u00abHace poco saqu\u00e9 mi vida laboral y vi que podr\u00eda jubilarme, pero sigo llena de ideas\u00bb, zanja.<\/b><\/p>\n","protected":false},"excerpt":{"rendered":"Fue una tarde de emoci\u00f3n y de silencios, de las que no se olvidan. \u00abSab\u00eda que no iba&hellip;\n","protected":false},"author":2,"featured_media":184106,"comment_status":"","ping_status":"","sticky":false,"template":"","format":"standard","meta":{"footnotes":""},"categories":[277],"tags":[373,168,25,24,23,167,374],"class_list":{"0":"post-184105","1":"post","2":"type-post","3":"status-publish","4":"format-standard","5":"has-post-thumbnail","7":"category-toreo","8":"tag-bullfighting","9":"tag-deportes","10":"tag-es","11":"tag-espana","12":"tag-spain","13":"tag-sports","14":"tag-toreo"},"share_on_mastodon":{"url":"","error":""},"_links":{"self":[{"href":"https:\/\/www.europesays.com\/es\/wp-json\/wp\/v2\/posts\/184105","targetHints":{"allow":["GET"]}}],"collection":[{"href":"https:\/\/www.europesays.com\/es\/wp-json\/wp\/v2\/posts"}],"about":[{"href":"https:\/\/www.europesays.com\/es\/wp-json\/wp\/v2\/types\/post"}],"author":[{"embeddable":true,"href":"https:\/\/www.europesays.com\/es\/wp-json\/wp\/v2\/users\/2"}],"replies":[{"embeddable":true,"href":"https:\/\/www.europesays.com\/es\/wp-json\/wp\/v2\/comments?post=184105"}],"version-history":[{"count":0,"href":"https:\/\/www.europesays.com\/es\/wp-json\/wp\/v2\/posts\/184105\/revisions"}],"wp:featuredmedia":[{"embeddable":true,"href":"https:\/\/www.europesays.com\/es\/wp-json\/wp\/v2\/media\/184106"}],"wp:attachment":[{"href":"https:\/\/www.europesays.com\/es\/wp-json\/wp\/v2\/media?parent=184105"}],"wp:term":[{"taxonomy":"category","embeddable":true,"href":"https:\/\/www.europesays.com\/es\/wp-json\/wp\/v2\/categories?post=184105"},{"taxonomy":"post_tag","embeddable":true,"href":"https:\/\/www.europesays.com\/es\/wp-json\/wp\/v2\/tags?post=184105"}],"curies":[{"name":"wp","href":"https:\/\/api.w.org\/{rel}","templated":true}]}}