{"id":184109,"date":"2025-10-18T02:08:25","date_gmt":"2025-10-18T02:08:25","guid":{"rendered":"https:\/\/www.europesays.com\/es\/184109\/"},"modified":"2025-10-18T02:08:25","modified_gmt":"2025-10-18T02:08:25","slug":"fichaje-javier-cubillas-movistar-team-academy-ciclismo","status":"publish","type":"post","link":"https:\/\/www.europesays.com\/es\/184109\/","title":{"rendered":"FICHAJE JAVIER CUBILLAS MOVISTAR TEAM ACADEMY CICLISMO"},"content":{"rendered":"<p class=\"ft-text ft-helper-closenews\"><strong>Movistar Team<\/strong> ha confirmado oficialmente la primera promoci\u00f3n de su nuevo proyecto de formaci\u00f3n, <strong>Movistar Team Academy<\/strong>, una escuadra compuesta por 12 j\u00f3venes corredores de entre 17 y 21 a\u00f1os (media de 18 a\u00f1os) procedentes de seis pa\u00edses: Espa\u00f1a (6), Italia (2), Colombia (1), Costa Rica (1), Rep\u00fablica Checa (1) y Reino Unido (1). Y, entre los espa\u00f1oles, un representante de la provincia de Castell\u00f3n: <strong>Javier Cubillas<\/strong>.<\/p>\n<p class=\"ft-text\">El ciclista de la Vall d\u2019Uix\u00f3, <a class=\"ft-link ft-link--decoration\" href=\"https:\/\/www.elperiodicomediterraneo.com\/deportes\/2025\/10\/02\/javier-cubillas-diamante-vall-pulir-122171365.html\" target=\"_blank\" rel=\"nofollow noopener\">que ven\u00eda defendiendo los intereses del Baqu\u00e9 Movistar Team<\/a>, compartir\u00e1 de este modo experiencias y entrenamientos con Markel Aranaz, Sebasti\u00e1n Castro, Daniele Forlin, Jhonatan Guatibonza, Eric Igual, Lucas Jackson, Filip Novak, Roger Pareta, Tom\u00e1s Pombo, Mattia Proietti e Ibai Villate.<\/p>\n<p class=\"ft-text\">\u00abPresentamos un grupo muy ilusionante, con ciclistas j\u00f3venes que cuentan con un gran potencial de crecimiento. Algunos de ellos ya est\u00e1n mostrando una evoluci\u00f3n impresionante, y con el resto trabajaremos para que sigan el mismo camino, cada uno en su especialidad. Nuestro objetivo es ofrecerles un entorno de desarrollo ideal, en el que se sientan como en casa y dispongan de la libertad necesaria para seguir creciendo\u00bb, explica <strong>Manuel Mateo<\/strong>, director deportivo del nuevo Movistar Team Academy.<\/p>\n<p class=\"ft-text\">Cabe recordar que <strong>Cubillas<\/strong>, que ha estado muy centrado en la \u00faltima temporada en sus estudios, tuvo una actuaci\u00f3n destacada<a class=\"ft-link ft-link--decoration\" href=\"https:\/\/www.elperiodicomediterraneo.com\/deportes\/2025\/10\/03\/javier-cubillas-lucha-medallas-campeonato-122258343.html\" target=\"_blank\" rel=\"nofollow noopener\"> tanto en el Mundial de Ruanda como en el Europeo<\/a>, sum\u00f3 dos victorias este 2025. Motivos que han llevado al equipo madrile\u00f1o a contar con \u00e9l en este nuevo proyecto propio de formaci\u00f3n.<\/p>\n<p><img decoding=\"async\" src=\"https:\/\/www.europesays.com\/es\/wp-content\/uploads\/2025\/10\/3f052c81-c5d0-4db1-b87b-d4807e22b41f_alta-libre-aspect-ratio_default_0_x890y399.jpg\" width=\"1200\" height=\"800\" alt=\"Javier Cubillas, ciclista de la Vall d'Uix\u00f3.\" class=\"ft-helper-img-rd\" loading=\"lazy\" hasdataaida=\"true\"\/><\/p>\n<p class=\"ft-helper-fontColor-quaternary ft-helper-fontSize-body-S ft-helper-spacer-t-xxs\">Javier Cubillas, ciclista de la Vall d&#8217;Uix\u00f3.  \/ RFEC<\/p>\n<p class=\"ft-text\">\u00abLa confirmaci\u00f3n de este grupo de corredores es un paso importante para nuestra estructura. Queremos ofrecer a los j\u00f3venes un entorno profesional donde puedan crecer, aprender y dar sus primeros pasos hacia el m\u00e1ximo nivel. Este proyecto nace con una visi\u00f3n a largo plazo, centrada en acompa\u00f1arlos en su desarrollo deportivo y personal, siempre con los valores que definen a Movistar Team\u00bb, a\u00f1ade <strong>Sebasti\u00e1n Unzu\u00e9<\/strong>, manager general del proyecto.<\/p>\n<p data-close=\"closedContent\" class=\"subscribeHideForDisplay\">Suscr\u00edbete para seguir leyendo<\/p>\n","protected":false},"excerpt":{"rendered":"Movistar Team ha confirmado oficialmente la primera promoci\u00f3n de su nuevo proyecto de formaci\u00f3n, Movistar Team Academy, una&hellip;\n","protected":false},"author":2,"featured_media":184110,"comment_status":"","ping_status":"","sticky":false,"template":"","format":"standard","meta":{"footnotes":""},"categories":[273],"tags":[17766,313,10846,312,168,25,24,5264,13143,303,8660,23,167,1222],"class_list":{"0":"post-184109","1":"post","2":"type-post","3":"status-publish","4":"format-standard","5":"has-post-thumbnail","7":"category-ciclismo","8":"tag-academy","9":"tag-ciclismo","10":"tag-cubillas","11":"tag-cycling","12":"tag-deportes","13":"tag-es","14":"tag-espana","15":"tag-javier","16":"tag-la-vall-d","17":"tag-movistar","18":"tag-movistar-team","19":"tag-spain","20":"tag-sports","21":"tag-team"},"share_on_mastodon":{"url":"","error":""},"_links":{"self":[{"href":"https:\/\/www.europesays.com\/es\/wp-json\/wp\/v2\/posts\/184109","targetHints":{"allow":["GET"]}}],"collection":[{"href":"https:\/\/www.europesays.com\/es\/wp-json\/wp\/v2\/posts"}],"about":[{"href":"https:\/\/www.europesays.com\/es\/wp-json\/wp\/v2\/types\/post"}],"author":[{"embeddable":true,"href":"https:\/\/www.europesays.com\/es\/wp-json\/wp\/v2\/users\/2"}],"replies":[{"embeddable":true,"href":"https:\/\/www.europesays.com\/es\/wp-json\/wp\/v2\/comments?post=184109"}],"version-history":[{"count":0,"href":"https:\/\/www.europesays.com\/es\/wp-json\/wp\/v2\/posts\/184109\/revisions"}],"wp:featuredmedia":[{"embeddable":true,"href":"https:\/\/www.europesays.com\/es\/wp-json\/wp\/v2\/media\/184110"}],"wp:attachment":[{"href":"https:\/\/www.europesays.com\/es\/wp-json\/wp\/v2\/media?parent=184109"}],"wp:term":[{"taxonomy":"category","embeddable":true,"href":"https:\/\/www.europesays.com\/es\/wp-json\/wp\/v2\/categories?post=184109"},{"taxonomy":"post_tag","embeddable":true,"href":"https:\/\/www.europesays.com\/es\/wp-json\/wp\/v2\/tags?post=184109"}],"curies":[{"name":"wp","href":"https:\/\/api.w.org\/{rel}","templated":true}]}}