{"id":184111,"date":"2025-10-18T02:09:10","date_gmt":"2025-10-18T02:09:10","guid":{"rendered":"https:\/\/www.europesays.com\/es\/184111\/"},"modified":"2025-10-18T02:09:10","modified_gmt":"2025-10-18T02:09:10","slug":"que-es-una-carrera-sprint-de-la-formula-1","status":"publish","type":"post","link":"https:\/\/www.europesays.com\/es\/184111\/","title":{"rendered":"\u00bfQu\u00e9 es una carrera Sprint de la F\u00f3rmula 1?"},"content":{"rendered":"<p data-testid=\"paragraph\" class=\"mb-[20px] md:mb-[30px] break-word\">La <strong><a href=\"https:\/\/bolavip.com\/mx\/f1\" target=\"_blank\" rel=\"noreferrer noopener nofollow\" class=\"break-word font-articleLinkText text-articleLinkText hover:text-articleLinkTextHover hover:bg-articleLinkTextHoverBg cursor-pointer border-solid border-b-articleLinkTextHover\">F\u00f3rmula 1<\/a><\/strong> cuenta con dos tipos de carreras: la tradicional y la Sprint. La primera es la cita principal de cada Gran Premio y se corre los domingos. Sin embargo, desde 2021 tambi\u00e9n se corre la Sprint, una carrera at\u00edpica que solamente est\u00e1 presente en seis fechas por a\u00f1o y se lleva a cabo los s\u00e1bados. A continuaci\u00f3n, conoce de qu\u00e9 se trata.<\/p>\n<p data-testid=\"paragraph\" class=\"mb-[20px] md:mb-[30px] break-word\">La Sprint es un formato reciente que lleg\u00f3 a la F1 con la intenci\u00f3n de sumar espect\u00e1culo a lo largo de todo el fin de semana. <strong>Se trata de una carrera corta que no tiene paradas obligatorias ni estrategias de ne\u00famaticos<\/strong>. Adem\u00e1s, tambi\u00e9n otorga puntos tanto para el Mundial de Pilotos como para el Campeonato de Constructores.<\/p>\n<p data-testid=\"paragraph\" class=\"mb-[20px] md:mb-[30px] break-word\">Al igual que las carreras principales, tambi\u00e9n posee su propia clasificaci\u00f3n, pero el viernes. Por eso, cuando hay un Gran Premio que posee Sprint, el cronograma del fin de semana cambia dr\u00e1sticamente y se desarrolla de la siguiente manera:<\/p>\n<ul class=\"mb-[20px] md:mb-[30px] list-disc ps-10\">\n<li class=\"break-word\"><strong>Viernes<\/strong>: Pr\u00e1ctica Libre 1 y Sprint qualy<\/li>\n<li class=\"break-word\"><strong>S\u00e1bado<\/strong>: Carrera Sprint y Clasificaci\u00f3n<\/li>\n<li class=\"break-word\"><strong>Domingo<\/strong>: Carrera<\/li>\n<\/ul>\n<p><a title=\"Lewis Hamilton fue tajante sobre los rumores de Christian Horner a Ferrari\" href=\"https:\/\/bolavip.com\/mx\/f1\/lewis-hamilton-fue-tajante-sobre-los-rumores-de-christian-horner-a-ferrari\" target=\"_self\" rel=\"nofollow noopener\" class=\"article-also-read-embed\"><img decoding=\"async\" class=\"aspect-square max-w-[100px] m-[10px] md:m-0\" src=\"https:\/\/www.europesays.com\/es\/wp-content\/uploads\/2025\/10\/1760753350_511_image\" alt=\"Lewis Hamilton fue tajante sobre los rumores de Christian Horner a Ferrari\" width=\"200\" height=\"200\" loading=\"lazy\"\/><\/p>\n<p class=\"font-secondary my-[13px] uppercase text-alsoReadSeeAlso bg-alsoReadSeeAlsoBackground alsoReadSeeAlso w-fit\">ver tambi\u00e9n<\/p>\n<p class=\"w-full line-clamp-3 md:line-clamp-2 text-alsoReadEmbedTitle font-primary alsoReadLink\">Lewis Hamilton fue tajante sobre los rumores de Christian Horner a Ferrari<\/p>\n<p><\/a>As\u00ed se reparten los puntos en la carrera Sprint:<\/p>\n<ul class=\"mb-[20px] md:mb-[30px] list-disc ps-10\">\n<li class=\"break-word\">Primer lugar: 8 puntos<\/li>\n<li class=\"break-word\">Segundo lugar: 7 puntos<\/li>\n<li class=\"break-word\">Tercer lugar: 6 puntos<\/li>\n<li class=\"break-word\">Cuarto lugar: 5 puntos<\/li>\n<li class=\"break-word\">Quinto lugar: 4 puntos<\/li>\n<li class=\"break-word\">Sexto lugar: 3 puntos<\/li>\n<li class=\"break-word\">S\u00e9ptimo lugar: 2 puntos<\/li>\n<li class=\"break-word\">Octavo lugar: 1 punto<\/li>\n<\/ul>\n<p><img decoding=\"async\" src=\"https:\/\/www.europesays.com\/es\/wp-content\/uploads\/2025\/10\/BMX_20251017_BMX_374203_GettyImages-2213221093-1024x683_42daeee4.webp&#038;width=1024&#038;height=683.webp\" width=\"1024\" height=\"683\" alt=\"Lando Norris gan\u00f3 la Sprint de Miami 2025 (Getty Images)\" class=\"h-auto\" loading=\"lazy\"\/><\/p>\n<p class=\"text-center mt-5 text-[14px] leading-[20px] font-normal\">Lando Norris gan\u00f3 la Sprint de Miami 2025 (Getty Images)<\/p>\n<p>Las carreras Sprint de la temporada 2025 de la F1<\/p>\n<ul class=\"list-disc ps-10 mb-[20px] md:mb-[30px]\">\n<li class=\"break-word\">GP China | Ganador: Lewis Hamilton (Ferrari)<\/li>\n<li class=\"break-word\">GP Miami | Ganador: Lando Norris (McLaren)<\/li>\n<li class=\"break-word\">GP B\u00e9lgica | Ganador: Max Verstappen (Red Bull)<\/li>\n<li class=\"break-word\">GP Estados Unidos \u2013 18 de octubre<\/li>\n<li class=\"break-word\">GP Brasil \u2013 8 de noviembre<\/li>\n<li class=\"break-word\">GP Qatar \u2013 29 de noviembre<\/li>\n<\/ul>\n","protected":false},"excerpt":{"rendered":"La F\u00f3rmula 1 cuenta con dos tipos de carreras: la tradicional y la Sprint. La primera es la&hellip;\n","protected":false},"author":2,"featured_media":184112,"comment_status":"","ping_status":"","sticky":false,"template":"","format":"standard","meta":{"footnotes":""},"categories":[270],"tags":[168,25,24,306,271,272,47860,23,167],"class_list":{"0":"post-184111","1":"post","2":"type-post","3":"status-publish","4":"format-standard","5":"has-post-thumbnail","7":"category-formula-1","8":"tag-deportes","9":"tag-es","10":"tag-espana","11":"tag-f1","12":"tag-formula-1","13":"tag-formula1","14":"tag-gran-premio-de-estados-unidos","15":"tag-spain","16":"tag-sports"},"share_on_mastodon":{"url":"","error":""},"_links":{"self":[{"href":"https:\/\/www.europesays.com\/es\/wp-json\/wp\/v2\/posts\/184111","targetHints":{"allow":["GET"]}}],"collection":[{"href":"https:\/\/www.europesays.com\/es\/wp-json\/wp\/v2\/posts"}],"about":[{"href":"https:\/\/www.europesays.com\/es\/wp-json\/wp\/v2\/types\/post"}],"author":[{"embeddable":true,"href":"https:\/\/www.europesays.com\/es\/wp-json\/wp\/v2\/users\/2"}],"replies":[{"embeddable":true,"href":"https:\/\/www.europesays.com\/es\/wp-json\/wp\/v2\/comments?post=184111"}],"version-history":[{"count":0,"href":"https:\/\/www.europesays.com\/es\/wp-json\/wp\/v2\/posts\/184111\/revisions"}],"wp:featuredmedia":[{"embeddable":true,"href":"https:\/\/www.europesays.com\/es\/wp-json\/wp\/v2\/media\/184112"}],"wp:attachment":[{"href":"https:\/\/www.europesays.com\/es\/wp-json\/wp\/v2\/media?parent=184111"}],"wp:term":[{"taxonomy":"category","embeddable":true,"href":"https:\/\/www.europesays.com\/es\/wp-json\/wp\/v2\/categories?post=184111"},{"taxonomy":"post_tag","embeddable":true,"href":"https:\/\/www.europesays.com\/es\/wp-json\/wp\/v2\/tags?post=184111"}],"curies":[{"name":"wp","href":"https:\/\/api.w.org\/{rel}","templated":true}]}}