{"id":184113,"date":"2025-10-18T02:10:12","date_gmt":"2025-10-18T02:10:12","guid":{"rendered":"https:\/\/www.europesays.com\/es\/184113\/"},"modified":"2025-10-18T02:10:12","modified_gmt":"2025-10-18T02:10:12","slug":"las-palabras-de-pedro-martinez-tras-la-derrota-del-valencia-basket-ante-el-as-monaco","status":"publish","type":"post","link":"https:\/\/www.europesays.com\/es\/184113\/","title":{"rendered":"Las palabras de Pedro Mart\u00ednez tras la derrota del Valencia Basket ante el AS M\u00f3naco"},"content":{"rendered":"<p>Pedro Mart\u00ednez atendi\u00f3 a los medios en rueda de prensa despu\u00e9s de que el Valencia Basket perdiera ante el AS M\u00f3naco en la quinta jornada de la Euroliga. El conjunto valenciano se coloca con un balance de 2-3.<\/p>\n<p>La rueda de prensa de Pedro Mart\u00ednez tras caer en ante el AS M\u00f3naco<\/p>\n<p>\u00abLa primera mitad ha sido muy buena para ellos. Han jugado con buena intensidad, gan\u00e1ndonos en muchas situaciones de uno contra uno, con muchas canastas f\u00e1ciles. No est\u00e1bamos con nuestro ritmo, b\u00e1sicamente porque han a notado demasiado f\u00e1cilmente y luego es m\u00e1s dif\u00edcil correr. La segunda mitad fue completamente diferente\u00bb.<\/p>\n<p>\u00abHemos jugado con mejor defensa, les hemos forzado a perder m\u00e1s balones, hemos podido correr y hacer canastas f\u00e1ciles. La segunda mitad fue buena para nosotros, pero tuvimos la opci\u00f3n, tres minutos antes del final y hacemos un una p\u00e9rdida en una contra, fallado una bandeja a la contra tambi\u00e9n\u2026 y hemos tenido buenas opciones desde el triple, que hemos fallado. M\u00f3naco un gran equipo, tienen jugadores muy expertos, y en los \u00faltimos minutos han controlado la situaci\u00f3n\u00bb.<\/p>\n<p>\u00abDecepcionado, pero a la vez orgulloso, porque nuestra reacci\u00f3n en la segunda mitad fue buena. Mis jugadores lucharon, creo, los 40 minutos, quiz\u00e1s con mejor concentraci\u00f3n en la segunda mitad. Tuvimos algunos problemas para controlar el ritmo en la primera parte y defender el uno contra uno. En la segunda mitad estuvimos mejor y m\u00e1s a tono. Decepcionado porque finalmente es una derrota, pero la mentalidad de mis jugadores es muy buena\u00bb<\/p>\n<p style=\"text-align: right;\">Foto: Getty<\/p>\n<p><img decoding=\"async\" src=\"https:\/\/www.europesays.com\/es\/wp-content\/uploads\/2025\/10\/1760753409_229_mtracking.gif\" alt=\"Etiquetas de Mautic\" style=\"display:none;\"\/><\/p>\n<p><a href=\"https:\/\/www.gigantes.com\/tienda\/ultimos-numeros\/guia-euroliga-2025-26-no-1-561b-octubre-2025\/\" rel=\"nofollow noopener\" target=\"_blank\"><img loading=\"lazy\" decoding=\"async\" class=\"aligncenter wp-image-761458 size-large\" src=\"https:\/\/www.europesays.com\/es\/wp-content\/uploads\/2025\/10\/1760240049_281_INSTAGRAM-1024x1024.jpg.webp.webp\" alt=\"Gu\u00eda Euroliga\" width=\"680\" height=\"680\"  \/><\/a><\/p>\n<p>\t\t\t\t\t<img loading=\"lazy\" decoding=\"async\" src=\"https:\/\/www.europesays.com\/es\/wp-content\/uploads\/2025\/10\/mano.png\" width=\"60\" height=\"60\" alt=\"Deliza hacia abajo\"\/>Sigue deslizando hacia abajo para ver m\u00e1s contenidos<\/p>\n","protected":false},"excerpt":{"rendered":"Pedro Mart\u00ednez atendi\u00f3 a los medios en rueda de prensa despu\u00e9s de que el Valencia Basket perdiera ante&hellip;\n","protected":false},"author":2,"featured_media":184114,"comment_status":"","ping_status":"","sticky":false,"template":"","format":"standard","meta":{"footnotes":""},"categories":[269],"tags":[299,298,168,25,24,833,23,167,2916],"class_list":{"0":"post-184113","1":"post","2":"type-post","3":"status-publish","4":"format-standard","5":"has-post-thumbnail","7":"category-baloncesto","8":"tag-baloncesto","9":"tag-basketball","10":"tag-deportes","11":"tag-es","12":"tag-espana","13":"tag-euroliga","14":"tag-spain","15":"tag-sports","16":"tag-valencia-basket"},"share_on_mastodon":{"url":"","error":""},"_links":{"self":[{"href":"https:\/\/www.europesays.com\/es\/wp-json\/wp\/v2\/posts\/184113","targetHints":{"allow":["GET"]}}],"collection":[{"href":"https:\/\/www.europesays.com\/es\/wp-json\/wp\/v2\/posts"}],"about":[{"href":"https:\/\/www.europesays.com\/es\/wp-json\/wp\/v2\/types\/post"}],"author":[{"embeddable":true,"href":"https:\/\/www.europesays.com\/es\/wp-json\/wp\/v2\/users\/2"}],"replies":[{"embeddable":true,"href":"https:\/\/www.europesays.com\/es\/wp-json\/wp\/v2\/comments?post=184113"}],"version-history":[{"count":0,"href":"https:\/\/www.europesays.com\/es\/wp-json\/wp\/v2\/posts\/184113\/revisions"}],"wp:featuredmedia":[{"embeddable":true,"href":"https:\/\/www.europesays.com\/es\/wp-json\/wp\/v2\/media\/184114"}],"wp:attachment":[{"href":"https:\/\/www.europesays.com\/es\/wp-json\/wp\/v2\/media?parent=184113"}],"wp:term":[{"taxonomy":"category","embeddable":true,"href":"https:\/\/www.europesays.com\/es\/wp-json\/wp\/v2\/categories?post=184113"},{"taxonomy":"post_tag","embeddable":true,"href":"https:\/\/www.europesays.com\/es\/wp-json\/wp\/v2\/tags?post=184113"}],"curies":[{"name":"wp","href":"https:\/\/api.w.org\/{rel}","templated":true}]}}