{"id":184122,"date":"2025-10-18T02:16:10","date_gmt":"2025-10-18T02:16:10","guid":{"rendered":"https:\/\/www.europesays.com\/es\/184122\/"},"modified":"2025-10-18T02:16:10","modified_gmt":"2025-10-18T02:16:10","slug":"victoria-beckham-se-sincero-y-explico-por-que-no-se-reuniria-con-las-spice-girls","status":"publish","type":"post","link":"https:\/\/www.europesays.com\/es\/184122\/","title":{"rendered":"Victoria Beckham se sincer\u00f3 y explic\u00f3 por qu\u00e9 no se reunir\u00eda con las Spice Girls"},"content":{"rendered":"<p class=\"left paragraph font__body-regular\">Desde hace a\u00f1os, <b>los nost\u00e1lgicos esperan el regreso de <\/b><a href=\"https:\/\/tn.com.ar\/musica\/noticias\/2025\/08\/18\/blackpink-se-presento-en-londres-y-sorprendio-con-una-version-de-wannabe-de-las-spice-girls\/\" target=\"_self\" rel=\"nofollow noopener\" title=\"https:\/\/tn.com.ar\/musica\/noticias\/2025\/08\/18\/blackpink-se-presento-en-londres-y-sorprendio-con-una-version-de-wannabe-de-las-spice-girls\/\"><b>Spice Girls<\/b><\/a>, una de las girl bands m\u00e1s exitosas e ic\u00f3nicas del pop. Si bien tuvieron algunas apariciones p\u00fablicas en los \u00faltimos a\u00f1os, el grupo no se encuentra activo con sus miembros originales.<\/p>\n<p class=\"left paragraph font__body-regular\">Una de las razones por las que la banda no regresa con una gira es <b>la resistencia de <\/b><a href=\"https:\/\/tn.com.ar\/estilo\/celebridades\/2025\/10\/08\/victoria-beckham-cuenta-su-dificil-entrada-en-el-mundo-de-la-moda-quien-se-cree-que-es\/\" target=\"_self\" rel=\"nofollow noopener\" title=\"https:\/\/tn.com.ar\/estilo\/celebridades\/2025\/10\/08\/victoria-beckham-cuenta-su-dificil-entrada-en-el-mundo-de-la-moda-quien-se-cree-que-es\/\"><b>Victoria Beckham<\/b><\/a> quien, desde hace a\u00f1os se dedica al dise\u00f1o de indumentaria y al mundo de la moda. <\/p>\n<p class=\"left paragraph font__body-regular\"><b>Le\u00e9 tambi\u00e9n: <\/b><a href=\"https:\/\/tn.com.ar\/musica\/noticias\/2025\/10\/16\/el-doloroso-descargo-de-britney-spears-tras-las-acusaciones-de-su-ex-llegue-a-suplicar-por-ver-a-mis-hijos\/\" target=\"_self\" rel=\"nofollow noopener\" title=\"https:\/\/tn.com.ar\/musica\/noticias\/2025\/10\/16\/el-doloroso-descargo-de-britney-spears-tras-las-acusaciones-de-su-ex-llegue-a-suplicar-por-ver-a-mis-hijos\/\"><b>El doloroso descargo de Britney Spears tras las acusaciones de su ex: \u201cLlegu\u00e9 a suplicar por ver a mis hijos\u201d<\/b><\/a><\/p>\n<p class=\"left paragraph font__body-regular\">Fue en una reciente entrevista con SiriusXM que la esposa de David Beckham habl\u00f3 de <b>las razones por las que no volver\u00eda a cantar<\/b> y se la not\u00f3 visiblemente conmovida.<\/p>\n<p><img decoding=\"async\" loading=\"lazy\" fetchpriority=\"low\" data-testid=\"loading-testid\" class=\"image content-image image_placeholder\" alt=\"Victoria Beckham no quiere volver a la m\u00fasica (Foto: REUTERS\/Jaimi Joy)\" width=\"767\" height=\"511\" src=\"https:\/\/www.europesays.com\/es\/wp-content\/uploads\/2025\/10\/victoria-beckham-no-quiere-volver-a-la-musica-foto-reutersjaimi-joy-VHQ667XOQ2SXB6WVWSFVTXNDFQ.jpg\"\/><\/p>\n<p>Victoria Beckham no quiere volver a la m\u00fasica (Foto: REUTERS\/Jaimi Joy)<\/p>\n<p class=\"left paragraph font__body-regular\">Si bien en 2012 las<b> Spice Girls se presentaron en la clausura de las Olimp\u00edadas de verano<\/b> en Londres con un medley de dos canciones, Beckham asegur\u00f3 que no desea continuar por ese camino: <b>\u201cNo es lo que quiero seguir haciendo\u201d<\/b>.<\/p>\n<p class=\"left paragraph font__body-regular\">En este sentido, la dise\u00f1adora revel\u00f3 que fue a ver un show de Oasis recientemente y esto la hizo pensar en la posibilidad de hacer una gira y en todo lo que implica. \u201cEs tentador pero, <b>\u00bfpodr\u00eda encarar una gira mundial? No, no podr\u00eda. Tengo un trabajo<\/b>\u201c, asegur\u00f3.<\/p>\n<p class=\"left paragraph font__body-regular\">Emocionada, la artista tambi\u00e9n se sincer\u00f3 sobre los aspectos t\u00e9cnicos que hoy le resultar\u00edan complejos: <b>\u201cNo s\u00e9 si todav\u00eda puedo cantar, nunca fui tan genial pero&#8230;\u201d.<\/b><\/p>\n<p>Qu\u00e9 dijo Mel C sobre la reuni\u00f3n de Spice Girls<\/p>\n<p class=\"left paragraph font__body-regular\"><a href=\"https:\/\/tn.com.ar\/musica\/noticias\/2025\/02\/04\/mel-c-hablo-sobre-una-posible-reunion-de-las-spice-girls-vamos-es-hora\/\" target=\"_self\" rel=\"nofollow noopener\" title=\"https:\/\/tn.com.ar\/musica\/noticias\/2025\/02\/04\/mel-c-hablo-sobre-una-posible-reunion-de-las-spice-girls-vamos-es-hora\/\"><b>Mel C brind\u00f3 una entrevista<\/b><\/a> en febrero de este a\u00f1o donde habl\u00f3 sobre la cuesti\u00f3n e ilusion\u00f3 a los seguidores: \u201cEs hora de regresar\u201d. La cantante estuvo con Rebecca Judd en Apple Music 1, donde apareci\u00f3 para promocionar su pr\u00f3ximo disco solista.<\/p>\n<p class=\"left paragraph font__body-regular\">Durante la charla, seg\u00fan public\u00f3 NME, Judd le pregunt\u00f3 a la exintegrante de las Spice Girls sobre la posibilidad de juntarse con sus compa\u00f1eras, en especial por los<b> 30 a\u00f1os de la salida del simple debut \u201cWannabe\u201d.<\/b> Mel C explic\u00f3 que le encantar\u00eda organizar algo para celebrarlo: \u201cTiene que haber algo digno por los 30 a\u00f1os del tema\u201d.<\/p>\n<p><img decoding=\"async\" loading=\"lazy\" fetchpriority=\"low\" data-testid=\"loading-testid\" class=\"image content-image image_placeholder\" alt=\"Spice Girls. (Foto: archivo)\" width=\"767\" height=\"581\" src=\"https:\/\/www.europesays.com\/es\/wp-content\/uploads\/2025\/10\/spice-girls-foto-archivo-TQZHOCXKIFFWHAWCLVIDO5RY5U.jpg\"\/><\/p>\n<p>Spice Girls. (Foto: archivo)<\/p>\n<p class=\"left paragraph font__body-regular\">\u201cNos estamos reuniendo porque sabemos que si vamos a hacer algo, tenemos que empezar a planificar las cosas para hacerlo bien\u201d, sostuvo. La artista dej\u00f3 en claro que el resto de las integrantes est\u00e1n de acuerdo con el regreso. Y complet\u00f3: \u201c<b>Tenemos que empezar a hacer planes ahora mismo<\/b>y ponerlos en pr\u00e1ctica. As\u00ed que crucemos los dedos. Creo que Mel B y yo probablemente entraremos listas \u00a1<b>Vamos! \u00a1Es hora!\u201d.<\/b><\/p>\n","protected":false},"excerpt":{"rendered":"Desde hace a\u00f1os, los nost\u00e1lgicos esperan el regreso de Spice Girls, una de las girl bands m\u00e1s exitosas&hellip;\n","protected":false},"author":2,"featured_media":184123,"comment_status":"","ping_status":"","sticky":false,"template":"","format":"standard","meta":{"footnotes":""},"categories":[170],"tags":[146,147,25,24,184,185,23,7252,3063],"class_list":{"0":"post-184122","1":"post","2":"type-post","3":"status-publish","4":"format-standard","5":"has-post-thumbnail","7":"category-musica","8":"tag-entertainment","9":"tag-entretenimiento","10":"tag-es","11":"tag-espana","12":"tag-music","13":"tag-musica","14":"tag-spain","15":"tag-spice-girls","16":"tag-victoria-beckham"},"share_on_mastodon":{"url":"","error":""},"_links":{"self":[{"href":"https:\/\/www.europesays.com\/es\/wp-json\/wp\/v2\/posts\/184122","targetHints":{"allow":["GET"]}}],"collection":[{"href":"https:\/\/www.europesays.com\/es\/wp-json\/wp\/v2\/posts"}],"about":[{"href":"https:\/\/www.europesays.com\/es\/wp-json\/wp\/v2\/types\/post"}],"author":[{"embeddable":true,"href":"https:\/\/www.europesays.com\/es\/wp-json\/wp\/v2\/users\/2"}],"replies":[{"embeddable":true,"href":"https:\/\/www.europesays.com\/es\/wp-json\/wp\/v2\/comments?post=184122"}],"version-history":[{"count":0,"href":"https:\/\/www.europesays.com\/es\/wp-json\/wp\/v2\/posts\/184122\/revisions"}],"wp:featuredmedia":[{"embeddable":true,"href":"https:\/\/www.europesays.com\/es\/wp-json\/wp\/v2\/media\/184123"}],"wp:attachment":[{"href":"https:\/\/www.europesays.com\/es\/wp-json\/wp\/v2\/media?parent=184122"}],"wp:term":[{"taxonomy":"category","embeddable":true,"href":"https:\/\/www.europesays.com\/es\/wp-json\/wp\/v2\/categories?post=184122"},{"taxonomy":"post_tag","embeddable":true,"href":"https:\/\/www.europesays.com\/es\/wp-json\/wp\/v2\/tags?post=184122"}],"curies":[{"name":"wp","href":"https:\/\/api.w.org\/{rel}","templated":true}]}}