{"id":184134,"date":"2025-10-18T02:27:13","date_gmt":"2025-10-18T02:27:13","guid":{"rendered":"https:\/\/www.europesays.com\/es\/184134\/"},"modified":"2025-10-18T02:27:13","modified_gmt":"2025-10-18T02:27:13","slug":"alberto-alvarez-deja-la-profesion","status":"publish","type":"post","link":"https:\/\/www.europesays.com\/es\/184134\/","title":{"rendered":"Alberto \u00c1lvarez deja la profesi\u00f3n"},"content":{"rendered":"<p>            <a href=\"https:\/\/www.lascosasdeltoro.com\/wp-content\/uploads\/2025\/10\/Alberto-Alvarez.jpg\" data-caption=\"Screenshot\" rel=\"nofollow noopener\" target=\"_blank\"><img loading=\"lazy\" decoding=\"async\" width=\"696\" height=\"850\" class=\"entry-thumb td-modal-image\" src=\"https:\/\/www.europesays.com\/es\/wp-content\/uploads\/2025\/10\/Alberto-Alvarez-696x850.jpg\"   alt=\"\" title=\"Screenshot\"\/><\/a>Screenshot<\/p>\n<p>El matador de toros <strong>Alberto \u00c1lvarez<\/strong> ha tomado la decisi\u00f3n de retirarse despu\u00e9s de torear en la Feria del Pilar de Zaragoza el pasado d\u00eda 12 de este mes de octubre.<\/p>\n<p>Alberto <strong>\u00c1lvarez<\/strong>  ha tenido una carrera marcada por momentos buenos y otros no tan buenos.<\/p>\n<p>Esta retirada ha sonado menos debido a las tan recientes tambi\u00e9n del Maestro Morante de La Puebla, Fernando Roble\u00f1o, Cayetano Rivera y algunos picadores y banderilleros.<\/p>\n<p><strong>Alberto \u00c1lvarez<\/strong> ha completado temporadas de un buen n\u00famero de festejos pero estos no han tenido el calado suficiente en las empresas, lo que ha hecho que este se retire definitivamente del mundo del toreo, como matador de toros.<\/p>\n<p>Deseamos lo mejor en esta nueva vida y que seg\u00fan sus propios comentarios estar\u00e1 muy cerca o dentro de lo que rodea a este apasionante mundo taurino.<\/p>\n<p>Inform\u00f3: ROGELIO BURNAO. Granada. Foto: Archivo<\/p>\n<p><a href=\"#\"><img decoding=\"async\" src=\"https:\/\/www.lascosasdeltoro.com\/wp-content\/uploads\/2016\/10\/rec728.jpg\"\/><\/a>        <\/p>\n","protected":false},"excerpt":{"rendered":"Screenshot El matador de toros Alberto \u00c1lvarez ha tomado la decisi\u00f3n de retirarse despu\u00e9s de torear en la&hellip;\n","protected":false},"author":2,"featured_media":184135,"comment_status":"","ping_status":"","sticky":false,"template":"","format":"standard","meta":{"footnotes":""},"categories":[277],"tags":[373,168,25,24,23,167,374],"class_list":{"0":"post-184134","1":"post","2":"type-post","3":"status-publish","4":"format-standard","5":"has-post-thumbnail","7":"category-toreo","8":"tag-bullfighting","9":"tag-deportes","10":"tag-es","11":"tag-espana","12":"tag-spain","13":"tag-sports","14":"tag-toreo"},"share_on_mastodon":{"url":"","error":""},"_links":{"self":[{"href":"https:\/\/www.europesays.com\/es\/wp-json\/wp\/v2\/posts\/184134","targetHints":{"allow":["GET"]}}],"collection":[{"href":"https:\/\/www.europesays.com\/es\/wp-json\/wp\/v2\/posts"}],"about":[{"href":"https:\/\/www.europesays.com\/es\/wp-json\/wp\/v2\/types\/post"}],"author":[{"embeddable":true,"href":"https:\/\/www.europesays.com\/es\/wp-json\/wp\/v2\/users\/2"}],"replies":[{"embeddable":true,"href":"https:\/\/www.europesays.com\/es\/wp-json\/wp\/v2\/comments?post=184134"}],"version-history":[{"count":0,"href":"https:\/\/www.europesays.com\/es\/wp-json\/wp\/v2\/posts\/184134\/revisions"}],"wp:featuredmedia":[{"embeddable":true,"href":"https:\/\/www.europesays.com\/es\/wp-json\/wp\/v2\/media\/184135"}],"wp:attachment":[{"href":"https:\/\/www.europesays.com\/es\/wp-json\/wp\/v2\/media?parent=184134"}],"wp:term":[{"taxonomy":"category","embeddable":true,"href":"https:\/\/www.europesays.com\/es\/wp-json\/wp\/v2\/categories?post=184134"},{"taxonomy":"post_tag","embeddable":true,"href":"https:\/\/www.europesays.com\/es\/wp-json\/wp\/v2\/tags?post=184134"}],"curies":[{"name":"wp","href":"https:\/\/api.w.org\/{rel}","templated":true}]}}