{"id":184138,"date":"2025-10-18T02:31:23","date_gmt":"2025-10-18T02:31:23","guid":{"rendered":"https:\/\/www.europesays.com\/es\/184138\/"},"modified":"2025-10-18T02:31:23","modified_gmt":"2025-10-18T02:31:23","slug":"el-giro-de-carlos-verona-dibuja-un-ciclista-confiable","status":"publish","type":"post","link":"https:\/\/www.europesays.com\/es\/184138\/","title":{"rendered":"El Giro de Carlos Verona dibuja un ciclista confiable \u00a0"},"content":{"rendered":"<p>\t\t\t\t\t\t\t\t\t\t\t\t\t\t<strong><a href=\"https:\/\/www.dtswiss.com\/es\" rel=\"nofollow noopener\" target=\"_blank\"><img loading=\"lazy\" decoding=\"async\" class=\"aligncenter wp-image-65007 size-full\" src=\"data:image\/svg+xml,%3Csvg%20xmlns=\" http:=\"\" alt=\"\" width=\"1024\" height=\"140\" data-lazy- data-lazy- data-lazy-src=\"https:\/\/www.europesays.com\/es\/wp-content\/uploads\/2025\/10\/joanseguidor-1024x140px-es-erc1100.png\"\/><\/a><\/strong><br \/>\n<strong>No es la primera vez que Van Schip desaf\u00eda las normas con la bicicleta<\/strong><\/p>\n<p data-start=\"212\" data-end=\"690\">Jan-Willem van Schip, neerland\u00e9s de 31 a\u00f1os del equipo continental Parkhotel Valkenburg, quiz\u00e1s no destaque por sus victorias, pero s\u00ed por jugar al l\u00edmite con la UCI y sus reglas t\u00e9cnicas.<\/p>\n<p data-start=\"212\" data-end=\"690\"><strong>Este mi\u00e9rcoles sum\u00f3 la tercera descalificaci\u00f3n de su carrera en la primera etapa del Tour de Holanda<\/strong>, una carrera de final de temporada que, admito, nos pilla un poco a contrapi\u00e9.<\/p>\n<p data-start=\"212\" data-end=\"690\">La situaci\u00f3n fue parad\u00f3jica: el jurado local dio el \u201cok\u201d a su bicicleta, pero un llamado desde Suiza orden\u00f3 su expulsi\u00f3n.<\/p>\n<p><a class=\"wppaslink\" href=\"https:\/\/joanseguidor.com\/pas\/ccmm-valenciana\/44016\/0\" target=\"_blank\" rel=\"nofollow noopener\"><img decoding=\"async\" src=\"data:image\/svg+xml,%3Csvg%20xmlns=\" http:=\"\" alt=\"CCMM Valenciana\" border=\"0\" data-lazy-src=\"https:\/\/www.europesays.com\/es\/wp-content\/uploads\/2025\/10\/1760754682_490_tl-joanseguidorcom-1024x140-1.png\"\/><\/a><\/p>\n<p data-start=\"692\" data-end=\"1454\">El motivo oficial fue una tija de sill\u00edn \u201cilegal\u201d, un tubo que une el sill\u00edn con el cuadro y que en el caso de Van Schip se curva hacia adelante, desplazando el sill\u00edn en posici\u00f3n m\u00e1s delantera y agresiva, cercana a la de una bici de contrarreloj.<\/p>\n<p data-start=\"692\" data-end=\"1454\"><strong>La fuga del ciclista fue captada por las c\u00e1maras, y pese a la atenci\u00f3n medi\u00e1tica<\/strong>, no fue su manillar estrecho, tambi\u00e9n inusual, lo que provoc\u00f3 la sanci\u00f3n.<\/p>\n<p data-start=\"692\" data-end=\"1454\">El equipo apel\u00f3, mostrando documentaci\u00f3n que acredita que la tija ha sido usada por Van Schip durante a\u00f1os y registrada ante la UCI.<\/p>\n<p data-start=\"692\" data-end=\"1454\">Paul Tabak, m\u00e1nager del equipo, asegur\u00f3 que la decisi\u00f3n no la tomaron los comisarios sobre el terreno, sino desde la sede en Suiza, y subray\u00f3 que no hay prohibici\u00f3n expl\u00edcita sobre la orientaci\u00f3n de la tija en el reglamento.<\/p>\n<p data-start=\"1456\" data-end=\"1974\"><strong>No es la primera vez que Van Schip desaf\u00eda las normas con la bicicleta<\/strong>: en 2024 fue descalificado del Heistse Pijl por un manillar antirreglamentario y en 2021 en el Tour de B\u00e9lgica. I<\/p>\n<p data-start=\"1456\" data-end=\"1974\">ncluso en pista ha tenido pol\u00e9micas, como en la final de Madison de los Juegos Ol\u00edmpicos de 2024, donde fue expulsado tras un golpe a su rival brit\u00e1nico Ollie Wood.<\/p>\n<p data-start=\"1456\" data-end=\"1974\"><strong>Su obsesi\u00f3n por los setups extremos parece destinada a mejorar aerodin\u00e1mica y posici\u00f3n sobre la bicicleta<\/strong>, aunque, seg\u00fan la UCI, tambi\u00e9n afecta el centro de gravedad y aumenta riesgos.<\/p>\n<p data-start=\"1456\" data-end=\"1974\"><a href=\"https:\/\/www.turismodecastellon.com\/es\/que-hacer\/rutaCicloturismo\" rel=\"nofollow noopener\" target=\"_blank\"><img loading=\"lazy\" decoding=\"async\" class=\"aligncenter wp-image-66569 size-medium\" src=\"data:image\/svg+xml,%3Csvg%20xmlns=\" http:=\"\" alt=\"\" width=\"300\" height=\"293\" data-lazy- data-lazy- data-lazy-src=\"https:\/\/www.europesays.com\/es\/wp-content\/uploads\/2025\/10\/bn-castellon-cycling-1024x1000-3-300x293.gif\"\/><\/a><strong>Van Schip encarna la tensi\u00f3n entre innovaci\u00f3n y normativa, entre creatividad y reglamento<\/strong>.<\/p>\n<p data-start=\"1456\" data-end=\"1974\">Su bicicleta es laboratorio, su carrera un ensayo de audacia, y sus problemas con la UCI, una muestra de c\u00f3mo el ciclismo moderno, t\u00e9cnico y reglamentado, siempre encuentra a alguien dispuesto a mirar los l\u00edmites\u2026 y cruzarlos.<\/p>\n<p data-start=\"1456\" data-end=\"1974\">Mientras la apelaci\u00f3n sigue, \u00e9l sigue pedaleando, provocando debate y fascinaci\u00f3n, recordando que, en este deporte, no solo ganan los m\u00e1s fuertes, sino tambi\u00e9n los que se atreven a desafiar las reglas.<\/p>\n<p data-start=\"1976\" data-end=\"2497\"><a href=\"https:\/\/terresdelebre.travel\/cycling\/es\/deportivo\" target=\"_blank\" rel=\"noopener nofollow\"><img loading=\"lazy\" decoding=\"async\" class=\"aligncenter\" src=\"data:image\/svg+xml,%3Csvg%20xmlns=\" http:=\"\" alt=\"\" width=\"1024\" height=\"400\" data-lazy-src=\"https:\/\/www.europesays.com\/es\/wp-content\/uploads\/2025\/10\/1024x400-cicloturisme-joanseguidor.jpg\"\/><\/a><\/p>\n","protected":false},"excerpt":{"rendered":"No es la primera vez que Van Schip desaf\u00eda las normas con la bicicleta Jan-Willem van Schip, neerland\u00e9s&hellip;\n","protected":false},"author":2,"featured_media":184139,"comment_status":"","ping_status":"","sticky":false,"template":"","format":"standard","meta":{"footnotes":""},"categories":[273],"tags":[48604,313,312,168,25,24,2548,17139,23,167],"class_list":{"0":"post-184138","1":"post","2":"type-post","3":"status-publish","4":"format-standard","5":"has-post-thumbnail","7":"category-ciclismo","8":"tag-carlos-verona","9":"tag-ciclismo","10":"tag-cycling","11":"tag-deportes","12":"tag-es","13":"tag-espana","14":"tag-featured","15":"tag-giroitalia","16":"tag-spain","17":"tag-sports"},"share_on_mastodon":{"url":"","error":""},"_links":{"self":[{"href":"https:\/\/www.europesays.com\/es\/wp-json\/wp\/v2\/posts\/184138","targetHints":{"allow":["GET"]}}],"collection":[{"href":"https:\/\/www.europesays.com\/es\/wp-json\/wp\/v2\/posts"}],"about":[{"href":"https:\/\/www.europesays.com\/es\/wp-json\/wp\/v2\/types\/post"}],"author":[{"embeddable":true,"href":"https:\/\/www.europesays.com\/es\/wp-json\/wp\/v2\/users\/2"}],"replies":[{"embeddable":true,"href":"https:\/\/www.europesays.com\/es\/wp-json\/wp\/v2\/comments?post=184138"}],"version-history":[{"count":0,"href":"https:\/\/www.europesays.com\/es\/wp-json\/wp\/v2\/posts\/184138\/revisions"}],"wp:featuredmedia":[{"embeddable":true,"href":"https:\/\/www.europesays.com\/es\/wp-json\/wp\/v2\/media\/184139"}],"wp:attachment":[{"href":"https:\/\/www.europesays.com\/es\/wp-json\/wp\/v2\/media?parent=184138"}],"wp:term":[{"taxonomy":"category","embeddable":true,"href":"https:\/\/www.europesays.com\/es\/wp-json\/wp\/v2\/categories?post=184138"},{"taxonomy":"post_tag","embeddable":true,"href":"https:\/\/www.europesays.com\/es\/wp-json\/wp\/v2\/tags?post=184138"}],"curies":[{"name":"wp","href":"https:\/\/api.w.org\/{rel}","templated":true}]}}