{"id":184140,"date":"2025-10-18T02:32:08","date_gmt":"2025-10-18T02:32:08","guid":{"rendered":"https:\/\/www.europesays.com\/es\/184140\/"},"modified":"2025-10-18T02:32:08","modified_gmt":"2025-10-18T02:32:08","slug":"hamilton-dice-que-tiene-un-gran-reto-por-delante-tras-el-8-puesto-en-la-sq3-de-austin-noticia-de-f1","status":"publish","type":"post","link":"https:\/\/www.europesays.com\/es\/184140\/","title":{"rendered":"Hamilton dice que tiene un gran reto por delante tras el 8\u00b0 puesto en la SQ3 de Austin &#8211; Noticia de F1"},"content":{"rendered":"<p><strong>Ferrari<\/strong> no atraviesa una temporada destacada en la<strong> F\u00f3rmula 1 <\/strong>y se esperaba mucho m\u00e1s, especialmente, de <strong>Lewis Hamilton<\/strong>, llegado desde <strong>Mercedes <\/strong>para este a\u00f1o, y que hab\u00eda causado una explosi\u00f3n de expectativas en todos los seguidores de la escuder\u00eda de <strong>Maranello<\/strong>.<\/p>\n<p>\ud83d\udfe5\u00a0<strong>\u00a1Todas las novedades te esperan en el canal de\u00a0<\/strong><a href=\"https:\/\/www.youtube.com\/@GrandePremioES\" rel=\"nofollow noopener\" target=\"_blank\">YouTube<\/a><strong>\u00a0de Grande Pr\u00eamio en Espa\u00f1ol!<\/strong>\u00a0\ud83d\udfe8<\/p>\n<p>Hamilton fue apenas octavo en la clasificaci\u00f3n de la carrera sprint del <strong>GP de Estados Unidos<\/strong> de este viernes, y dijo que espera un fin de semana complicado porque tiene un coche que es muy dif\u00edcil de manejar. A ocho d\u00e9cimas de <strong>Max Verstappen<\/strong>, autor de la pole con <strong>Red Bull<\/strong>, tiene claro que hay demasiado que trabajar a\u00fan.<\/p>\n<p><strong>\u00abDefinitivamente, este no era el ritmo que esper\u00e1bamos. En la primera sesi\u00f3n, el coche parec\u00eda bastante competitivo, pero luego empezamos a perder rendimiento\u00bb,<\/strong> lament\u00f3 Hamilton tras una complicada clasificaci\u00f3n sprint en <strong>Austin<\/strong>, Texas.<\/p>\n<p><strong>\u00abEl coche es realmente dif\u00edcil de conducir. Nos dej\u00f3 atr\u00e1s. 0,8 segundos: tenemos un reto por delante\u00bb<\/strong>, concluy\u00f3 el compa\u00f1ero de <strong>Charles Leclerc<\/strong>, que finaliz\u00f3 d\u00e9cimo en la SQ3 de esta tarde, a casi un segundo de Verstappen. <\/p>\n<p>\u23e9\u00a0<strong>\u00a1Seguinos en redes por\u00a0<\/strong><a href=\"https:\/\/twitter.com\/grandepremioES\" rel=\"nofollow noopener\" target=\"_blank\">Twitter\u00a0<\/a><strong>e\u00a0<\/strong><a href=\"https:\/\/www.instagram.com\/grandepremioes\/\" rel=\"nofollow noopener\" target=\"_blank\">Instagram!<br \/><\/a>\u23e9\u00a0<strong>Adem\u00e1s, tenemos nuestro\u00a0<\/strong><a href=\"https:\/\/whatsapp.com\/channel\/0029VaDZ5zb0gcfDxuwxBM05\" rel=\"nofollow noopener\" target=\"_blank\">canal de Whatsapp<\/a><strong>\u00a0con toda la informaci\u00f3n al instante<\/strong>\u00a0\ud83c\udfc1<\/p>\n<p>La F1 volver\u00e1 ma\u00f1ana a la pista de Austin para la disputa de la carrera sprint desde las 14:00, hora de Brasilia y Buenos Aires, con la cobertura de GRANDE PREMIO en Espa\u00f1ol.<\/p>\n<p>      <script async src=\"https:\/\/platform.twitter.com\/widgets.js\" charset=\"utf-8\"><\/script><script async src=\"\/\/www.instagram.com\/embed.js\"><\/script><\/p>\n","protected":false},"excerpt":{"rendered":"Ferrari no atraviesa una temporada destacada en la F\u00f3rmula 1 y se esperaba mucho m\u00e1s, especialmente, de Lewis&hellip;\n","protected":false},"author":2,"featured_media":184141,"comment_status":"","ping_status":"","sticky":false,"template":"","format":"standard","meta":{"footnotes":""},"categories":[270],"tags":[168,25,24,306,271,272,23,167],"class_list":{"0":"post-184140","1":"post","2":"type-post","3":"status-publish","4":"format-standard","5":"has-post-thumbnail","7":"category-formula-1","8":"tag-deportes","9":"tag-es","10":"tag-espana","11":"tag-f1","12":"tag-formula-1","13":"tag-formula1","14":"tag-spain","15":"tag-sports"},"share_on_mastodon":{"url":"","error":""},"_links":{"self":[{"href":"https:\/\/www.europesays.com\/es\/wp-json\/wp\/v2\/posts\/184140","targetHints":{"allow":["GET"]}}],"collection":[{"href":"https:\/\/www.europesays.com\/es\/wp-json\/wp\/v2\/posts"}],"about":[{"href":"https:\/\/www.europesays.com\/es\/wp-json\/wp\/v2\/types\/post"}],"author":[{"embeddable":true,"href":"https:\/\/www.europesays.com\/es\/wp-json\/wp\/v2\/users\/2"}],"replies":[{"embeddable":true,"href":"https:\/\/www.europesays.com\/es\/wp-json\/wp\/v2\/comments?post=184140"}],"version-history":[{"count":0,"href":"https:\/\/www.europesays.com\/es\/wp-json\/wp\/v2\/posts\/184140\/revisions"}],"wp:featuredmedia":[{"embeddable":true,"href":"https:\/\/www.europesays.com\/es\/wp-json\/wp\/v2\/media\/184141"}],"wp:attachment":[{"href":"https:\/\/www.europesays.com\/es\/wp-json\/wp\/v2\/media?parent=184140"}],"wp:term":[{"taxonomy":"category","embeddable":true,"href":"https:\/\/www.europesays.com\/es\/wp-json\/wp\/v2\/categories?post=184140"},{"taxonomy":"post_tag","embeddable":true,"href":"https:\/\/www.europesays.com\/es\/wp-json\/wp\/v2\/tags?post=184140"}],"curies":[{"name":"wp","href":"https:\/\/api.w.org\/{rel}","templated":true}]}}