{"id":184148,"date":"2025-10-18T02:37:20","date_gmt":"2025-10-18T02:37:20","guid":{"rendered":"https:\/\/www.europesays.com\/es\/184148\/"},"modified":"2025-10-18T02:37:20","modified_gmt":"2025-10-18T02:37:20","slug":"con-16-anos-estudiante-de-prepatec-lanza-su-cuarta-obra-literaria","status":"publish","type":"post","link":"https:\/\/www.europesays.com\/es\/184148\/","title":{"rendered":"Con 16 a\u00f1os, estudiante de PrepaTec lanza su cuarta obra literaria"},"content":{"rendered":"<p>Lorenzo de la Garza\u00a0<strong>escribi\u00f3 su primer libro<\/strong>\u00a0cuando ten\u00eda solo 10 a\u00f1os, y hoy, a sus 16 present\u00f3 en la<a href=\"https:\/\/www.instagram.com\/ferialibromty\/\" rel=\"nofollow noopener\" target=\"_blank\"> FIL Monterrey 2025<\/a> su cuarta obra literaria: <strong>The Kingdoms.<\/strong><\/p>\n<p>Este, es el primer libro de la segunda trilog\u00eda que tiene planeada, la cual, asegur\u00f3, refleja su crecimiento como escritor en comparaci\u00f3n con su primera saga llamada Zombie Track<strong>.<\/strong><\/p>\n<p>Lo que comenz\u00f3 como una actividad para aprovechar el tiempo libre, se convirti\u00f3 en una pasi\u00f3n que lo tiene en su segunda FIL Mty despu\u00e9s de la de 2023.<\/p>\n<p>\u201cCuando ten\u00eda\u00a0<strong>6 o 7 a\u00f1os\u00a0<\/strong>empec\u00e9 a escribir historias muy cortas en la escuela para pasar el rato.<\/p>\n<p>\u201cEn el 2020, durante la pandemia buscaba en qu\u00e9 ocupar mi tiempo y fue que comenc\u00e9 a escribir cuentos cada vez m\u00e1s largos\u201d, detall\u00f3 el estudiante de primer semestre de la <a href=\"https:\/\/www.instagram.com\/prepatecsct\/\" rel=\"nofollow noopener\" target=\"_blank\"><strong>PrepaTec Santa Catarina<\/strong><\/a>.<\/p>\n<p>\u00a0<\/p>\n<p>\u00a0<\/p>\n<p>Para su segundo proyecto, que inicia con The Kingdoms, Lorenzo decidi\u00f3 construir un <strong>mundo fant\u00e1stico<\/strong> motivado por crear una historia que reflejara lo que ve en su imaginaci\u00f3n.<\/p>\n<p>\u201cThe Kingdoms naci\u00f3 completamente de mi imaginaci\u00f3n. Comenc\u00e9 a crear tramas, personajes y escenarios.<\/p>\n<p>\u201cQuer\u00eda que el libro siguiera la historia de un <strong>pr\u00edncipe rebelde<\/strong> que busca salvar las tierras de un mal, esa fue la idea que mantuve desde el inicio\u201d, coment\u00f3.<\/p>\n<p>\u00a0<\/p>\n<blockquote>\n<p><strong>\u00abQuiero que otros j\u00f3venes se sientan motivados a crear sus propias historias\u00bb.<\/strong><\/p>\n<\/blockquote>\n<p>\u00a0<\/p>\n<p><strong>Comparte proceso creativo\u00a0<\/strong><\/p>\n<p>Durante la presentaci\u00f3n del libro realizada el 12 de octubre, <strong>Lorenzo de la Garza<\/strong> comparti\u00f3 c\u00f3mo fue su proceso para escribir su \u00faltima obra.<\/p>\n<p>\u201cHubo una gran evoluci\u00f3n entre el Lorenzo que comenz\u00f3 a escribir esta novela, porque ten\u00eda 12 a\u00f1os, al que soy ahorita.<\/p>\n<p>\u201cParte de esa <strong>evoluci\u00f3n<\/strong> se la fui transmitiendo al personaje personal, as\u00ed que siento mayor madurez en esta redacci\u00f3n porque fue un crecimiento m\u00edo y de mis personajes\u201d, expres\u00f3.<\/p>\n<p>Mencion\u00f3 que otra de sus motivaciones para escribir viene de querer <strong>inspirar a m\u00e1s j\u00f3venes<\/strong> a buscar su pasi\u00f3n.<\/p>\n<p>\u201cMe gusta pensar que estoy haciendo un cambio con lo que hago, quiero que otros j\u00f3venes se sientan motivados a<strong> crear sus propias historias<\/strong>.\u00a0<\/p>\n<p>\u201cQue se dejen llevar y aprendan que no todos los grandes proyectos arrancan cuando eres adulto\u201d, afirm\u00f3.<\/p>\n<p>\u00a0<\/p>\n<p><img decoding=\"async\" alt=\"The Kingdoms, Lorenzo de la Garza.\" data-entity-type=\"file\" data-entity-uuid=\"2f1232fc-fbb5-4abe-b36e-ed82796c4c22\" height=\"600\" src=\"https:\/\/www.europesays.com\/es\/wp-content\/uploads\/2025\/10\/the-kingdoms-lorenzo-de-la-garza-prepa-tec.jpg\" width=\"900\" loading=\"lazy\"\/><br \/>\nLorenzo de la Garza present\u00f3 &#8216;The Kingdoms&#8217; en la FIL MTY 2025. Foto: Martha Mariano.<\/p>\n<p>\u00a0<\/p>\n<p>\u00a0<\/p>\n<blockquote>\n<p><strong>\u201cQuer\u00eda que el libro siguiera la historia de un pr\u00edncipe rebelde que busca salvar las tierras de un mal\u00bb.<\/strong><\/p>\n<\/blockquote>\n<p>\u00a0<\/p>\n<p><strong>Sobre The Kingdoms\u00a0<\/strong><\/p>\n<p>The Kingdoms, relata una <strong>historia de fantas\u00eda <\/strong>ambientada en un mundo m\u00e1gico dividido por la guerra, donde un joven pr\u00edncipe debe unir los reinos enfrentados para salvar sus tierras de una amenaza que regresa del pasado.<\/p>\n<p>\u201cLa historia est\u00e1 llena de aventura, emoci\u00f3n y esperanza. Este libro representa para m\u00ed, <strong>m\u00e1s que una historia<\/strong>.<\/p>\n<p>\u201cEs el resultado de a\u00f1os de dedicaci\u00f3n, de <strong>inspiraci\u00f3n y de constancia<\/strong>; est\u00e1 pensado para todos los que aman so\u00f1ar, crear y dejarse llevar por la magia de los libros\u201d, a\u00f1adi\u00f3.<\/p>\n<p>\u00a0<\/p>\n<p>\u00a0LEE M\u00c1S:<br \/>\n<script async src=\"\/\/www.instagram.com\/embed.js\"><\/script><\/p>\n","protected":false},"excerpt":{"rendered":"Lorenzo de la Garza\u00a0escribi\u00f3 su primer libro\u00a0cuando ten\u00eda solo 10 a\u00f1os, y hoy, a sus 16 present\u00f3 en&hellip;\n","protected":false},"author":2,"featured_media":184149,"comment_status":"","ping_status":"","sticky":false,"template":"","format":"standard","meta":{"footnotes":""},"categories":[172],"tags":[224,146,147,25,5235,24,51529,225,671,23],"class_list":{"0":"post-184148","1":"post","2":"type-post","3":"status-publish","4":"format-standard","5":"has-post-thumbnail","7":"category-libros","8":"tag-books","9":"tag-entertainment","10":"tag-entretenimiento","11":"tag-es","12":"tag-escritor","13":"tag-espana","14":"tag-feria-internacional-del-libro-de-monterrey","15":"tag-libros","16":"tag-literatura","17":"tag-spain"},"share_on_mastodon":{"url":"","error":""},"_links":{"self":[{"href":"https:\/\/www.europesays.com\/es\/wp-json\/wp\/v2\/posts\/184148","targetHints":{"allow":["GET"]}}],"collection":[{"href":"https:\/\/www.europesays.com\/es\/wp-json\/wp\/v2\/posts"}],"about":[{"href":"https:\/\/www.europesays.com\/es\/wp-json\/wp\/v2\/types\/post"}],"author":[{"embeddable":true,"href":"https:\/\/www.europesays.com\/es\/wp-json\/wp\/v2\/users\/2"}],"replies":[{"embeddable":true,"href":"https:\/\/www.europesays.com\/es\/wp-json\/wp\/v2\/comments?post=184148"}],"version-history":[{"count":0,"href":"https:\/\/www.europesays.com\/es\/wp-json\/wp\/v2\/posts\/184148\/revisions"}],"wp:featuredmedia":[{"embeddable":true,"href":"https:\/\/www.europesays.com\/es\/wp-json\/wp\/v2\/media\/184149"}],"wp:attachment":[{"href":"https:\/\/www.europesays.com\/es\/wp-json\/wp\/v2\/media?parent=184148"}],"wp:term":[{"taxonomy":"category","embeddable":true,"href":"https:\/\/www.europesays.com\/es\/wp-json\/wp\/v2\/categories?post=184148"},{"taxonomy":"post_tag","embeddable":true,"href":"https:\/\/www.europesays.com\/es\/wp-json\/wp\/v2\/tags?post=184148"}],"curies":[{"name":"wp","href":"https:\/\/api.w.org\/{rel}","templated":true}]}}