{"id":184159,"date":"2025-10-18T02:47:20","date_gmt":"2025-10-18T02:47:20","guid":{"rendered":"https:\/\/www.europesays.com\/es\/184159\/"},"modified":"2025-10-18T02:47:20","modified_gmt":"2025-10-18T02:47:20","slug":"absuelven-al-padre-custodio-y-a-otro-sacerdote-acusados-de-delitos-de-odio-contra-los-musulmanes","status":"publish","type":"post","link":"https:\/\/www.europesays.com\/es\/184159\/","title":{"rendered":"Absuelven al Padre Custodio y a otro sacerdote acusados de delitos de odio contra los musulmanes"},"content":{"rendered":"<p style=\"\">La Audiencia Provincial de M\u00e1laga ha <strong>absuelto<\/strong> a los <strong>sacerdotes<\/strong> Custodio Ballester y Jes\u00fas Calvo, as\u00ed como al <strong>periodista<\/strong> y director del portal Alerta Digital, Armando Robles, que estaban acusados de un <strong>delito<\/strong> de <strong>incitaci\u00f3n<\/strong> al <strong>odio<\/strong> por varias  &#8230; manifestaciones contra los inmigrantes, la <strong>comunidad musulmana<\/strong> y el islam difundidas en art\u00edculos y programas de v\u00eddeo del citado medio digital.<\/p>\n<p class=\"voc-p\" style=\"\">El tribunal considera que, aunque las expresiones puedan resultar \u00ab<strong>ofensivas<\/strong> o <strong>desafortunadas<\/strong>\u00bb, no se cumplen los requisitos legales para considerarlas delito de odio. <\/p>\n<p class=\"voc-p\" style=\"\">La Fiscal\u00eda ped\u00eda <strong>tres a\u00f1os de prisi\u00f3n<\/strong> para cada uno de los <strong>sacerdotes<\/strong> y <strong>cuatro a\u00f1os<\/strong> para Armando Robles, adem\u00e1s del cierre del portal Alerta Digital y la retirada de sus contenidos. La acusaci\u00f3n particular, ejercida por la asociaci\u00f3n Musulmanes contra la Islamofobia, se adhiri\u00f3 a esta petici\u00f3n.<\/p>\n<p>\nL\u00ednea delgada entre libertad de expresi\u00f3n y discurso de odio\n<\/p>\n<p class=\"voc-p\" style=\"\">La Sala explica que los acusados <strong>no negaron<\/strong> su <strong>participaci\u00f3n<\/strong> en los art\u00edculos ni en las tertulias del programa La Ratonera, donde se vertieron expresiones pol\u00e9micas sobre el <strong>islam<\/strong> y la inmigraci\u00f3n, pero centra el debate en si esos mensajes pueden considerarse penalmente relevantes. <\/p>\n<p class=\"voc-p\" style=\"\">\u00abPor muy despreciable o perverso que sea el mensaje\u00bb, se\u00f1ala el tribunal, \u00ab<strong>no<\/strong> puede <strong>castigarse<\/strong><strong>penalmente<\/strong> si no existe la intenci\u00f3n de promover odio o violencia\u00bb. En este sentido, la sentencia concluye que no se han probado los elementos objetivos ni subjetivos del delito.<\/p>\n<p class=\"voc-p\" style=\"\">El tribunal destaca la delgada l\u00ednea que separa el discurso de odio de la<strong> libertad de expresi\u00f3n<\/strong> y recuerda la doctrina del Tribunal Supremo y del Constitucional, seg\u00fan la cual el Derecho penal no debe utilizarse para<strong> castigar opiniones<\/strong>, por duras o equivocadas que resulten, si no implican una incitaci\u00f3n real a la hostilidad o la violencia. Los magistrados advierten de que sancionar <strong>declaraciones<\/strong> \u00ab<strong>intolerantes<\/strong> o provocadoras\u00bb podr\u00eda tener un efecto disuasorio sobre el debate p\u00fablico.<\/p>\n<p>\nSiete a\u00f1os despu\u00e9s, el juicio llega a su fin\n<\/p>\n<p class=\"voc-p\" style=\"\">Durante el juicio del pasado 1 de octubre, siete a\u00f1os despu\u00e9s de que se iniciara la causa, el padre Custodio Ballester defendi\u00f3 que sus palabras se refer\u00edan \u00fanicamente al <strong>yihadismo<\/strong>, no al islam como religi\u00f3n, y calific\u00f3 de \u00ab<strong>exagerada<\/strong>\u00bb la <strong>petici\u00f3n fiscal<\/strong>. \u00abManda a un hombre al hospital y no piden tanto como a m\u00ed por hablar claro\u00bb, declar\u00f3 el sacerdote, que estuvo arropado por medio centenar de personas en la puerta de la Audiencia.<\/p>\n<p class=\"voc-p\" style=\"\">Por su parte, el padre Calvo, p\u00e1rroco de una pedan\u00eda en Le\u00f3n, reconoci\u00f3 haber hecho declaraciones controvertidas, incluso citando el Mein Kampf de Hitler, pero su defensa aport\u00f3 informes forenses que acreditaban un <strong>trastorno<\/strong> de i<strong>deas delirantes<\/strong> que afecta a su personalidad y que, seg\u00fan los peritos, anula su capacidad de intenci\u00f3n. El tribunal acepta este argumento y considera que no puede imput\u00e1rsele responsabilidad penal.<\/p>\n<p class=\"voc-p\" style=\"\">La presidenta de la asociaci\u00f3n denunciante declar\u00f3 en el juicio que los mensajes publicados en el portal la hicieron sentir \u00ab<strong>humillada<\/strong>\u00bb y que tem\u00eda la <strong>discriminaci\u00f3n<\/strong> que pudieran sufrir sus hijos. Por este motivo, explicaron, se querellaron contra el medio y contra los dos sacerdotes colaboradores.<\/p>\n<p class=\"voc-p\" style=\"\">La defensa de Armando Robles, director del portal y presentador de los programas, solicit\u00f3 la absoluci\u00f3n o, en su caso, una pena m\u00ednima de seis meses de prisi\u00f3n en aplicaci\u00f3n de las dilaciones indebidas, al haberse prolongado el procedimiento durante m\u00e1s de siete a\u00f1os.<\/p>\n<p>\nSin pruebas de incitaci\u00f3n al odio\n<\/p>\n<p class=\"voc-p\" style=\"\">En su fallo, la Audiencia reconoce que algunos contenidos del portal son \u00abclaramente <strong>ofensivos<\/strong> y contrarios a la convivencia\u00bb, pero subraya que no hay pruebas de que se publicaran con el prop\u00f3sito de <strong>promover<\/strong> el odio o la <strong>violencia<\/strong> contra ning\u00fan grupo. Tampoco considera responsable penalmente al director del medio por las declaraciones de terceros invitados o colaboradores.<\/p>\n<p class=\"voc-p\" style=\"\">Por todo ello, la Sala <strong>absuelve<\/strong> a los tres <strong>acusados<\/strong>, deja sin efecto la petici\u00f3n de cierre del portal y declara las costas de oficio. La sentencia no es firme y <strong>puede recurrirse<\/strong> ante la Sala de lo Civil y Penal del Tribunal Superior de Justicia de Andaluc\u00eda en el plazo de diez d\u00edas desde su notificaci\u00f3n.<\/p>\n","protected":false},"excerpt":{"rendered":"La Audiencia Provincial de M\u00e1laga ha absuelto a los sacerdotes Custodio Ballester y Jes\u00fas Calvo, as\u00ed como al&hellip;\n","protected":false},"author":2,"featured_media":184160,"comment_status":"","ping_status":"","sticky":false,"template":"","format":"standard","meta":{"footnotes":""},"categories":[8],"tags":[52037,36119,17,18,52038,7232,25,24,13,14,11,19,20,15656,9,10,15,16,4653,39,36833,23,12,21,22],"class_list":{"0":"post-184159","1":"post","2":"type-post","3":"status-publish","4":"format-standard","5":"has-post-thumbnail","7":"category-espana","8":"tag-absuelven","9":"tag-acusados","10":"tag-breaking-news","11":"tag-breakingnews","12":"tag-custodio","13":"tag-delitos","14":"tag-es","15":"tag-espana","16":"tag-featured-news","17":"tag-featurednews","18":"tag-headlines","19":"tag-latest-news","20":"tag-latestnews","21":"tag-musulmanes","22":"tag-news","23":"tag-noticias","24":"tag-noticias-destacadas","25":"tag-noticiasdestacadas","26":"tag-odio","27":"tag-padre","28":"tag-sacerdote","29":"tag-spain","30":"tag-titulares","31":"tag-ultimas-noticias","32":"tag-ultimasnoticias"},"share_on_mastodon":{"url":"","error":""},"_links":{"self":[{"href":"https:\/\/www.europesays.com\/es\/wp-json\/wp\/v2\/posts\/184159","targetHints":{"allow":["GET"]}}],"collection":[{"href":"https:\/\/www.europesays.com\/es\/wp-json\/wp\/v2\/posts"}],"about":[{"href":"https:\/\/www.europesays.com\/es\/wp-json\/wp\/v2\/types\/post"}],"author":[{"embeddable":true,"href":"https:\/\/www.europesays.com\/es\/wp-json\/wp\/v2\/users\/2"}],"replies":[{"embeddable":true,"href":"https:\/\/www.europesays.com\/es\/wp-json\/wp\/v2\/comments?post=184159"}],"version-history":[{"count":0,"href":"https:\/\/www.europesays.com\/es\/wp-json\/wp\/v2\/posts\/184159\/revisions"}],"wp:featuredmedia":[{"embeddable":true,"href":"https:\/\/www.europesays.com\/es\/wp-json\/wp\/v2\/media\/184160"}],"wp:attachment":[{"href":"https:\/\/www.europesays.com\/es\/wp-json\/wp\/v2\/media?parent=184159"}],"wp:term":[{"taxonomy":"category","embeddable":true,"href":"https:\/\/www.europesays.com\/es\/wp-json\/wp\/v2\/categories?post=184159"},{"taxonomy":"post_tag","embeddable":true,"href":"https:\/\/www.europesays.com\/es\/wp-json\/wp\/v2\/tags?post=184159"}],"curies":[{"name":"wp","href":"https:\/\/api.w.org\/{rel}","templated":true}]}}