{"id":184163,"date":"2025-10-18T02:50:31","date_gmt":"2025-10-18T02:50:31","guid":{"rendered":"https:\/\/www.europesays.com\/es\/184163\/"},"modified":"2025-10-18T02:50:31","modified_gmt":"2025-10-18T02:50:31","slug":"presentacion-del-cartel-de-la-corrida-de-toros-goyesca-con-motivo-de-la-festividad-de-las-fiestas-del-motin-de-aranjuez-2025","status":"publish","type":"post","link":"https:\/\/www.europesays.com\/es\/184163\/","title":{"rendered":"PRESENTACI\u00d3N DEL CARTEL DE LA CORRIDA DE TOROS GOYESCA CON MOTIVO DE LA FESTIVIDAD DE LAS FIESTAS DEL MOT\u00cdN DE ARANJUEZ 2025"},"content":{"rendered":"<p><strong>PRESENTACI\u00d3N DEL CARTEL DE LA CORRIDA DE TOROS GOYESCA CON MOTIVO DE LA FESTIVIDAD DE LAS FIESTAS DEL MOT\u00cdN DE ARANJUEZ 2025 <\/strong><\/p>\n<p>Morante de la Puebla, Juan Ortega y Pablo Aguado lidiar\u00e1n seis toros de Don Juan Manuel Criado.<\/p>\n<p>La corrida tendr\u00e1 lugar el s\u00e1bado 6 de septiembre a las 18:30 horas en la Bicentenaria Plaza de Toros del Real Sitio y Villa de Aranjuez.<\/p>\n<p><strong>Aranjuez, 17 de julio de 2025<\/strong>\u00a0<\/p>\n<p>Esta ma\u00f1ana se ha presentado el cartel de la tradicional Corrida de Toros Goyesca con motivo de la festividad del Mot\u00edn de Aranjuez, por parte del Alcalde de Aranjuez, Miguel G\u00f3mez, el Gerente de Circuitos Taurinos, Carlos Z\u00fa\u00f1iga, y la Delegada de Asuntos Taurinos, Mar\u00eda Mercedes Rico, en el Restaurante El Tomate.<\/p>\n<p>La Corrida se celebrar\u00e1 el s\u00e1bado 6 de julio a las 18:30 horas en la Bicentenaria Plaza de Toros de Aranjuez.<\/p>\n<p>Morante de la Puebla, Juan Ortega y Pablo Aguado lidiar\u00e1n seis toros de Don Juan Manuel Criado.<\/p>\n<p>Las entradas estar\u00e1n disponibles para su compra online en la web www.circuitostaurinos.es o taquillatorosaranjuez@gmail.com, y de manera presencial, en las taquillas de la Plaza de Toros a partir del jueves 28 de agosto hasta el s\u00e1bado 6 de septiembre de 10:00 a 14:00 horas y de 17:00 a 20:00 horas. Tambi\u00e9n queda habilitada la reserva y venta de las mismas a trav\u00e9s del tel\u00e9fono 603 654 860.<\/p>\n<p>\u00a0<\/p>\n<p><img loading=\"lazy\" decoding=\"async\" class=\"wp-image-25266 aligncenter jetpack-lazy-image\" src=\"https:\/\/www.aranjuez.es\/wp-content\/uploads\/2025\/07\/cartel-corrida-goyesca-2025-140x300.jpeg\" alt=\"\" width=\"198\" height=\"424\" data-lazy- data-lazy- data-lazy-src=\"https:\/\/www.europesays.com\/es\/wp-content\/uploads\/2025\/10\/cartel-corrida-goyesca-2025-140x300.jpeg\" \/><\/p>\n<p class=\"tmnf_mod small\" itemprop=\"dateModified\">\u00daltima vez modificado: 17 julio, 2025<\/p>\n","protected":false},"excerpt":{"rendered":"PRESENTACI\u00d3N DEL CARTEL DE LA CORRIDA DE TOROS GOYESCA CON MOTIVO DE LA FESTIVIDAD DE LAS FIESTAS DEL&hellip;\n","protected":false},"author":2,"featured_media":184164,"comment_status":"","ping_status":"","sticky":false,"template":"","format":"standard","meta":{"footnotes":""},"categories":[277],"tags":[373,168,25,24,23,167,374],"class_list":{"0":"post-184163","1":"post","2":"type-post","3":"status-publish","4":"format-standard","5":"has-post-thumbnail","7":"category-toreo","8":"tag-bullfighting","9":"tag-deportes","10":"tag-es","11":"tag-espana","12":"tag-spain","13":"tag-sports","14":"tag-toreo"},"share_on_mastodon":{"url":"","error":""},"_links":{"self":[{"href":"https:\/\/www.europesays.com\/es\/wp-json\/wp\/v2\/posts\/184163","targetHints":{"allow":["GET"]}}],"collection":[{"href":"https:\/\/www.europesays.com\/es\/wp-json\/wp\/v2\/posts"}],"about":[{"href":"https:\/\/www.europesays.com\/es\/wp-json\/wp\/v2\/types\/post"}],"author":[{"embeddable":true,"href":"https:\/\/www.europesays.com\/es\/wp-json\/wp\/v2\/users\/2"}],"replies":[{"embeddable":true,"href":"https:\/\/www.europesays.com\/es\/wp-json\/wp\/v2\/comments?post=184163"}],"version-history":[{"count":0,"href":"https:\/\/www.europesays.com\/es\/wp-json\/wp\/v2\/posts\/184163\/revisions"}],"wp:featuredmedia":[{"embeddable":true,"href":"https:\/\/www.europesays.com\/es\/wp-json\/wp\/v2\/media\/184164"}],"wp:attachment":[{"href":"https:\/\/www.europesays.com\/es\/wp-json\/wp\/v2\/media?parent=184163"}],"wp:term":[{"taxonomy":"category","embeddable":true,"href":"https:\/\/www.europesays.com\/es\/wp-json\/wp\/v2\/categories?post=184163"},{"taxonomy":"post_tag","embeddable":true,"href":"https:\/\/www.europesays.com\/es\/wp-json\/wp\/v2\/tags?post=184163"}],"curies":[{"name":"wp","href":"https:\/\/api.w.org\/{rel}","templated":true}]}}