{"id":184168,"date":"2025-10-18T02:57:12","date_gmt":"2025-10-18T02:57:12","guid":{"rendered":"https:\/\/www.europesays.com\/es\/184168\/"},"modified":"2025-10-18T02:57:12","modified_gmt":"2025-10-18T02:57:12","slug":"el-club-de-londres-que-pinto-en-azul-el-escudo-de-osasuna-visitara-pamplona","status":"publish","type":"post","link":"https:\/\/www.europesays.com\/es\/184168\/","title":{"rendered":"El club de Londres que pint\u00f3 en azul el escudo de Osasuna visitar\u00e1 Pamplona"},"content":{"rendered":"<p>\n        <strong>Representantes del club de f\u00fatbol londinense South East Athletic, de categor\u00eda aficionada,<\/strong> va a visitar a Osasuna en el mes de diciembre para conocer tanto el club como el estadio. El intercambio de experiencias entre los clubes viene propiciado por la pol\u00e9mica que se suscit\u00f3 hace seis a\u00f1os \u2013en octubre de 2019, pol\u00e9mica m\u00ednima que se resolvi\u00f3 sin mayores problemas\u2013 por el hecho de que el club ingl\u00e9s hab\u00eda realizado una copia del escudo de Osasuna <a href=\"https:\/\/www.noticiasdenavarra.com\/osasuna\/2019\/10\/03\/escudo-club-futbol-londinense-south-2353369.html\" title=\"\u2013en tonos azules y blancos\u2013 como emblema.\" class=\"link copy\" rel=\"nofollow noopener\" target=\"_blank\">\u2013en tonos azules y blancos\u2013 como emblema.<\/a>\n<\/p>\n<p class=\"article-body__text \">\n        <strong>La duplicaci\u00f3n del escudo de Osasuna en el del equipo aficionado ingl\u00e9s hizo que de por medio se generase un contencioso que se solucion\u00f3 sin problema<\/strong>s. La agencia de publicidad que redise\u00f1\u00f3 en 2004 el escudo rojillo, Artworks Comunicaci\u00f3n, de Pamplona, incluso se ofreci\u00f3 para dise\u00f1ar un escudo distinto para el equipo ingl\u00e9s.\n<\/p>\n<p class=\"article-body__text \">\n        <strong>La curiosidad del asunto hizo que la cuenta entonces de Twitter del South East Athletic<\/strong> \u2013equipo irland\u00e9s del sudeste de Londres\u2013 diera \u201cuna c\u00e1lida bienvenida a todos nuestros fan\u00e1ticos espa\u00f1oles\u201d. El South East Athletic eligi\u00f3 el escudo rojillo <a href=\"https:\/\/www.noticiasdenavarra.com\/osasuna\/2020\/07\/12\/south-east-athletic-presenta-nuevo-2264812.html\" title=\"\u2013cambiado totalmente en julio de 2020 tras un requerimiento de Osasuna\" class=\"link copy\" rel=\"nofollow noopener\" target=\"_blank\">\u2013cambiado totalmente en julio de 2020 tras un requerimiento de Osasuna<\/a>\u2013 despu\u00e9s de verlo en un video juego y aplicarlo entonces a sus equipaciones.\n<\/p>\n<p class=\"article-body__text \">\n        <strong>El hecho es que ha cuajado una relaci\u00f3n entre los clubes y que entre el 5 y 8 de diciembre los ocurrentes\u00a0promotores de este conjunto ingl\u00e9s van a viajar hasta el origen de sus dise\u00f1os y de sus desvelos.<\/strong> El South East se define como \u201cun club de valores familiares en el que todos est\u00e1n unidos por el amor al f\u00fatbol y el disfrute de sus familias\u201d.\u00a0<\/p>\n","protected":false},"excerpt":{"rendered":"Representantes del club de f\u00fatbol londinense South East Athletic, de categor\u00eda aficionada, va a visitar a Osasuna en&hellip;\n","protected":false},"author":2,"featured_media":184169,"comment_status":"","ping_status":"","sticky":false,"template":"","format":"standard","meta":{"footnotes":""},"categories":[268],"tags":[7564,1798,168,234,25,17873,24,280,282,7228,621,20961,281,52039,23,167],"class_list":{"0":"post-184168","1":"post","2":"type-post","3":"status-publish","4":"format-standard","5":"has-post-thumbnail","7":"category-futbol","8":"tag-azul","9":"tag-club","10":"tag-deportes","11":"tag-diseno","12":"tag-es","13":"tag-escudo","14":"tag-espana","15":"tag-football","16":"tag-futbol","17":"tag-londres","18":"tag-osasuna","19":"tag-pinto","20":"tag-soccer","21":"tag-south-east-athletic","22":"tag-spain","23":"tag-sports"},"share_on_mastodon":{"url":"","error":""},"_links":{"self":[{"href":"https:\/\/www.europesays.com\/es\/wp-json\/wp\/v2\/posts\/184168","targetHints":{"allow":["GET"]}}],"collection":[{"href":"https:\/\/www.europesays.com\/es\/wp-json\/wp\/v2\/posts"}],"about":[{"href":"https:\/\/www.europesays.com\/es\/wp-json\/wp\/v2\/types\/post"}],"author":[{"embeddable":true,"href":"https:\/\/www.europesays.com\/es\/wp-json\/wp\/v2\/users\/2"}],"replies":[{"embeddable":true,"href":"https:\/\/www.europesays.com\/es\/wp-json\/wp\/v2\/comments?post=184168"}],"version-history":[{"count":0,"href":"https:\/\/www.europesays.com\/es\/wp-json\/wp\/v2\/posts\/184168\/revisions"}],"wp:featuredmedia":[{"embeddable":true,"href":"https:\/\/www.europesays.com\/es\/wp-json\/wp\/v2\/media\/184169"}],"wp:attachment":[{"href":"https:\/\/www.europesays.com\/es\/wp-json\/wp\/v2\/media?parent=184168"}],"wp:term":[{"taxonomy":"category","embeddable":true,"href":"https:\/\/www.europesays.com\/es\/wp-json\/wp\/v2\/categories?post=184168"},{"taxonomy":"post_tag","embeddable":true,"href":"https:\/\/www.europesays.com\/es\/wp-json\/wp\/v2\/tags?post=184168"}],"curies":[{"name":"wp","href":"https:\/\/api.w.org\/{rel}","templated":true}]}}