{"id":184172,"date":"2025-10-18T03:00:08","date_gmt":"2025-10-18T03:00:08","guid":{"rendered":"https:\/\/www.europesays.com\/es\/184172\/"},"modified":"2025-10-18T03:00:08","modified_gmt":"2025-10-18T03:00:08","slug":"llega-el-tiempo-de-los-editores-valientes","status":"publish","type":"post","link":"https:\/\/www.europesays.com\/es\/184172\/","title":{"rendered":"Llega el tiempo de los editores valientes"},"content":{"rendered":"<p class=\"ft-text\">Un tema no qued\u00f3 claro, ni debatido, ni cerrado, en el \u00faltimo encuentro de las <strong>Conversaciones de Formentor,<\/strong> celebrado en el hotel de los Barcel\u00f3 en Aranjuez y que reuni\u00f3 a una buena &#8216;troupe&#8217; de editores. Lo apunt\u00f3 su impulsor, <strong>Basilio Baltasar<\/strong>, pero nadie recogi\u00f3 el guante. Se trata de la presi\u00f3n que se puede ejercer desde las peligrosas <strong>redes sociales<\/strong> para boicotear o <strong>evitar la publicaci\u00f3n de un libro<\/strong>.<\/p>\n<p class=\"ft-text\">En palabras de la editora de <strong>Anagrama<\/strong>, Silvia Ses\u00e9, lo ocurrido con el <strong>libro de Luisg\u00e9 Mart\u00edn<\/strong>, por ejemplo, es una evidencia de que ha cambiado la sensibilidad de la sociedad ante algunos temas. Y es cierto. En este caso, una mayor\u00eda de lectores parec\u00edan estar de acuerdo en su no publicaci\u00f3n. Yo ya he manifestado, en esta misma columna, que no lo comparto, pero el debate lo sit\u00fao en la puerta que se abri\u00f3 ante la posibilidad de hacer <strong>cambiar la opini\u00f3n de un editor<\/strong> ante la decisi\u00f3n de publicar una obra.<\/p>\n<p class=\"ft-text\">El caso del libro de Luisg\u00e9 fue asumido por muchos, pero si el tema fuera m\u00e1s discutible, \u00bfqu\u00e9 har\u00eda un editor? Sin \u00e1nimo de llamar a tormentas intelectuales, lo cierto es que esta posibilidad es muy probable, sobre todo observando c\u00f3mo act\u00faa la sociedad.<\/p>\n<p class=\"ft-text\">Cualquier d\u00eda, una <strong>horda de &#8216;trolls&#8217; o &#8216;haters&#8217; focalizar\u00e1n su ira vac\u00eda contra un autor<\/strong> o un t\u00edtulo o una editorial antes de que su obra llegue a las librer\u00edas, y ser\u00e1 entonces cuando el editor tendr\u00e1 que demostrar una decisi\u00f3n. Y no ser\u00e1 f\u00e1cil.<\/p>\n<p class=\"ft-text\">Enfrentarse a estos ataques tiene una complicaci\u00f3n a\u00f1adida, porque el enfrentamiento ocurre ante un argumento que no argumenta. Y el mundo de la edici\u00f3n, el territorio de los ensayistas y de los escritores, se sustenta en las ideas, en las construcciones intelectuales, en definitiva, en pensar. El razonamiento es dif\u00edcil cuando delante s\u00f3lo hay individuos an\u00f3nimos vomitando. Malos tiempos para el <strong>libre albedr\u00edo<\/strong>.<\/p>\n","protected":false},"excerpt":{"rendered":"Un tema no qued\u00f3 claro, ni debatido, ni cerrado, en el \u00faltimo encuentro de las Conversaciones de Formentor,&hellip;\n","protected":false},"author":2,"featured_media":184173,"comment_status":"","ping_status":"","sticky":false,"template":"","format":"standard","meta":{"footnotes":""},"categories":[172],"tags":[224,17431,146,147,25,1598,24,17504,225,5012,1645,1922,23,159,4986],"class_list":{"0":"post-184172","1":"post","2":"type-post","3":"status-publish","4":"format-standard","5":"has-post-thumbnail","7":"category-libros","8":"tag-books","9":"tag-editores","10":"tag-entertainment","11":"tag-entretenimiento","12":"tag-es","13":"tag-escritores","14":"tag-espana","15":"tag-industria-editorial","16":"tag-libros","17":"tag-llega","18":"tag-novela","19":"tag-redes-sociales","20":"tag-spain","21":"tag-tiempo","22":"tag-valientes"},"share_on_mastodon":{"url":"","error":""},"_links":{"self":[{"href":"https:\/\/www.europesays.com\/es\/wp-json\/wp\/v2\/posts\/184172","targetHints":{"allow":["GET"]}}],"collection":[{"href":"https:\/\/www.europesays.com\/es\/wp-json\/wp\/v2\/posts"}],"about":[{"href":"https:\/\/www.europesays.com\/es\/wp-json\/wp\/v2\/types\/post"}],"author":[{"embeddable":true,"href":"https:\/\/www.europesays.com\/es\/wp-json\/wp\/v2\/users\/2"}],"replies":[{"embeddable":true,"href":"https:\/\/www.europesays.com\/es\/wp-json\/wp\/v2\/comments?post=184172"}],"version-history":[{"count":0,"href":"https:\/\/www.europesays.com\/es\/wp-json\/wp\/v2\/posts\/184172\/revisions"}],"wp:featuredmedia":[{"embeddable":true,"href":"https:\/\/www.europesays.com\/es\/wp-json\/wp\/v2\/media\/184173"}],"wp:attachment":[{"href":"https:\/\/www.europesays.com\/es\/wp-json\/wp\/v2\/media?parent=184172"}],"wp:term":[{"taxonomy":"category","embeddable":true,"href":"https:\/\/www.europesays.com\/es\/wp-json\/wp\/v2\/categories?post=184172"},{"taxonomy":"post_tag","embeddable":true,"href":"https:\/\/www.europesays.com\/es\/wp-json\/wp\/v2\/tags?post=184172"}],"curies":[{"name":"wp","href":"https:\/\/api.w.org\/{rel}","templated":true}]}}