{"id":184176,"date":"2025-10-18T03:03:11","date_gmt":"2025-10-18T03:03:11","guid":{"rendered":"https:\/\/www.europesays.com\/es\/184176\/"},"modified":"2025-10-18T03:03:11","modified_gmt":"2025-10-18T03:03:11","slug":"hazte-oir-estrena-este-sabado-su-documental-sanchez-s-a-una-historia-de-corrupcion","status":"publish","type":"post","link":"https:\/\/www.europesays.com\/es\/184176\/","title":{"rendered":"Hazte O\u00edr estrena este s\u00e1bado su documental \u2018S\u00e1nchez S.A. Una historia de corrupci\u00f3n\u2019"},"content":{"rendered":"<p>El s\u00e1bado 18 de octubre a las 12 horas, <a href=\"https:\/\/theobjective.com\/espana\/politica\/2025-09-05\/hazte-oir-sanchez-ue-ataque-justicia\/\" rel=\"nofollow noopener\" target=\"_blank\">Hazte O\u00edr<\/a>, en colaboraci\u00f3n con la productora Terra Ignota, estrena el documental \u2018S\u00e1nchez S.A. Una historia de corrupci\u00f3n\u2019 que recorrer\u00e1 la trayectoria pol\u00edtica del presidente del Gobierno, <a href=\"https:\/\/theobjective.com\/espana\/politica\/2025-10-15\/sanchez-gobierno-decente-corrupcion-feijoo\/\" rel=\"nofollow noopener\" target=\"_blank\">Pedro S\u00e1nchez<\/a> <strong>desde sus inicios hasta el presente<\/strong>, cuando se enfrenta a un abismo judicial y pol\u00edtico. <\/p>\n<p><strong>M\u00e1s de 800 personas han reservado ya entrada<\/strong>, lo que muestra el inter\u00e9s de los espa\u00f1oles por este documental que llega en un momento en el que los casos judiciales que acorralan a S\u00e1nchez y al <a href=\"https:\/\/theobjective.com\/espana\/politica\/2025-10-14\/sanchez-psoe-pagos-efectivo-corrupcion\/\" rel=\"nofollow noopener\" target=\"_blank\">PSOE<\/a> avanzan a un ritmo vertiginoso.<\/p>\n<p>\u00abGracias a cientos de personas que han colaborado con sus aportaciones ha podido salir adelante este documental. Tras este gran estreno en plena Gran V\u00eda, <strong>nuestra intenci\u00f3n es presentarlo en otras ciudades espa\u00f1olas<\/strong>, as\u00ed como emitirlo por televisi\u00f3n y YouTube\u00bb, ha explicado el presidente de Hazte O\u00edr, Ignacio Arsuaga.<\/p>\n<p>\u00abPedro S\u00e1nchez intent\u00f3 silenciarnos denunciando la lona frente al Congreso, y ahora tendr\u00e1 que enfrentarse a un documental que <strong>dif\u00edcilmente podr\u00e1 censurar<\/strong> y que trataremos que se difunda lo m\u00e1s posible\u00bb, ha indicado el propio Arsuaga.<\/p>\n<p>El estreno ser\u00e1 en Capitol Gran V\u00eda, en Madrid, el pr\u00f3ximo s\u00e1bado a las 12.00. \u00abNo descartamos que intenten censurarlo, sabemos que estas acciones culturales molestan, pero <strong>justamente molestar al PSOE y a S\u00e1nchez consideramos que es un deber espa\u00f1ol<\/strong>\u00bb ha a\u00f1adido el presidente de Hazte O\u00edr.<\/p>\n<p>\u00abQueremos que todo el relato que ha intentado imponer S\u00e1nchez y su maquinaria de propaganda se vea confrontado con <strong>informaci\u00f3n, datos y an\u00e1lisis de los que m\u00e1s saben<\/strong>\u00bb. \u00abHemos entrevistado a m\u00e1s de 20 expertos en diferentes materias para que nos dibujen al presidente del Gobierno\u00bb, ha asegurado el portavoz de la asociaci\u00f3n. \u00abPor tierra, mar y aire\u2026 y ahora en la gran pantalla\u00bb, concluye.<\/p>\n","protected":false},"excerpt":{"rendered":"El s\u00e1bado 18 de octubre a las 12 horas, Hazte O\u00edr, en colaboraci\u00f3n con la productora Terra Ignota,&hellip;\n","protected":false},"author":2,"featured_media":184177,"comment_status":"","ping_status":"","sticky":false,"template":"","format":"standard","meta":{"footnotes":""},"categories":[169],"tags":[177,1467,5197,146,147,25,24,176,5965,52040,10601,175,5966,1699,23],"class_list":{"0":"post-184176","1":"post","2":"type-post","3":"status-publish","4":"format-standard","5":"has-post-thumbnail","7":"category-cine","8":"tag-cine","9":"tag-comunidad-de-madrid","10":"tag-documentales","11":"tag-entertainment","12":"tag-entretenimiento","13":"tag-es","14":"tag-espana","15":"tag-film","16":"tag-gobierno-de-espau00f1a","17":"tag-gran-vu00eda","18":"tag-hazte-oir","19":"tag-movies","20":"tag-pedro-su00e1nchez","21":"tag-psoe","22":"tag-spain"},"share_on_mastodon":{"url":"","error":""},"_links":{"self":[{"href":"https:\/\/www.europesays.com\/es\/wp-json\/wp\/v2\/posts\/184176","targetHints":{"allow":["GET"]}}],"collection":[{"href":"https:\/\/www.europesays.com\/es\/wp-json\/wp\/v2\/posts"}],"about":[{"href":"https:\/\/www.europesays.com\/es\/wp-json\/wp\/v2\/types\/post"}],"author":[{"embeddable":true,"href":"https:\/\/www.europesays.com\/es\/wp-json\/wp\/v2\/users\/2"}],"replies":[{"embeddable":true,"href":"https:\/\/www.europesays.com\/es\/wp-json\/wp\/v2\/comments?post=184176"}],"version-history":[{"count":0,"href":"https:\/\/www.europesays.com\/es\/wp-json\/wp\/v2\/posts\/184176\/revisions"}],"wp:featuredmedia":[{"embeddable":true,"href":"https:\/\/www.europesays.com\/es\/wp-json\/wp\/v2\/media\/184177"}],"wp:attachment":[{"href":"https:\/\/www.europesays.com\/es\/wp-json\/wp\/v2\/media?parent=184176"}],"wp:term":[{"taxonomy":"category","embeddable":true,"href":"https:\/\/www.europesays.com\/es\/wp-json\/wp\/v2\/categories?post=184176"},{"taxonomy":"post_tag","embeddable":true,"href":"https:\/\/www.europesays.com\/es\/wp-json\/wp\/v2\/tags?post=184176"}],"curies":[{"name":"wp","href":"https:\/\/api.w.org\/{rel}","templated":true}]}}