{"id":184184,"date":"2025-10-18T03:10:27","date_gmt":"2025-10-18T03:10:27","guid":{"rendered":"https:\/\/www.europesays.com\/es\/184184\/"},"modified":"2025-10-18T03:10:27","modified_gmt":"2025-10-18T03:10:27","slug":"la-juez-investiga-delitos-de-trafico-de-influencias-y-corrupcion-en-los-negocios-en-la-parcela-de-pino-montano-de-la-mujer-del-socialista-rafael-pineda","status":"publish","type":"post","link":"https:\/\/www.europesays.com\/es\/184184\/","title":{"rendered":"La juez investiga delitos de tr\u00e1fico de influencias y corrupci\u00f3n en los negocios en la parcela de Pino Montano de la mujer del socialista Rafael Pineda"},"content":{"rendered":"<p style=\"\">El <strong>Juzgado de Instrucci\u00f3n n\u00famero 10 de Sevilla<\/strong> ha acordado levantar el secreto de las actuaciones de la causa en la que la <strong>Unidad Central Operativa<\/strong> de la Guardia Civil est\u00e1 investigando todo lo que rodea al arrendamiento y posterior venta de una  &#8230; parcela de <strong>Emvisesa<\/strong> en Pino Montano a Olga P\u00e9rez, <strong>mujer del socialista Rafael Pineda<\/strong>, quien fuera hasta hace unas semanas jefe de gabinete de la Delegaci\u00f3n del Gobierno en Andaluc\u00eda y alto cargo municipal en los gobiernos S\u00e1nchez Monteseir\u00edn, entonces &#8216;apadrinados&#8217; por Alfonso Rodr\u00edguez G\u00f3mez de Celis, actual vicepresidente primero del Congreso de los Diputados. <\/p>\n<p class=\"voc-p\" style=\"\">La juez recoge esta decisi\u00f3n en un auto dictado el pasado mi\u00e9rcoles, 15 de octubre, el mismo d\u00eda que <strong>dos agentes de la UCO se volvieron a personar en las oficinas de Emvisesa<\/strong>, como adelantaba este peri\u00f3dico este viernes, para recabar todo el expediente completo relativo a dicha parcela, ubicada junto a la parte comercial del Higuer\u00f3n. Los investigadores, que a\u00fan no han completado su informe, que deber\u00e1n presentar en pr\u00f3ximas fechas ante la juez, se llevaron todos los papeles desde que se abri\u00f3 el expediente administrativo el 1 de julio hasta su enajenaci\u00f3n definitiva en 2024. <\/p>\n<p class=\"voc-p\" style=\"\">Seg\u00fan han se\u00f1alado a este peri\u00f3dico fuentes judiciales, en esta causa, donde ya est\u00e1 personado Rafael Pineda, con abogado y procurador, se investigan hechos que podr\u00edan constituir <strong>delitos de tr\u00e1fico de influencias y corrupci\u00f3n en los negocios<\/strong>. Por el momento, y seg\u00fan precisan las citadas fuentes, Pineda no tiene la condici\u00f3n de investigaci\u00f3n. <\/p>\n<p class=\"voc-p\" style=\"\">La resoluci\u00f3n judicial arroja luz a un caso que <a href=\"https:\/\/www.abc.es\/sevilla\/ciudad\/uco-requisa-contratos-emvisesa-epoca-juan-espadas-20250912195613-nts.html\" target=\"_self\" data-voc-vtm-id=\"in-text-traffic\" title=\"adelant\u00f3 ABC en la primera quincena de septiembre\" data-mrf-link=\"www.abc.es\" rel=\"nofollow noopener\">adelant\u00f3 ABC en la primera quincena de septiembre<\/a> y que hasta este mi\u00e9rcoles se manten\u00eda en secreto, pues enmarca los hechos que est\u00e1n investigando en el seno de la <strong>Guardia Civil. <\/strong><\/p>\n<p class=\"voc-p\" style=\"\">El pasado 10 de septiembre estos agentes especializados acudieron a la sede de la empresa municipal de Vivienda para requerir los papeles relativos a la <strong>enajenaci\u00f3n de estos terrenos<\/strong> de <strong>m\u00e1s de 10.000 metros cuadrados<\/strong> ubicados en la zona norte del barrio de Pino Montano, en concreto, entre las calles Estrella Castor y Estrella Vega.<\/p>\n<p class=\"voc-p\" style=\"\">Este pasado mi\u00e9rcoles, un mes despu\u00e9s, los investigadores volv\u00edan a Emvisesa para hacerse con la documentaci\u00f3n relativa al procedimiento de <strong>arrendamiento de dicha parcela<\/strong>, cuyo proceso se abri\u00f3 el 1 de julio de 2016. Las empresas o particulares interesados en dichos suelos ten\u00edan un mes para presentar sus propuestas. La empresa municipal s\u00f3lo recibi\u00f3 una oferta, la de Olga P\u00e9rez, odont\u00f3loga de profesi\u00f3n y mujer del socialista Pineda. Al ser la \u00fanica propuesta, result\u00f3 la adjudicataria, aunque el contrato de arrendamiento se firm\u00f3 el 8 de febrero de 2017 con la empresa Higuer\u00f3n Real Estate, que constituy\u00f3 Olga P\u00e9rez tan solo unos d\u00edas despu\u00e9s de conocer la decisi\u00f3n de la empresa municipal. <\/p>\n<p class=\"voc-p\" style=\"\">Despu\u00e9s, la mujer de Pineda subarrend\u00f3 estos suelos a otras empresas. Con esas rentas asum\u00eda el canon que ten\u00eda que abonar al Ayuntamiento (108.000 euros al a\u00f1o) al Consistorio y, a su vez, obten\u00eda un beneficio econ\u00f3mico. All\u00ed se instal\u00f3 Megafood S.A., que abri\u00f3 una franquicia de<strong> Burger King<\/strong> que Urbanismo clausur\u00f3 provisionalmente en 2018 por carecer de la preceptiva licencia. Tambi\u00e9n hizo lo propio Petronieves S.L., que puso en marcha una estaci\u00f3n de servicio que provoc\u00f3 las quejas vecinales por estar a menos de 50 metros de las viviendas. Por \u00faltimo, se estableci\u00f3 un local de la cadena KFC, que gestionaba Higuer\u00f3n Restauraci\u00f3n S.L., una firma de la que era due\u00f1a tambi\u00e9n Olga P\u00e9rez y que se subarrend\u00f3 a s\u00ed misma.<\/p>\n<p class=\"voc-p\" style=\"\">Pero el arrendamiento de estos suelos no era el objetivo de Emvisesa sino que se buscaba la enajenaci\u00f3n de los mismos. Hubo varios intentos por parte del gobierno de Juan Espadas, con permutas de los suelos por viviendas ya construidas, aunque iniciativa municipal prosper\u00f3. Finalmente, en septiembre de 2024, el actual gobierno de Jos\u00e9 Luis Sanz se <strong>la vendi\u00f3 a Olga P\u00e9rez por 1,7 millones de euros<\/strong> aproximadamente, precio marcado por tasaci\u00f3n.<\/p>\n<p class=\"voc-p\" style=\"\">Los agentes especializados de la Guardia Civil pusieron el foco en esta parcela en el transcurso de una investigaci\u00f3n derivada de otra causa sobre blanqueo de capitales derivados del narcotr\u00e1fico, que tambi\u00e9n se instruye en el mismo juzgado y en la que existen m\u00e1s de treinta investigados entre personas f\u00edsicas y empresas. En dichas diligencias el Instituto Armado pinch\u00f3 los tel\u00e9fonos de los principales implicados, <strong>detect\u00e1ndose en una conversaci\u00f3n el nombre de Rafael Pineda<\/strong>. Ya con la UCO como cuerpo investigador, esta llamada propici\u00f3 la apertura de una pieza separada para indagar sobre unos indicios que no resultaron determinantes, si bien llev\u00f3 a los agentes a la operaci\u00f3n de la parcela de Emvisesa que compr\u00f3 la mujer del dirigente socialista, quien hasta d\u00edas antes de que ABC desvelara este caso era jefe de gabinete del delegado del Gobierno en Andaluc\u00eda, Pedro Fern\u00e1ndez, puesto al que accedi\u00f3 por primera vez con G\u00f3mez de Celis. <\/p>\n","protected":false},"excerpt":{"rendered":"El Juzgado de Instrucci\u00f3n n\u00famero 10 de Sevilla ha acordado levantar el secreto de las actuaciones de la&hellip;\n","protected":false},"author":2,"featured_media":184185,"comment_status":"","ping_status":"","sticky":false,"template":"","format":"standard","meta":{"footnotes":""},"categories":[8],"tags":[52041,17,18,11072,25,24,13,14,11,1664,19,20,5777,29450,2461,9,10,15,16,19433,38090,13284,12527,7463,11825,23,12,21,22,26474],"class_list":{"0":"post-184184","1":"post","2":"type-post","3":"status-publish","4":"format-standard","5":"has-post-thumbnail","7":"category-espana","8":"tag-adquirida","9":"tag-breaking-news","10":"tag-breakingnews","11":"tag-causa","12":"tag-es","13":"tag-espana","14":"tag-featured-news","15":"tag-featurednews","16":"tag-headlines","17":"tag-juez","18":"tag-latest-news","19":"tag-latestnews","20":"tag-levanta","21":"tag-montano","22":"tag-mujer","23":"tag-news","24":"tag-noticias","25":"tag-noticias-destacadas","26":"tag-noticiasdestacadas","27":"tag-parcela","28":"tag-pineda","29":"tag-pino","30":"tag-rafael","31":"tag-secreto","32":"tag-socialista","33":"tag-spain","34":"tag-titulares","35":"tag-ultimas-noticias","36":"tag-ultimasnoticias","37":"tag-vinculada"},"share_on_mastodon":{"url":"","error":""},"_links":{"self":[{"href":"https:\/\/www.europesays.com\/es\/wp-json\/wp\/v2\/posts\/184184","targetHints":{"allow":["GET"]}}],"collection":[{"href":"https:\/\/www.europesays.com\/es\/wp-json\/wp\/v2\/posts"}],"about":[{"href":"https:\/\/www.europesays.com\/es\/wp-json\/wp\/v2\/types\/post"}],"author":[{"embeddable":true,"href":"https:\/\/www.europesays.com\/es\/wp-json\/wp\/v2\/users\/2"}],"replies":[{"embeddable":true,"href":"https:\/\/www.europesays.com\/es\/wp-json\/wp\/v2\/comments?post=184184"}],"version-history":[{"count":0,"href":"https:\/\/www.europesays.com\/es\/wp-json\/wp\/v2\/posts\/184184\/revisions"}],"wp:featuredmedia":[{"embeddable":true,"href":"https:\/\/www.europesays.com\/es\/wp-json\/wp\/v2\/media\/184185"}],"wp:attachment":[{"href":"https:\/\/www.europesays.com\/es\/wp-json\/wp\/v2\/media?parent=184184"}],"wp:term":[{"taxonomy":"category","embeddable":true,"href":"https:\/\/www.europesays.com\/es\/wp-json\/wp\/v2\/categories?post=184184"},{"taxonomy":"post_tag","embeddable":true,"href":"https:\/\/www.europesays.com\/es\/wp-json\/wp\/v2\/tags?post=184184"}],"curies":[{"name":"wp","href":"https:\/\/api.w.org\/{rel}","templated":true}]}}