{"id":184187,"date":"2025-10-18T03:12:09","date_gmt":"2025-10-18T03:12:09","guid":{"rendered":"https:\/\/www.europesays.com\/es\/184187\/"},"modified":"2025-10-18T03:12:09","modified_gmt":"2025-10-18T03:12:09","slug":"un-derbi-de-alto-voltaje-para-el-liron-teucro","status":"publish","type":"post","link":"https:\/\/www.europesays.com\/es\/184187\/","title":{"rendered":"Un derbi de alto voltaje para el Lir\u00f3n Teucro"},"content":{"rendered":"<p>Un <strong>derbi in\u00e9dito en Primera Nacional<\/strong>. Un derbi de alto voltaje. Dos equipos con el mismo objetivo en com\u00fan y con dos puntos importantes en juego. Eso es lo que se vivir\u00e1 este s\u00e1bado en <strong>O Rosal<\/strong> (19:00 horas). Y es que el<a target=\"_blank\" href=\"https:\/\/www.diariodepontevedra.es\/tags\/sd-teucro\/\" rel=\"nofollow noopener\"> Lir\u00f3n Teucro<\/a> visita al <strong>Valinox Nov\u00e1s<\/strong>, en un derbi entre dos conjunto que quieren estar al t\u00e9rmino de la temporada peleando en el <strong>play-off de ascenso a Divisi\u00f3n de Honor Plata<\/strong>.<\/p>\n<p>Los azules son conscientes del reto may\u00fasculo que tiene por delante, ya saben lo que es jugar esta temporada frente al Valinox Nov\u00e1s y conocen el buen momento de forma que atraviesa el conjunto de O Rosal. Es por ello que la motivaci\u00f3n y las ganas de asaltar el fort\u00edn rosaleiro no faltar\u00e1n en la plantilla de<strong> Irene Vilaboa<\/strong>.<\/p>\n<p>El Lir\u00f3n Teucro llega a este encuentro despu\u00e9s de <strong>dos victorias consecutivas<\/strong>, las firmadas frente al <strong>Tacoronte <\/strong>y al <strong>G\u00e1ldar<\/strong>, y con un solo una derrota en su casillero, la firmada en su visita al<strong> Lanzarote Ciudad de Arrecife<\/strong> en la segunda jornada de competici\u00f3n.<\/p>\n<p>Con la f\u00e9rrea intenci\u00f3n de colarse entre las dos primeras posiciones de la tabla, los de Irene Vilaboa son conscientes de que cada fin de semana deben dar el 100% para sumar los dos puntos y no descolgarse de una zona alta en la que hay <strong>dos equipos que marcan el ritmo<\/strong>.<\/p>\n<p>Por otro lado el <strong>Valinox Nov\u00e1s<\/strong> mira al resto de los equipos del Grupo 1 de Primera Nacional desde lo m\u00e1s alto de la clasificaci\u00f3n, con un <strong>pleno de puntos en su casillero <\/strong>y reafirmando su etiqueta de favorito y equipo a batir en la primera temporada.<\/p>\n<p>Los de <strong>Guillermo Artime<\/strong> han sentenciado con victoria los encuentros de las cinco primeras jornadas, frente a <strong>Tacoronte, G\u00e1ldar, Bueu Atl\u00e9tico, Culleredo y Calvo Xiria<\/strong>, haci\u00e9ndolo en algunos casos con resultados abultados como los firmados en la primera jornada (36-20) o en casa ante el bloque cullerdense (39-27).<\/p>\n<blockquote>\n<p>El Valinox Nov\u00e1s llega en lo m\u00e1s alto de la tabla, con pleno de puntos, mientras que el Lir\u00f3n Teucro perdi\u00f3 un encuentro, ante el Lanzarote<\/p>\n<\/blockquote>\n<p>Es por ello que el duelo de este s\u00e1bado se espera de<strong> altos vuelos<\/strong>. Dos equipos que quieren continuar alargando la din\u00e1mica en la que se encuentran inmersos y que buscan dos puntos que pueden ser, a la larga, claves.<\/p>\n<p>El Lir\u00f3n Teucro y el Valinox Nov\u00e1s se ven las caras este s\u00e1bado, despu\u00e9s de haberlo hecho en la<strong> final de la Copa Galicia<\/strong>, con los dos primeros puntos de la temporada entre ambos en juego, en un escenario complicado como es O Rosal y en un derbi in\u00e9dito en Primera Nacional.<\/p>\n","protected":false},"excerpt":{"rendered":"Un derbi in\u00e9dito en Primera Nacional. Un derbi de alto voltaje. Dos equipos con el mismo objetivo en&hellip;\n","protected":false},"author":2,"featured_media":184188,"comment_status":"","ping_status":"","sticky":false,"template":"","format":"standard","meta":{"footnotes":""},"categories":[278],"tags":[35476,376,168,25,24,375,1146,15046,23,167],"class_list":{"0":"post-184187","1":"post","2":"type-post","3":"status-publish","4":"format-standard","5":"has-post-thumbnail","7":"category-balonmano","8":"tag-atletico-novas","9":"tag-balonmano","10":"tag-deportes","11":"tag-es","12":"tag-espana","13":"tag-handball","14":"tag-pontevedra","15":"tag-sd-teucro","16":"tag-spain","17":"tag-sports"},"share_on_mastodon":{"url":"","error":""},"_links":{"self":[{"href":"https:\/\/www.europesays.com\/es\/wp-json\/wp\/v2\/posts\/184187","targetHints":{"allow":["GET"]}}],"collection":[{"href":"https:\/\/www.europesays.com\/es\/wp-json\/wp\/v2\/posts"}],"about":[{"href":"https:\/\/www.europesays.com\/es\/wp-json\/wp\/v2\/types\/post"}],"author":[{"embeddable":true,"href":"https:\/\/www.europesays.com\/es\/wp-json\/wp\/v2\/users\/2"}],"replies":[{"embeddable":true,"href":"https:\/\/www.europesays.com\/es\/wp-json\/wp\/v2\/comments?post=184187"}],"version-history":[{"count":0,"href":"https:\/\/www.europesays.com\/es\/wp-json\/wp\/v2\/posts\/184187\/revisions"}],"wp:featuredmedia":[{"embeddable":true,"href":"https:\/\/www.europesays.com\/es\/wp-json\/wp\/v2\/media\/184188"}],"wp:attachment":[{"href":"https:\/\/www.europesays.com\/es\/wp-json\/wp\/v2\/media?parent=184187"}],"wp:term":[{"taxonomy":"category","embeddable":true,"href":"https:\/\/www.europesays.com\/es\/wp-json\/wp\/v2\/categories?post=184187"},{"taxonomy":"post_tag","embeddable":true,"href":"https:\/\/www.europesays.com\/es\/wp-json\/wp\/v2\/tags?post=184187"}],"curies":[{"name":"wp","href":"https:\/\/api.w.org\/{rel}","templated":true}]}}