{"id":184204,"date":"2025-10-18T03:27:08","date_gmt":"2025-10-18T03:27:08","guid":{"rendered":"https:\/\/www.europesays.com\/es\/184204\/"},"modified":"2025-10-18T03:27:08","modified_gmt":"2025-10-18T03:27:08","slug":"lamine-yamal-se-recupera-de-lesion-y-podria-jugar-con-barcelona-en-el-clasico-contra-real-madrid","status":"publish","type":"post","link":"https:\/\/www.europesays.com\/es\/184204\/","title":{"rendered":"Lamine Yamal se recupera de lesi\u00f3n y podr\u00eda jugar con Barcelona en el cl\u00e1sico contra Real Madrid"},"content":{"rendered":"\n<p>BARCELONA\u00a0\u2014\u00a0Lamine Yamal podr\u00e1 jugar con el Barcelona en La Liga espa\u00f1ola, una semana antes del primer cl\u00e1sico de la temporada contra el Real Madrid.<\/p>\n<p>Lamine y el centrocampista Ferm\u00edn L\u00f3pez se han recuperado de sus lesiones y podr\u00edan jugar al menos parte del partido contra Girona el s\u00e1bado, confirm\u00f3 el t\u00e9cnico azulgrana Hansi Flick.<\/p>\n<p>\u201cHan regresado Ferm\u00edn y Lamine, pero no pueden jugar 90 minutos\u201d, subray\u00f3 Flick.<\/p>\n<p>Despu\u00e9s de Girona, el Barcelona recibir\u00e1 el martes al Olympiakos griego el martes en la Liga de Campeones y luego visitar\u00e1 al Real Madrid el 26 de octubre en La Liga.<\/p>\n<p>Lamine ha estado afectado por una lesi\u00f3n en la ingle durante semanas.<\/p>\n<p>El atacante de 18 a\u00f1os se perdi\u00f3 cuatro partidos con el Barcelona y luego disput\u00f3 dos encuentras, solo para agravar la lesi\u00f3n en la derrota ante el Paris Saint-Germain en la Liga de Campeones el 1 de octubre. Qued\u00f3 fuera de la visita a Sevilla, que el Barcelona perdi\u00f3 4-1. No fue citado para los \u00faltimos dos partidos de Espa\u00f1a en las eliminatorias del Mundial 2026, con la Roja saliendo victoriosa en ambos sin \u00e9l.<\/p>\n<p>L\u00f3pez se ha perdido cuatro partidos con el Barcelona y fue descartado de las eliminatorias de Espa\u00f1a por una lesi\u00f3n muscular en la pierna izquierda.<\/p>\n<p>Flick expres\u00f3 que espera que el delantero brasile\u00f1o Raphinha se recupere de una lesi\u00f3n en el muslo a tiempo para el partido contra el Madrid.<\/p>\n<p>La lista de lesionados del Barcelona a\u00fan incluye a los delanteros Robert Lewandowski y Ferran Torres, los centrocampistas Dani Olmo y Gavi P\u00e1ez y el portero Joan Garc\u00eda.<\/p>\n<p>El Barcelona, que ocupa el segundo lugar, est\u00e1 a dos puntos del l\u00edder Madrid en La Liga.<\/p>\n<p>___<\/p>\n<p>Deportes AP: https:\/\/apnews.com\/hub\/deportes<\/p>\n","protected":false},"excerpt":{"rendered":"BARCELONA\u00a0\u2014\u00a0Lamine Yamal podr\u00e1 jugar con el Barcelona en La Liga espa\u00f1ola, una semana antes del primer cl\u00e1sico de&hellip;\n","protected":false},"author":2,"featured_media":184205,"comment_status":"","ping_status":"","sticky":false,"template":"","format":"standard","meta":{"footnotes":""},"categories":[93],"tags":[210,5926,5145,168,2495,25,24,4970,1147,14924,8138,8252,1044,7797,1045,3048,773,23,167],"class_list":{"0":"post-184204","1":"post","2":"type-post","3":"status-publish","4":"format-standard","5":"has-post-thumbnail","7":"category-deportes","8":"tag-barcelona","9":"tag-campeones","10":"tag-clasico","11":"tag-deportes","12":"tag-eliminatoria","13":"tag-es","14":"tag-espana","15":"tag-flick","16":"tag-girona","17":"tag-izquierdo","18":"tag-lamine-yamal","19":"tag-lesion","20":"tag-liga","21":"tag-martes","22":"tag-partido","23":"tag-real-madrid","24":"tag-semana","25":"tag-spain","26":"tag-sports"},"share_on_mastodon":{"url":"","error":""},"_links":{"self":[{"href":"https:\/\/www.europesays.com\/es\/wp-json\/wp\/v2\/posts\/184204","targetHints":{"allow":["GET"]}}],"collection":[{"href":"https:\/\/www.europesays.com\/es\/wp-json\/wp\/v2\/posts"}],"about":[{"href":"https:\/\/www.europesays.com\/es\/wp-json\/wp\/v2\/types\/post"}],"author":[{"embeddable":true,"href":"https:\/\/www.europesays.com\/es\/wp-json\/wp\/v2\/users\/2"}],"replies":[{"embeddable":true,"href":"https:\/\/www.europesays.com\/es\/wp-json\/wp\/v2\/comments?post=184204"}],"version-history":[{"count":0,"href":"https:\/\/www.europesays.com\/es\/wp-json\/wp\/v2\/posts\/184204\/revisions"}],"wp:featuredmedia":[{"embeddable":true,"href":"https:\/\/www.europesays.com\/es\/wp-json\/wp\/v2\/media\/184205"}],"wp:attachment":[{"href":"https:\/\/www.europesays.com\/es\/wp-json\/wp\/v2\/media?parent=184204"}],"wp:term":[{"taxonomy":"category","embeddable":true,"href":"https:\/\/www.europesays.com\/es\/wp-json\/wp\/v2\/categories?post=184204"},{"taxonomy":"post_tag","embeddable":true,"href":"https:\/\/www.europesays.com\/es\/wp-json\/wp\/v2\/tags?post=184204"}],"curies":[{"name":"wp","href":"https:\/\/api.w.org\/{rel}","templated":true}]}}