{"id":184212,"date":"2025-10-18T03:33:08","date_gmt":"2025-10-18T03:33:08","guid":{"rendered":"https:\/\/www.europesays.com\/es\/184212\/"},"modified":"2025-10-18T03:33:08","modified_gmt":"2025-10-18T03:33:08","slug":"nosotras-no-entrabamos-en-las-estadisticas-en-el-cribado","status":"publish","type":"post","link":"https:\/\/www.europesays.com\/es\/184212\/","title":{"rendered":"\u00abNosotras no entr\u00e1bamos en las estad\u00edsticas, en el cribado\u00bb"},"content":{"rendered":"<p>\t\t\t\t\t\tLa Asociaci\u00f3n Espa\u00f1ola Contra el C\u00e1ncer present\u00f3 ayer en Vigo su campa\u00f1a \u00abNos lo tomamos a pecho\u00bb<br \/>\n\t\t\t\t\t\t\t\t\t\t\t\t<strong>18 oct 2025<\/strong> . Actualizado a las 05:00 h.\t\t\t\t\t\t<\/p>\n<p class=\"first-paragraph txt\">La Asociaci\u00f3n Espa\u00f1ola Contra el <a href=\"https:\/\/www.lavozdegalicia.es\/temas\/cancer\" rel=\"nofollow noopener\" target=\"_blank\">C\u00e1ncer<\/a> present\u00f3 ayer su campa\u00f1a \u00abNos lo tomamos a pecho\u00bb, para concienciar sobre el <a href=\"https:\/\/www.lavozdegalicia.es\/temas\/cancer-de-mama\" rel=\"nofollow noopener\" target=\"_blank\">c\u00e1ncer de mama<\/a>, cuyo d\u00eda mundial se celebra ma\u00f1ana. Tres pacientes participaron en la presentaci\u00f3n. \u00abEstoy por debajo de los 50 a\u00f1os\u00bb, dijo una de ellas, Roc\u00edo Garc\u00eda, \u00ab\u00c1ngeles tambi\u00e9n. Nosotras no entr\u00e1bamos en las estad\u00edsticas, en el cribado\u00bb.<\/p>\n<p class=\"txt\">El cribado es un programa de mamograf\u00edas a mujeres sin s\u00edntomas. En Galicia, se cita a las que tienen entre 50 y 74. \u00abLo peor es estar acompa\u00f1ada con mi familia, entorno, amigos y al final sentirte sola. La sociedad te va diciendo tranquila, todo va a salir bien, y eso te frustra, porque es un proceso largo\u00bb, dijo \u00c1ngeles P\u00e9rez sobre su experiencia. Mar\u00eda Jes\u00fas Guisasola a\u00f1adi\u00f3: \u00abYo he llevado 30 a\u00f1os en el proceso, he pasado dos veces por la enfermedad. Hace dos a\u00f1os me dieron el alta y ahora me pregunto: \u2018\u2018\u00bfVolver\u00e1?\u2019\u2019\u00bb.<\/p>\n<p>&#13;<br \/>\n\tArchivado en:&#13;<br \/>\n\t\t\t\t\t<a href=\"https:\/\/www.lavozdegalicia.es\/temas\/cancer\/\" target=\"_blank\" class=\"mg-l\" rel=\"nofollow noopener\">C\u00e1ncer<\/a>&#13;<br \/>\n\t\t\t\t\t<a href=\"https:\/\/www.lavozdegalicia.es\/temas\/cancer-de-mama\/\" target=\"_blank\" class=\"mg-l\" rel=\"nofollow noopener\">C\u00e1ncer de mama<\/a>&#13;<br \/>\n\t\t\t\t\t<a href=\"https:\/\/www.lavozdegalicia.es\/temas\/aecc\/\" target=\"_blank\" class=\"mg-l\" rel=\"nofollow noopener\">AECC<\/a>&#13;<br \/>\n\t&#13;<\/p>\n","protected":false},"excerpt":{"rendered":"La Asociaci\u00f3n Espa\u00f1ola Contra el C\u00e1ncer present\u00f3 ayer en Vigo su campa\u00f1a \u00abNos lo tomamos a pecho\u00bb 18&hellip;\n","protected":false},"author":2,"featured_media":184213,"comment_status":"","ping_status":"","sticky":false,"template":"","format":"standard","meta":{"footnotes":""},"categories":[8],"tags":[44618,17,18,1066,8106,25,24,13,14,11,19,20,9,10,15,16,23,12,21,22],"class_list":{"0":"post-184212","1":"post","2":"type-post","3":"status-publish","4":"format-standard","5":"has-post-thumbnail","7":"category-espana","8":"tag-aecc","9":"tag-breaking-news","10":"tag-breakingnews","11":"tag-cancer","12":"tag-cancer-de-mama","13":"tag-es","14":"tag-espana","15":"tag-featured-news","16":"tag-featurednews","17":"tag-headlines","18":"tag-latest-news","19":"tag-latestnews","20":"tag-news","21":"tag-noticias","22":"tag-noticias-destacadas","23":"tag-noticiasdestacadas","24":"tag-spain","25":"tag-titulares","26":"tag-ultimas-noticias","27":"tag-ultimasnoticias"},"share_on_mastodon":{"url":"","error":""},"_links":{"self":[{"href":"https:\/\/www.europesays.com\/es\/wp-json\/wp\/v2\/posts\/184212","targetHints":{"allow":["GET"]}}],"collection":[{"href":"https:\/\/www.europesays.com\/es\/wp-json\/wp\/v2\/posts"}],"about":[{"href":"https:\/\/www.europesays.com\/es\/wp-json\/wp\/v2\/types\/post"}],"author":[{"embeddable":true,"href":"https:\/\/www.europesays.com\/es\/wp-json\/wp\/v2\/users\/2"}],"replies":[{"embeddable":true,"href":"https:\/\/www.europesays.com\/es\/wp-json\/wp\/v2\/comments?post=184212"}],"version-history":[{"count":0,"href":"https:\/\/www.europesays.com\/es\/wp-json\/wp\/v2\/posts\/184212\/revisions"}],"wp:featuredmedia":[{"embeddable":true,"href":"https:\/\/www.europesays.com\/es\/wp-json\/wp\/v2\/media\/184213"}],"wp:attachment":[{"href":"https:\/\/www.europesays.com\/es\/wp-json\/wp\/v2\/media?parent=184212"}],"wp:term":[{"taxonomy":"category","embeddable":true,"href":"https:\/\/www.europesays.com\/es\/wp-json\/wp\/v2\/categories?post=184212"},{"taxonomy":"post_tag","embeddable":true,"href":"https:\/\/www.europesays.com\/es\/wp-json\/wp\/v2\/tags?post=184212"}],"curies":[{"name":"wp","href":"https:\/\/api.w.org\/{rel}","templated":true}]}}