{"id":184216,"date":"2025-10-18T03:35:08","date_gmt":"2025-10-18T03:35:08","guid":{"rendered":"https:\/\/www.europesays.com\/es\/184216\/"},"modified":"2025-10-18T03:35:08","modified_gmt":"2025-10-18T03:35:08","slug":"el-confia-base-oviedo-visita-al-alcobendas","status":"publish","type":"post","link":"https:\/\/www.europesays.com\/es\/184216\/","title":{"rendered":"El Conf\u00eda Base Oviedo visita al Alcobendas"},"content":{"rendered":"<p class=\"ft-text\">El Conf\u00eda Base Oviedo busca hoy (18.30 horas) en Alcobendas su primera victoria del curso en Divisi\u00f3n de Honor Plata. Juegan tambi\u00e9n hoy, en el grupo B de Primera, el Royal Premium (17.00) en casa ante el Mea\u00f1o; el Vetusta en casa (18:00) ante el Sanse; y el Horizonte Atl\u00e9tica en casa (18.00) ante el Torrelavega. En Plata femenina, el Balonmano Gij\u00f3n recibe (19.30) al Mea\u00f1o.<\/p>\n<p><a id=\"comments\" name=\"comments\" title=\"\" class=\"ft-anchor ft-anchor--absolute ft-helper-spacer-voffset-xlg\" rel=\"\"><\/a><\/p>\n","protected":false},"excerpt":{"rendered":"El Conf\u00eda Base Oviedo busca hoy (18.30 horas) en Alcobendas su primera victoria del curso en Divisi\u00f3n de&hellip;\n","protected":false},"author":2,"featured_media":32896,"comment_status":"","ping_status":"","sticky":false,"template":"","format":"standard","meta":{"footnotes":""},"categories":[278],"tags":[1938,376,5715,3279,168,25,24,375,1796,2525,23,167,938],"class_list":{"0":"post-184216","1":"post","2":"type-post","3":"status-publish","4":"format-standard","5":"has-post-thumbnail","7":"category-balonmano","8":"tag-alcobendas","9":"tag-balonmano","10":"tag-base","11":"tag-confia","12":"tag-deportes","13":"tag-es","14":"tag-espana","15":"tag-handball","16":"tag-oviedo","17":"tag-plata","18":"tag-spain","19":"tag-sports","20":"tag-visita"},"share_on_mastodon":{"url":"","error":""},"_links":{"self":[{"href":"https:\/\/www.europesays.com\/es\/wp-json\/wp\/v2\/posts\/184216","targetHints":{"allow":["GET"]}}],"collection":[{"href":"https:\/\/www.europesays.com\/es\/wp-json\/wp\/v2\/posts"}],"about":[{"href":"https:\/\/www.europesays.com\/es\/wp-json\/wp\/v2\/types\/post"}],"author":[{"embeddable":true,"href":"https:\/\/www.europesays.com\/es\/wp-json\/wp\/v2\/users\/2"}],"replies":[{"embeddable":true,"href":"https:\/\/www.europesays.com\/es\/wp-json\/wp\/v2\/comments?post=184216"}],"version-history":[{"count":0,"href":"https:\/\/www.europesays.com\/es\/wp-json\/wp\/v2\/posts\/184216\/revisions"}],"wp:featuredmedia":[{"embeddable":true,"href":"https:\/\/www.europesays.com\/es\/wp-json\/wp\/v2\/media\/32896"}],"wp:attachment":[{"href":"https:\/\/www.europesays.com\/es\/wp-json\/wp\/v2\/media?parent=184216"}],"wp:term":[{"taxonomy":"category","embeddable":true,"href":"https:\/\/www.europesays.com\/es\/wp-json\/wp\/v2\/categories?post=184216"},{"taxonomy":"post_tag","embeddable":true,"href":"https:\/\/www.europesays.com\/es\/wp-json\/wp\/v2\/tags?post=184216"}],"curies":[{"name":"wp","href":"https:\/\/api.w.org\/{rel}","templated":true}]}}