{"id":184219,"date":"2025-10-18T03:41:07","date_gmt":"2025-10-18T03:41:07","guid":{"rendered":"https:\/\/www.europesays.com\/es\/184219\/"},"modified":"2025-10-18T03:41:07","modified_gmt":"2025-10-18T03:41:07","slug":"verstappen-se-lleva-la-minipole-sobre-norris-y-piastri-y-vuelton-magico-de-alonso","status":"publish","type":"post","link":"https:\/\/www.europesays.com\/es\/184219\/","title":{"rendered":"Verstappen se lleva la minipole sobre Norris y Piastri&#8230; y vuelt\u00f3n m\u00e1gico de Alonso"},"content":{"rendered":"<p data-mrf-recirculation=\"Links P\u00e1rrafos\" class=\"ue-c-article__paragraph paragraph ue-c-article--first-letter-highlighted\">Sorpresas y muchas en la<strong> qualy Sprint del Gran Premio de Estados Unidos,<\/strong> con un Max <strong>Verstappen <\/strong>en plan <strong>\u00e9pico <\/strong>y superando a los dos McLaren, <strong>Norris y Piastri, <\/strong>por lo que podr\u00e1 salir este s\u00e1bado a descontar de nuevo y <strong>seguir en su cabalgada hacia su quinto t\u00edtulo Mundial.<\/strong> No ceja en su empe\u00f1o, pese a que los papaya se ve\u00eda realmente fuerte toda la sesi\u00f3n.<\/p>\n<p data-mrf-recirculation=\"Links P\u00e1rrafos\" class=\"ue-c-article__paragraph paragraph\">Por detr\u00e1s de ellos se meti\u00f3 un impresionante <strong>Nico Hulkenberg<\/strong>, podio en Gran Breta\u00f1a este a\u00f1o, quien sorprendi\u00f3 a Russell y a casi todos para colarse cuarto. Todo un especialista en calificaci\u00f3n, como ha demostrado una vez m\u00e1s.<\/p>\n<p>Magia de Alonso y de Sainz<\/p>\n<p data-mrf-recirculation=\"Links P\u00e1rrafos\" class=\"ue-c-article__paragraph paragraph\">Y <strong>Fernando Alonso, se sac\u00f3 otra de las suyas de la chistera con el AMR25 al que no se esperaba,<\/strong> ni \u00e9l mismo, con el que superaba a Carlos <strong>Sainz <\/strong>y a Lewis <strong>Hamilton<\/strong>, para hacerse con la sexta plaza. Est\u00e1 en condiciones de puntuar (lo hacen los 8 primeros en el Sprint) en uno de los <strong>puntos negros del calendario<\/strong> para Aston.<\/p>\n<p data-mrf-recirculation=\"Links P\u00e1rrafos\" class=\"ue-c-article__paragraph paragraph\">Y no menos meritoria fue la s\u00e9ptima plaza de <strong>Carlos, dos puestos por delante de Alex Albon y a una mil\u00e9sima de Alonso.<\/strong> Estuvo cerca tambi\u00e9n de Russell, con lo que eso significa. Especial m\u00e9rito tiene que <strong>s\u00f3lo tuvo 8 vueltas por la ma\u00f1ana <\/strong>y pese a todos sali\u00f3 a pista como si hubiera tenido todo el tiempo del mundo. Se le da bien el COTA, donde hizo <strong>dos podios<\/strong> en 2024 y 2023 y <strong>quiere estar cerca de nuevo, si no es el s\u00e1bado, quiz\u00e1 el domingo, <\/strong>pero con un Williams.<\/p>\n<p><img decoding=\"async\" width=\"379\" height=\"588\" class=\"ue-c-article__image lazyload\" alt=\"Tiempos finales SQ3.\" loading=\"lazy\" src=\"https:\/\/www.europesays.com\/es\/wp-content\/uploads\/2025\/10\/68f2c08a9b293.jpeg\"\/><\/p>\n<p>Tiempos finales SQ3.LTN<\/p>\n<p>SQ2: Sainz 6\u00ba, Alonso 9\u00ba y Antonelli fuera<\/p>\n<p data-mrf-recirculation=\"Links P\u00e1rrafos\" class=\"ue-c-article__paragraph paragraph\">Los dos<strong> Ferrari le pusieron picante al final, pues estaban eliminados <\/strong>a falta de segundos. <strong>Leclerc <\/strong>pudo superar a Alonso y <strong>Hamilton <\/strong>qued\u00f3 justo por detr\u00e1s, d\u00e9cimo pero dentro.<\/p>\n<p data-mrf-recirculation=\"Links P\u00e1rrafos\" class=\"ue-c-article__paragraph paragraph\">Carlos Sainz s\u00f3lo pudo tener un intento, pero<strong> le sirvi\u00f3 para ser sexto y ser el primero de los mortales<\/strong> de nuevo y delante de Albon..<\/p>\n<p><img decoding=\"async\" width=\"855\" height=\"412\" class=\"ue-c-article__image lazyload\" alt=\"Tiempos SQ2.\" loading=\"lazy\" src=\"https:\/\/www.europesays.com\/es\/wp-content\/uploads\/2025\/10\/68f2bddd7380d.jpeg\"\/><\/p>\n<p>Tiempos SQ2.FIA<\/p>\n<p>SQ1: Sainz pas\u00f3 como quinto, Alonso como 12\u00ba<\/p>\n<p data-mrf-recirculation=\"Links P\u00e1rrafos\" class=\"ue-c-article__paragraph paragraph\"><strong>Carlos<\/strong>, pese a la aver\u00eda de la ma\u00f1ana, estuvo sobrado en su estreno con los neum\u00e1ticos medios, acab\u00f3 <strong>quinto <\/strong>en la primera ronda.. <strong>Norris era primero y Verstappen segundo a 0.139.<\/strong> Parec\u00eda que iba a estar entre ellos.<\/p>\n<p><img decoding=\"async\" width=\"367\" height=\"595\" class=\"ue-c-article__image lazyload\" alt=\"Tiempos SQ1.\" loading=\"lazy\" src=\"https:\/\/www.europesays.com\/es\/wp-content\/uploads\/2025\/10\/68f2b9088b5b6.jpeg\"\/><\/p>\n<p>Tiempos SQ1.LTN<\/p>\n<p data-mrf-recirculation=\"Links P\u00e1rrafos\" class=\"ue-c-article__paragraph paragraph\">Y<strong> Alonso vivi\u00f3 un episodio de nervios<\/strong>, al quedarse enganchado en el <strong>tr\u00e1fico del pit.\u00a0<\/strong><\/p>\n<p data-mrf-recirculation=\"Links P\u00e1rrafos\" class=\"ue-c-article__paragraph paragraph\">Hubo varios\u00a0coches que no sal\u00edan a tiempo por delante y el espa\u00f1ol no pudo tener un segundo intento, aunque<strong> le bast\u00f3 para entrar como 12\u00ba<\/strong> y pasar a la siguiente fase. Stroll era 14\u00ba.<\/p>\n","protected":false},"excerpt":{"rendered":"Sorpresas y muchas en la qualy Sprint del Gran Premio de Estados Unidos, con un Max Verstappen en&hellip;\n","protected":false},"author":2,"featured_media":184220,"comment_status":"","ping_status":"","sticky":false,"template":"","format":"standard","meta":{"footnotes":""},"categories":[270],"tags":[168,25,24,306,271,272,23,167],"class_list":{"0":"post-184219","1":"post","2":"type-post","3":"status-publish","4":"format-standard","5":"has-post-thumbnail","7":"category-formula-1","8":"tag-deportes","9":"tag-es","10":"tag-espana","11":"tag-f1","12":"tag-formula-1","13":"tag-formula1","14":"tag-spain","15":"tag-sports"},"share_on_mastodon":{"url":"","error":""},"_links":{"self":[{"href":"https:\/\/www.europesays.com\/es\/wp-json\/wp\/v2\/posts\/184219","targetHints":{"allow":["GET"]}}],"collection":[{"href":"https:\/\/www.europesays.com\/es\/wp-json\/wp\/v2\/posts"}],"about":[{"href":"https:\/\/www.europesays.com\/es\/wp-json\/wp\/v2\/types\/post"}],"author":[{"embeddable":true,"href":"https:\/\/www.europesays.com\/es\/wp-json\/wp\/v2\/users\/2"}],"replies":[{"embeddable":true,"href":"https:\/\/www.europesays.com\/es\/wp-json\/wp\/v2\/comments?post=184219"}],"version-history":[{"count":0,"href":"https:\/\/www.europesays.com\/es\/wp-json\/wp\/v2\/posts\/184219\/revisions"}],"wp:featuredmedia":[{"embeddable":true,"href":"https:\/\/www.europesays.com\/es\/wp-json\/wp\/v2\/media\/184220"}],"wp:attachment":[{"href":"https:\/\/www.europesays.com\/es\/wp-json\/wp\/v2\/media?parent=184219"}],"wp:term":[{"taxonomy":"category","embeddable":true,"href":"https:\/\/www.europesays.com\/es\/wp-json\/wp\/v2\/categories?post=184219"},{"taxonomy":"post_tag","embeddable":true,"href":"https:\/\/www.europesays.com\/es\/wp-json\/wp\/v2\/tags?post=184219"}],"curies":[{"name":"wp","href":"https:\/\/api.w.org\/{rel}","templated":true}]}}