{"id":184221,"date":"2025-10-18T03:42:13","date_gmt":"2025-10-18T03:42:13","guid":{"rendered":"https:\/\/www.europesays.com\/es\/184221\/"},"modified":"2025-10-18T03:42:13","modified_gmt":"2025-10-18T03:42:13","slug":"cronica-as-monaco-valencia-basket-euroliga-en-el-regreso-de-jean-montero","status":"publish","type":"post","link":"https:\/\/www.europesays.com\/es\/184221\/","title":{"rendered":"Cr\u00f3nica AS M\u00f3naco &#8211; Valencia Basket Euroliga en el regreso de Jean Montero"},"content":{"rendered":"<p class=\"ft-text\"><strong>La Euroliga no perdona y menos si un equipo concede 57 puntos en la primera parte<\/strong>. Un<a class=\"ft-link ft-link--decoration\" href=\"https:\/\/www.superdeporte.es\/valencia-basket\/2025\/10\/17\/monaco-valencia-basket-euroliga-vivo-directo-122733760.html\" rel=\"nofollow noopener\" target=\"_blank\"> lastre para un Valencia Basket que se fue al descanso con 20 puntos de desventaja<\/a> y que, pese a la gran reacci\u00f3n en el tercer cuarto, no fue capaz de imponer su ritmo al final pese a llegar a so\u00f1ar con la remontada hasta los \u00faltimos minutos, en los que el Valencia BC pudo llevar los nervios al AS M\u00f3naco de no haber sido por varios fallos seguidos desde el 6.75. As\u00ed, lleg\u00f3 la tercera derrota consecutiva en la Euroliga (<a class=\"ft-link ft-link--decoration\" href=\"https:\/\/www.euroleaguebasketball.net\/es\/euroleague\/game-center\/2025-26\/as-monaco-valencia-basket\/E2025\/46\/#box-score\" rel=\"nofollow noopener\" target=\"_blank\">90-84<\/a>), justo en el partido en el que regres\u00f3 a las pistas Jean Montero, a\u00fan lejos de su mejor nivel en sus primeros minutos de la temporada.<\/p>\n<p class=\"ft-text\"><a class=\"ft-link ft-link--decoration\" href=\"https:\/\/www.superdeporte.es\/valencia-basket\/2025\/10\/16\/ike-iroegbu-valencia-basket-despedido-122677717.html\" rel=\"nofollow noopener\" target=\"_blank\">Ya sin Nate Sestina ni Ike Iroegbu<\/a>, Pedro Mart\u00ednez a\u00fan tuvo que hacer un descarte tras <a class=\"ft-link ft-link--decoration\" href=\"https:\/\/www.superdeporte.es\/valencia-basket\/2025\/10\/17\/jean-montero-listo-jugar-monaco-euroliga-primer-partido-tras-lesion-122737035.html\" rel=\"nofollow noopener\" target=\"_blank\">el esperado regreso de Jean Montero<\/a>. Y el elegido en esta ocasi\u00f3n fue Isaac Nogu\u00e9s. El dominicano, sin embargo, no sal\u00eda de inicio tras un largo per\u00edodo alejado de las pistas y <strong>Pedro Mart\u00ednez apostaba por un quinteto formado por De Larrea, Omari Moore, Kameron Taylor, Jaime Pradilla y Nate Reuvers<\/strong>.<\/p>\n<p class=\"ft-text\"><strong>Poco le durar\u00eda la apuesta inicial el t\u00e9cnico, quien cambi\u00f3 el quinteto al completo poco despu\u00e9s de los cuatro minutos de partido<\/strong>, tras un flojo inicio en el que el M\u00f3naco logr\u00f3 poner un 11-4 ante un Valencia Basket en el solo Reuvers vio aro en dos ocasiones.<\/p>\n<p><img decoding=\"async\" src=\"https:\/\/www.europesays.com\/es\/wp-content\/uploads\/2025\/10\/9af25864-2de8-4e07-b93a-bd4f06b4db96_alta-libre-aspect-ratio_default_0.jpg\" width=\"1200\" height=\"820\" alt=\"Nate Reuvers lanza a canasta ante la oposici\u00f3n de Daniel Theis.\" class=\"ft-helper-img-rd\" loading=\"lazy\" hasdataaida=\"true\"\/><\/p>\n<p class=\"ft-helper-fontColor-quaternary ft-helper-fontSize-body-S ft-helper-spacer-t-xxs\">Nate Reuvers lanza a canasta ante la oposici\u00f3n de Daniel Theis.  \/ SEBASTIEN NOGIER \/ EFE<\/p>\n<p class=\"ft-text\">Strazel segu\u00eda haciendo da\u00f1o en el tiro exterior (14-6) tras la primera canasta de De Larrea y aunque l<strong>legaron los triples de Taylor y Puerto para reducir diferencias hasta un 16-14<\/strong>, los taronja volvieron a alejarse tras un parcial de 5-0 protagonizado por un Mirotic que empezaba a despertar y a ser una amenaza tanto en el interior como en el exterior.<\/p>\n<p class=\"ft-text\"><strong>Josep Puerto, el \u00fanico inspirado en los visitantes, sumaba de nuevo de tres para mantener a los taronja en el partido<\/strong>, ya con un Jean Montero en pista sumando sus dos primeros puntos de la temporada desde la l\u00ednea de tiros libres, hasta llegar al 27-22 del final del primer cuarto.<\/p>\n<p class=\"ft-text\"><strong>La mayor rotaci\u00f3n taronja no permit\u00eda encontrar el ritmo de juego habitual<\/strong>, con L\u00f3pez-Arostegui como \u00fanico jugador visitante sin minutos por el momento.<\/p>\n<p>Segundo cuarto para olvidar<\/p>\n<p class=\"ft-text\">Y en la vuelta a la pista, un Mirotic en estado de gracia sumaba de tres en tres con un 2+1 y un triple para superar por primera vez la barrera de los 10 puntos (33-22). <strong>Pedro Mart\u00ednez paraba el partido despu\u00e9s de tres minutos sin anotar<\/strong>, pero al margen de los malos porcentajes en el tiro, el Valencia BC sufr\u00eda por su fragilidad defensiva ante un M\u00f3naco que encontraba de nuevo en los triples la mejor arma para hurgar en la herida taronja, en las manos de Strazel y Theis. (45-29).<\/p>\n<p><img decoding=\"async\" src=\"https:\/\/www.europesays.com\/es\/wp-content\/uploads\/2025\/10\/cfef68f7-66bb-4091-8af9-7009ebb37ea1_alta-libre-aspect-ratio_default_0.jpg\" width=\"1200\" height=\"795\" alt=\"Matt Costello y un Neal Sako muy err\u00e1tico en el tiro, pero con 6 rebotes, 5 de ellos ofensivos.\" class=\"ft-helper-img-rd\" loading=\"lazy\" hasdataaida=\"true\"\/><\/p>\n<p class=\"ft-helper-fontColor-quaternary ft-helper-fontSize-body-S ft-helper-spacer-t-xxs\">Matt Costello y un Neal Sako muy err\u00e1tico en el tiro, pero con 6 rebotes, 5 de ellos ofensivos.  \/ SEBASTIEN NOGIER \/ EFE<\/p>\n<p class=\"ft-text\">Darius Thompson, con un 2+1 y Costello, con un triple, intentaban impulsar la reacci\u00f3n taronja, pero tras la tercera falta de De Larrea,<strong> los de Spanoulis lograban un parcial de 9-0 liderados por Mike James y Strazel<\/strong>, al margen de un 2+1 de Theis que puso el 54-35.<\/p>\n<p class=\"ft-text\">El Valencia BC estaba mal en ataque y en defensa y pese a una canasta de Badio casi al final del segundo cuarto, <strong>los taronja se fueron a vestuarios con un -20 despu\u00e9s de tres tiros libres sin fallo de Mike James<\/strong>, que sumaba m\u00e1s puntos desde el 4,60 (5) que en acciones de juego (4).<\/p>\n<p>Otro Valencia BC tras el descanso<\/p>\n<p class=\"ft-text\"><strong>El paso por vestuarios cambiaba el chip del Valencia Basket<\/strong>. Taylor abr\u00eda el marcador con un triple y aunque Diallo no tard\u00f3 en responder desde el 6,75, Darius Thompson y Pradilla en dos ocasiones, lograban reducir las diferencias hasta el 60-47 en un visto y no visto.<\/p>\n<p class=\"ft-text\">Blossomgame frenaba la remontada con cuatro puntos seguidos, pero<strong> la respuesta de Badio fue m\u00e1s contundente, con dos triples y ocho puntos seguidos<\/strong> que compensaban el trabajo en defensa que, ahora s\u00ed, daba sus frutos en los visitantes (64-55).<\/p>\n<p><img decoding=\"async\" src=\"https:\/\/www.europesays.com\/es\/wp-content\/uploads\/2025\/10\/6a33ad4b-464d-4f3a-b437-d4511c62f6f8_alta-libre-aspect-ratio_default_0.jpg\" width=\"1200\" height=\"853\" alt=\"Daniel Theis, ante un Brancou Badio que lider\u00f3 la reacci\u00f3n taronja tras el descanso.\" class=\"ft-helper-img-rd\" loading=\"lazy\" hasdataaida=\"true\"\/><\/p>\n<p class=\"ft-helper-fontColor-quaternary ft-helper-fontSize-body-S ft-helper-spacer-t-xxs\">Daniel Theis, ante un Brancou Badio que lider\u00f3 la reacci\u00f3n taronja tras el descanso.  \/ SEBASTIEN NOGIER \/ EFE<\/p>\n<p class=\"ft-text\">El M\u00f3naco no se encontraba c\u00f3modo, ya no le entraban los tiros y a pesar de un mate de Diallo, volv\u00edan a sufrir para frenar el vendaval taronja, con una acci\u00f3n de Montero sobre un Mirotic cargado de faltas y <strong>un triple de De Larrea tras asistencia de Pradilla que puso el 66-60<\/strong> a 2:56 de terminar el tercer cuarto.<\/p>\n<p class=\"ft-text\"><strong>El Valencia BC se hab\u00eda ganado el derecho a seguir creyendo en la remontada<\/strong> y aunque Miroric y Nedovic volv\u00edan a aumentar la diferencia hasta el 71-62, con diez minutos por delante, los de Pedro Mart\u00ednez sab\u00edan ya que era posible la remontada.<\/p>\n<p>Frenazo en la remontada<\/p>\n<p class=\"ft-text\"><strong>Nada mejor que un triple para seguir creyendo y lleg\u00f3 en las manos de Costello al inicio del \u00faltimo cuarto (71-65)<\/strong>. Pero despu\u00e9s de volverse a poner a seis puntos, el M\u00f3naco impuso de nuevo su ritmo de juego para frenar a un Valencia Basket que no encontraba ya la fluidez en ataque.<\/p>\n<p class=\"ft-text\"><strong>Theis primero y un triple de Nedovic despu\u00e9s volv\u00edan a poner a los locales por encima de la barrera de los 10 puntos<\/strong> y aunque Reuvers y De Larrea devolv\u00edan algo de ox\u00edgeno a los taronja, Diallo y Hayes en dos ocasiones, permit\u00edan al M\u00f3naco mantener una c\u00f3moda ventaja (83-72).<\/p>\n<p><img decoding=\"async\" src=\"https:\/\/www.europesays.com\/es\/wp-content\/uploads\/2025\/10\/c1437de1-51c4-46af-aa4c-8c4c5d812a6a_alta-libre-aspect-ratio_default_0.jpg\" width=\"1200\" height=\"821\" alt=\"Sergio De Larrea, ante uno de los mejores jugadores de la Euroliga, Mike James.\" class=\"ft-helper-img-rd\" loading=\"lazy\" hasdataaida=\"true\"\/><\/p>\n<p class=\"ft-helper-fontColor-quaternary ft-helper-fontSize-body-S ft-helper-spacer-t-xxs\">Sergio De Larrea, ante uno de los mejores jugadores de la Euroliga, Mike James.  \/ SEBASTIEN NOGIER \/ EFE<\/p>\n<p class=\"ft-text\">Los taronja, sin embargo, no bajaban los brazos y aunque les costaba anotar en juego, <strong>aprovechaban el paso por el 4,60 para recortar diferencias con Puerto, Darius Thompson y Badio (85-78)<\/strong>. Una reacci\u00f3n que habr\u00eda sido m\u00e1s contundente de haber anotado los tres triples fallados instantes antes en manos de Badio y Puerto, curiosamente los m\u00e1ximos anotadores taronja del partido.<\/p>\n<p class=\"ft-text\">Solo cab\u00eda esperar poco menos que un milagro para remontar ya y no lleg\u00f3. Aunque llegaban puntos en acciones r\u00e1pidas de Badio y Darius, <strong>los taronja no lograban cerrar la defensa y acababan por sumar su <\/strong><a class=\"ft-link ft-link--decoration\" href=\"https:\/\/www.superdeporte.es\/valencia-basket\/2025\/10\/15\/extaronja-chris-jones-frena-remontada-valencia-basket-hapoel-122661372.html\" rel=\"nofollow noopener\" target=\"_blank\"><strong>tercera derrota consecutiva en la Euroliga<\/strong><\/a><strong>, al caer 90-84<\/strong>. Y sin descanso, el domingo ante el Hiopos Lleida a domicilio.<\/p>\n<p>&#8211; Ficha t\u00e9cnica:<\/p>\n<p class=\"ft-text\"><strong>90.- M\u00f3naco (27+30+14+19)<\/strong>: Strazel (14), James (9), Blossomgame (8), Theis (10), Diallo (16) -cinco titular-, Okobo (4), Hayes (6), Tarpey (-), Nedovic (8) y Mirotic (15).<\/p>\n<p class=\"ft-text\"><strong>84.- Valencia Basket (22+15+25+22)<\/strong>: De Larrea (7), Moore (2), Taylor (6), Pradilla (5), Reuvers (10) -cinco titular-, Badio (18), Puerto (13), Montero (4), Sako (3), Thompson (10) y Costello (6).<\/p>\n<p class=\"ft-text\"><strong>\u00c1rbitros<\/strong>: Hordov (CRO), Shemmesh (ISR) y Kowalski (POL). Eliminaron por cinco faltas al visitante De Larrea (m.34).<\/p>\n<p class=\"ft-text\"><strong>Incidencias<\/strong>: partido correspondiente a la quinta jornada de la fase regular de la Euroliga disputado en la Salle Gast\u00f3n M\u00e9decin de M\u00f3naco ante unos cuatro mil espectadores<\/p>\n","protected":false},"excerpt":{"rendered":"La Euroliga no perdona y menos si un equipo concede 57 puntos en la primera parte. Un lastre&hellip;\n","protected":false},"author":2,"featured_media":184222,"comment_status":"","ping_status":"","sticky":false,"template":"","format":"standard","meta":{"footnotes":""},"categories":[269],"tags":[51734,299,298,2440,168,2244,25,24,833,13601,5095,12326,6461,23,167,11054,2393,235,2916],"class_list":{"0":"post-184221","1":"post","2":"type-post","3":"status-publish","4":"format-standard","5":"has-post-thumbnail","7":"category-baloncesto","8":"tag-as-monaco","9":"tag-baloncesto","10":"tag-basketball","11":"tag-bc","12":"tag-deportes","13":"tag-derrota","14":"tag-es","15":"tag-espana","16":"tag-euroliga","17":"tag-jean-montero","18":"tag-monaco","19":"tag-pedro-martinez","20":"tag-reacciona","21":"tag-spain","22":"tag-sports","23":"tag-tarde","24":"tag-tercera","25":"tag-valencia","26":"tag-valencia-basket"},"share_on_mastodon":{"url":"","error":""},"_links":{"self":[{"href":"https:\/\/www.europesays.com\/es\/wp-json\/wp\/v2\/posts\/184221","targetHints":{"allow":["GET"]}}],"collection":[{"href":"https:\/\/www.europesays.com\/es\/wp-json\/wp\/v2\/posts"}],"about":[{"href":"https:\/\/www.europesays.com\/es\/wp-json\/wp\/v2\/types\/post"}],"author":[{"embeddable":true,"href":"https:\/\/www.europesays.com\/es\/wp-json\/wp\/v2\/users\/2"}],"replies":[{"embeddable":true,"href":"https:\/\/www.europesays.com\/es\/wp-json\/wp\/v2\/comments?post=184221"}],"version-history":[{"count":0,"href":"https:\/\/www.europesays.com\/es\/wp-json\/wp\/v2\/posts\/184221\/revisions"}],"wp:featuredmedia":[{"embeddable":true,"href":"https:\/\/www.europesays.com\/es\/wp-json\/wp\/v2\/media\/184222"}],"wp:attachment":[{"href":"https:\/\/www.europesays.com\/es\/wp-json\/wp\/v2\/media?parent=184221"}],"wp:term":[{"taxonomy":"category","embeddable":true,"href":"https:\/\/www.europesays.com\/es\/wp-json\/wp\/v2\/categories?post=184221"},{"taxonomy":"post_tag","embeddable":true,"href":"https:\/\/www.europesays.com\/es\/wp-json\/wp\/v2\/tags?post=184221"}],"curies":[{"name":"wp","href":"https:\/\/api.w.org\/{rel}","templated":true}]}}