{"id":184227,"date":"2025-10-18T03:45:10","date_gmt":"2025-10-18T03:45:10","guid":{"rendered":"https:\/\/www.europesays.com\/es\/184227\/"},"modified":"2025-10-18T03:45:10","modified_gmt":"2025-10-18T03:45:10","slug":"un-cuadro-de-picasso-desaparecio-camino-a-una-exposicion","status":"publish","type":"post","link":"https:\/\/www.europesays.com\/es\/184227\/","title":{"rendered":"Un cuadro de Picasso desapareci\u00f3 camino a una exposici\u00f3n"},"content":{"rendered":"<p>      CNN<br \/>\n        \u00a0\u2014\u00a0<\/p>\n<p class=\"paragraph inline-placeholder vossi-paragraph\" data-uri=\"es.cms.cnn.com\/_components\/paragraph\/instances\/cmgvixw2o003w27p06gqk4cfx@published\" data-editable=\"text\" data-component-name=\"paragraph\" data-article-gutter=\"true\">\n            La polic\u00eda espa\u00f1ola investiga la desaparici\u00f3n de una pintura de <a href=\"https:\/\/cnnespanol.cnn.com\/video\/pablo-picasso-pinturas-secreto-misterio-nuestro-mundo-cnn\" rel=\"nofollow noopener\" target=\"_blank\">Pablo Picasso<\/a>, aparentemente desaparecida camino a una exposici\u00f3n.\n    <\/p>\n<p class=\"paragraph inline-placeholder vossi-paragraph\" data-uri=\"es.cms.cnn.com\/_components\/paragraph\/instances\/cmgvj5e910007356nffxqlytt@published\" data-editable=\"text\" data-component-name=\"paragraph\" data-article-gutter=\"true\">\n            La obra en gouache de 1919 \u201cNaturaleza muerta con guitarra\u201d, que mide solo 12,7 x 9,8 cent\u00edmetros (5 x 3,9 pulgadas), deb\u00eda exhibirse a partir del 9 de octubre, como parte de una exposici\u00f3n temporal en el Centro Cultural CajaGranada en la ciudad de Granada, al sur de Espa\u00f1a.\n    <\/p>\n<p>       <img decoding=\"async\" src=\"https:\/\/www.europesays.com\/es\/wp-content\/uploads\/2025\/10\/cuadro-picasso.JPG\" alt=\"La obra de Picasso de 1919 \u00abNaturaleza muerta con guitarra\u00bb iba a exponerse en Granada, en el sur de Espa\u00f1a.\" class=\"image_expandable__dam-img image_expandable__dam-img--loading\" onload=\"this.classList.remove('image_expandable__dam-img--loading')\" onerror=\"imageLoadError(this)\" height=\"794\" width=\"495\" loading=\"lazy\"\/><\/p>\n<p class=\"paragraph inline-placeholder vossi-paragraph\" data-uri=\"es.cms.cnn.com\/_components\/paragraph\/instances\/cmgvj5e910008356nzk9rh16q@published\" data-editable=\"text\" data-component-name=\"paragraph\" data-article-gutter=\"true\">\n            La obra pertenece a un coleccionista privado y estaba asegurada por un valor estimado de 600.000 euros (US$ 700.000), confirm\u00f3 el viernes la Fundaci\u00f3n CajaGranada, propietaria del centro cultural, a Reuters.\n    <\/p>\n<p class=\"paragraph inline-placeholder vossi-paragraph\" data-uri=\"es.cms.cnn.com\/_components\/paragraph\/instances\/cmgvj5e910009356nps97eih4@published\" data-editable=\"text\" data-component-name=\"paragraph\" data-article-gutter=\"true\">\n            El viernes anterior a la apertura de la exposici\u00f3n, una furgoneta de una empresa de transporte lleg\u00f3 al centro cultural, seg\u00fan lo previsto, para entregar obras desde Madrid, indic\u00f3 la Fundaci\u00f3n CajaGranada en un comunicado de prensa el jueves.\n    <\/p>\n<p class=\"paragraph inline-placeholder vossi-paragraph\" data-uri=\"es.cms.cnn.com\/_components\/paragraph\/instances\/cmgvj5e91000a356nkqh1h8c3@published\" data-editable=\"text\" data-component-name=\"paragraph\" data-article-gutter=\"true\">\n            Todas las obras se trasladaron en un solo movimiento continuo desde la furgoneta hasta un montacargas que traslad\u00f3 a todos los empleados de la empresa de transporte a la vez desde la planta -1 hasta el piso 1, seg\u00fan el centro.\n    <\/p>\n<p class=\"paragraph inline-placeholder vossi-paragraph\" data-uri=\"es.cms.cnn.com\/_components\/paragraph\/instances\/cmgvj5e91000b356ns39jvxqj@published\" data-editable=\"text\" data-component-name=\"paragraph\" data-article-gutter=\"true\">\n            Posteriormente, los objetos fueron trasladados del ascensor a la sala de exposiciones bajo videovigilancia, seg\u00fan el comunicado.\n    <\/p>\n<p class=\"paragraph inline-placeholder vossi-paragraph\" data-uri=\"es.cms.cnn.com\/_components\/paragraph\/instances\/cmgvj5e91000c356n4e66zouh@published\" data-editable=\"text\" data-component-name=\"paragraph\" data-article-gutter=\"true\">\n            Tras verificar el origen de los diferentes paquetes, el responsable de la exposici\u00f3n acord\u00f3 con la empresa de transporte que se firmar\u00eda la entrega, antes del desembalaje de las piezas el lunes siguiente.\n    <\/p>\n<p class=\"paragraph inline-placeholder vossi-paragraph\" data-uri=\"es.cms.cnn.com\/_components\/paragraph\/instances\/cmgvj5e91000d356nubovbrc0@published\" data-editable=\"text\" data-component-name=\"paragraph\" data-article-gutter=\"true\">\n            Los paquetes permanecieron bajo videovigilancia en todo momento durante el fin de semana, y el desembalaje comenz\u00f3 a las 8:30 a.m. del lunes, seg\u00fan el centro.\n    <\/p>\n<p class=\"paragraph inline-placeholder vossi-paragraph\" data-uri=\"es.cms.cnn.com\/_components\/paragraph\/instances\/cmgvj5e91000e356ncv30vsct@published\" data-editable=\"text\" data-component-name=\"paragraph\" data-article-gutter=\"true\">\n            Las grabaciones han sido revisadas y no se produjeron incidentes durante el fin de semana, indic\u00f3.\n    <\/p>\n<p class=\"paragraph inline-placeholder vossi-paragraph\" data-uri=\"es.cms.cnn.com\/_components\/paragraph\/instances\/cmgvj5e91000f356nxayyifeb@published\" data-editable=\"text\" data-component-name=\"paragraph\" data-article-gutter=\"true\">\n            A media ma\u00f1ana, el personal de la Fundaci\u00f3n CajaGranada hab\u00eda terminado de desembalar las obras y las hab\u00eda colocado en la sala.\n    <\/p>\n<p class=\"paragraph inline-placeholder vossi-paragraph\" data-uri=\"es.cms.cnn.com\/_components\/paragraph\/instances\/cmgvj5e91000g356nqheffglx@published\" data-editable=\"text\" data-component-name=\"paragraph\" data-article-gutter=\"true\">\n            Fue entonces cuando la comisaria de la exposici\u00f3n y la responsable de exposiciones se dieron cuenta de que faltaba \u201cNaturaleza muerta con guitarra\u201d de Picasso.\n    <\/p>\n<p class=\"paragraph inline-placeholder vossi-paragraph\" data-uri=\"es.cms.cnn.com\/_components\/paragraph\/instances\/cmgvj5e91000h356n0mz75h46@published\" data-editable=\"text\" data-component-name=\"paragraph\" data-article-gutter=\"true\">\n            La fundaci\u00f3n inform\u00f3 entonces a la polic\u00eda sobre la obra desaparecida, seg\u00fan el comunicado.\n    <\/p>\n<p class=\"paragraph inline-placeholder vossi-paragraph\" data-uri=\"es.cms.cnn.com\/_components\/paragraph\/instances\/cmgvj5e91000i356nwbt0t972@published\" data-editable=\"text\" data-component-name=\"paragraph\" data-article-gutter=\"true\">\n            Se revisaron las grabaciones de video del fin de semana y no se detectaron incidentes, se\u00f1al\u00f3.\n    <\/p>\n<p class=\"paragraph inline-placeholder vossi-paragraph\" data-uri=\"es.cms.cnn.com\/_components\/paragraph\/instances\/cmgvj5e91000j356n1t73fdas@published\" data-editable=\"text\" data-component-name=\"paragraph\" data-article-gutter=\"true\">\n            \u201cActualmente se est\u00e1 llevando a cabo una investigaci\u00f3n, y se est\u00e1 intentando determinar cu\u00e1ndo y d\u00f3nde desapareci\u00f3 la pintura\u201d, dijo la polic\u00eda de Granada en un comunicado a CNN el viernes.\n    <\/p>\n<p class=\"paragraph inline-placeholder vossi-paragraph\" data-uri=\"es.cms.cnn.com\/_components\/paragraph\/instances\/cmgvj5e91000k356nbmnvir7m@published\" data-editable=\"text\" data-component-name=\"paragraph\" data-article-gutter=\"true\">\n            La polic\u00eda indic\u00f3 que la obra desaparecida ha sido a\u00f1adida a la base de datos internacional de obras de arte robadas, pero se\u00f1al\u00f3 que actualmente no se est\u00e1 llevando a cabo ninguna cooperaci\u00f3n policial internacional desde Granada.\n    <\/p>\n<p class=\"paragraph inline-placeholder vossi-paragraph\" data-uri=\"es.cms.cnn.com\/_components\/paragraph\/instances\/cmgvj5e91000l356ntapi2doz@published\" data-editable=\"text\" data-component-name=\"paragraph\" data-article-gutter=\"true\">\n            Los ladrones han tenido como objetivo frecuente las pinturas de Picasso, que han alcanzado hasta US$ 179 millones en subastas.\n    <\/p>\n<p class=\"paragraph inline-placeholder vossi-paragraph\" data-uri=\"es.cms.cnn.com\/_components\/paragraph\/instances\/cmgvj5e91000m356ny9o03u17@published\" data-editable=\"text\" data-component-name=\"paragraph\" data-article-gutter=\"true\">\n            En 2019, un detective de arte holand\u00e9s recuper\u00f3 la obra maestra de Picasso de 1938 \u201cRetrato de Dora Maar\u201d, valorada en US$ 28 millones, 20 a\u00f1os despu\u00e9s de que fuera robada del yate de un jeque saud\u00ed en la costa sur de Francia.\n    <\/p>\n<p class=\"paragraph inline-placeholder vossi-paragraph\" data-uri=\"es.cms.cnn.com\/_components\/paragraph\/instances\/cmgvj5e91000n356ngbdyg4tt@published\" data-editable=\"text\" data-component-name=\"paragraph\" data-article-gutter=\"true\">\n            En 2021, la polic\u00eda griega recuper\u00f3 \u201cCabeza de mujer\u201d de Picasso y \u201cPaisaje con molino\u201d de Piet Mondrian casi una d\u00e9cada despu\u00e9s de que fueran robadas en un audaz robo en la Galer\u00eda Nacional de Arte de Atenas.\n    <\/p>\n<p class=\"paragraph inline-placeholder vossi-paragraph\" data-uri=\"es.cms.cnn.com\/_components\/paragraph\/instances\/cmgvj5e91000o356n6in044v7@published\" data-editable=\"text\" data-component-name=\"paragraph\" data-article-gutter=\"true\">\n            Y el a\u00f1o pasado, la polic\u00eda belga encontr\u00f3 la pintura robada de Picasso \u201cT\u00eate\u201d en un s\u00f3tano en la ciudad de Amberes.\n    <\/p>\n","protected":false},"excerpt":{"rendered":"CNN \u00a0\u2014\u00a0 La polic\u00eda espa\u00f1ola investiga la desaparici\u00f3n de una pintura de Pablo Picasso, aparentemente desaparecida camino a&hellip;\n","protected":false},"author":2,"featured_media":184228,"comment_status":"","ping_status":"","sticky":false,"template":"","format":"standard","meta":{"footnotes":""},"categories":[173],"tags":[229,233,231,230,232,234,146,147,25,24,504,23],"class_list":{"0":"post-184227","1":"post","2":"type-post","3":"status-publish","4":"format-standard","5":"has-post-thumbnail","7":"category-arte-y-diseno","8":"tag-arte","9":"tag-arte-y-diseno","10":"tag-arts","11":"tag-arts-and-design","12":"tag-design","13":"tag-diseno","14":"tag-entertainment","15":"tag-entretenimiento","16":"tag-es","17":"tag-espana","18":"tag-pablo-picasso","19":"tag-spain"},"share_on_mastodon":{"url":"","error":""},"_links":{"self":[{"href":"https:\/\/www.europesays.com\/es\/wp-json\/wp\/v2\/posts\/184227","targetHints":{"allow":["GET"]}}],"collection":[{"href":"https:\/\/www.europesays.com\/es\/wp-json\/wp\/v2\/posts"}],"about":[{"href":"https:\/\/www.europesays.com\/es\/wp-json\/wp\/v2\/types\/post"}],"author":[{"embeddable":true,"href":"https:\/\/www.europesays.com\/es\/wp-json\/wp\/v2\/users\/2"}],"replies":[{"embeddable":true,"href":"https:\/\/www.europesays.com\/es\/wp-json\/wp\/v2\/comments?post=184227"}],"version-history":[{"count":0,"href":"https:\/\/www.europesays.com\/es\/wp-json\/wp\/v2\/posts\/184227\/revisions"}],"wp:featuredmedia":[{"embeddable":true,"href":"https:\/\/www.europesays.com\/es\/wp-json\/wp\/v2\/media\/184228"}],"wp:attachment":[{"href":"https:\/\/www.europesays.com\/es\/wp-json\/wp\/v2\/media?parent=184227"}],"wp:term":[{"taxonomy":"category","embeddable":true,"href":"https:\/\/www.europesays.com\/es\/wp-json\/wp\/v2\/categories?post=184227"},{"taxonomy":"post_tag","embeddable":true,"href":"https:\/\/www.europesays.com\/es\/wp-json\/wp\/v2\/tags?post=184227"}],"curies":[{"name":"wp","href":"https:\/\/api.w.org\/{rel}","templated":true}]}}