{"id":184229,"date":"2025-10-18T03:46:18","date_gmt":"2025-10-18T03:46:18","guid":{"rendered":"https:\/\/www.europesays.com\/es\/184229\/"},"modified":"2025-10-18T03:46:18","modified_gmt":"2025-10-18T03:46:18","slug":"los-nueve-libros-de-la-semana-en-babelia-babelia-3","status":"publish","type":"post","link":"https:\/\/www.europesays.com\/es\/184229\/","title":{"rendered":"Los nueve libros de la semana en \u2018Babelia\u2019 | Babelia"},"content":{"rendered":"<p><img decoding=\"auto\" class=\"_re lazyload a_m-v\" height=\"620\"  width=\"414\"  src=\"https:\/\/www.europesays.com\/es\/wp-content\/uploads\/2025\/10\/XBIERV35XZA4FISZZJY4C4W2JE.jpg\" loading=\"lazy\"\/>La ira de los humilladosPetros M\u00e1rkarisTraducci\u00f3n de Ersi Marina Samar\u00e1 Spiliotopulu. <a href=\"https:\/\/www.planetadelibros.com\/libro-la-ira-de-los-humillados-serie-kostas-jaritos-16\/415221\" target=\"_self\" rel=\"nofollow noopener\" title=\"https:\/\/www.planetadelibros.com\/libro-la-ira-de-los-humillados-serie-kostas-jaritos-16\/415221\">Tusquets<\/a>, 2025. 280 p\u00e1ginas. 19,90 euros <\/p>\n<p class=\"\">La nueva entrega de los casos de Kostas Jaritos es una novela negra que transmite el turbio estado de \u00e1nimo colectivo por los destinos de nuestras sociedades, asoladas por tantas crisis.<\/p>\n<p class=\"\"><a href=\"https:\/\/elpais.com\/babelia\/2025-10-14\/la-ira-de-los-humillados-de-petros-markaris-salvar-lo-salvable-entre-tanto-caos.html\" target=\"_self\" rel=\"nofollow noopener\" title=\"https:\/\/elpais.com\/babelia\/2025-10-14\/la-ira-de-los-humillados-de-petros-markaris-salvar-lo-salvable-entre-tanto-caos.html\">&gt; Lea aqu\u00ed la cr\u00edtica entera de Leonardo Padura<\/a><\/p>\n<p><img decoding=\"auto\" class=\"_re lazyload a_m-v\" height=\"654\"  width=\"414\"  src=\"https:\/\/www.europesays.com\/es\/wp-content\/uploads\/2025\/10\/L6OLFWJ5IVCBLEHGEAWBKPDND4.jpg\" loading=\"lazy\"\/>El viaje de mi padreJulio Llamazares<a href=\"https:\/\/www.penguinlibros.com\/es\/guias-y-literatura-de-viajes\/393778-libro-el-viaje-de-mi-padre-9788420479279\" target=\"_self\" rel=\"nofollow noopener\" title=\"https:\/\/www.penguinlibros.com\/es\/guias-y-literatura-de-viajes\/393778-libro-el-viaje-de-mi-padre-9788420479279\">Alfaguara<\/a>, 2025. 328 p\u00e1ginas. 19,85 euros<\/p>\n<p class=\"\">El escritor recorre el camino que emprendi\u00f3 su progenitor como voluntario del Regimiento de Transmisiones: en \u2018El viaje de mi padre\u2019 entremezcla su viaje actual con la memoria fragmentaria del pasado.<\/p>\n<p class=\"\"><a href=\"https:\/\/elpais.com\/babelia\/2025-10-13\/el-viaje-de-mi-padre-de-julio-llamazares-deberes-filiales-o-la-penitencia-de-quienes-no-escuchamos.html\" target=\"_self\" rel=\"nofollow noopener\" title=\"https:\/\/elpais.com\/babelia\/2025-10-13\/el-viaje-de-mi-padre-de-julio-llamazares-deberes-filiales-o-la-penitencia-de-quienes-no-escuchamos.html\">&gt; Lea aqu\u00ed la cr\u00edtica entera de Domingo R\u00f3denas de Moya<\/a><\/p>\n<p><img decoding=\"auto\" class=\"_re lazyload a_m-v\" height=\"596\"  width=\"414\"  src=\"https:\/\/www.europesays.com\/es\/wp-content\/uploads\/2025\/10\/VUUHVGDBRBB4FOAX4BC64PQWNQ.jpg\" loading=\"lazy\"\/>Frenar a Silicon ValleyGary MarcusTraducci\u00f3n de Marc Figueras. <a href=\"https:\/\/shackletonbooks.com\/libros\/shackleton-books\/frenar-a-silicon-valley\/\" target=\"_self\" rel=\"nofollow noopener\" title=\"https:\/\/shackletonbooks.com\/libros\/shackleton-books\/frenar-a-silicon-valley\/\">Shackleton Books<\/a>, 2025. 256 p\u00e1ginas. 22,90 euros<\/p>\n<p class=\"\">El experto explica c\u00f3mo la carrera de ganar m\u00e1s y m\u00e1s dinero est\u00e1 detr\u00e1s de la imprudencia de haber lanzado al mercado un producto de Inteligencia Artificial imperfecto.<\/p>\n<p class=\"\"><a href=\"https:\/\/elpais.com\/babelia\/2025-10-14\/frenar-a-silicon-valley-o-la-imprudencia-temeraria-de-lanzar-al-mercado-una-ia-imperfecta-y-ahora-dificil-de-perfeccionar.html\" target=\"_self\" rel=\"nofollow noopener\" title=\"https:\/\/elpais.com\/babelia\/2025-10-14\/frenar-a-silicon-valley-o-la-imprudencia-temeraria-de-lanzar-al-mercado-una-ia-imperfecta-y-ahora-dificil-de-perfeccionar.html\">&gt; Lea aqu\u00ed la cr\u00edtica entera de Jordi Gracia<\/a><\/p>\n<p><img decoding=\"auto\" class=\"_re lazyload a_m-v\" height=\"573\"  width=\"414\"  src=\"https:\/\/www.europesays.com\/es\/wp-content\/uploads\/2025\/10\/QE5CSZUSVZBT7NEZUXUMAOBULU.jpg\" loading=\"lazy\"\/>En velaAna Penyas<a href=\"https:\/\/www.penguinlibros.com\/es\/novela-grafica\/399091-libro-en-vela-9788419409812\" target=\"_self\" rel=\"nofollow noopener\" title=\"https:\/\/www.penguinlibros.com\/es\/novela-grafica\/399091-libro-en-vela-9788419409812\">Salamandra Graphic<\/a>, 2025. 164 p\u00e1ginas, 24,65 eurosEn blanc. Traducci\u00f3n de Anna Puente Lluci\u00e0. <a href=\"https:\/\/www.penguinlibros.com\/es\/novela-grafica\/398980-ebook-en-blanc-9788419981011\" target=\"_self\" rel=\"nofollow noopener\" title=\"https:\/\/www.penguinlibros.com\/es\/novela-grafica\/398980-ebook-en-blanc-9788419981011\">Salamandra Graphic<\/a>, 2025 (en catal\u00e1n). 164 p\u00e1ginas. 24,65 euros<\/p>\n<p class=\"\">En su tercera novela gr\u00e1fica, la dibujante se introduce en la mente de los insomnes a trav\u00e9s de met\u00e1foras visuales para interpretar una enfermedad que afecta al individuo y a la sociedad.<\/p>\n<p class=\"\"><a href=\"https:\/\/elpais.com\/babelia\/2025-10-16\/ansioliticos-ojeras-en-el-trabajo-e-incapacidad-para-sonar-el-insomnio-segun-ana-penyas.html\" target=\"_self\" rel=\"nofollow noopener\" title=\"https:\/\/elpais.com\/babelia\/2025-10-16\/ansioliticos-ojeras-en-el-trabajo-e-incapacidad-para-sonar-el-insomnio-segun-ana-penyas.html\">&gt; Lea aqu\u00ed el art\u00edculo de \u00c1lvaro Pons y Noelia Ibarra<\/a><\/p>\n<p><img decoding=\"auto\" class=\"_re lazyload a_m-v\" height=\"561\"  width=\"414\"  src=\"https:\/\/www.europesays.com\/es\/wp-content\/uploads\/2025\/10\/5XUCXX6EUJBGRENSXKFZLYBD24.jpg\" loading=\"lazy\"\/>BrumaMart\u00edn L\u00f3pez Lam<a href=\"https:\/\/www.aristasmartinez.com\/producto\/bruma\" target=\"_self\" rel=\"nofollow noopener\" title=\"https:\/\/www.aristasmartinez.com\/producto\/bruma\">Ediciones Valientes \/ Aristas Mart\u00ednez<\/a>, 2025. 208 p\u00e1ginas. 23,50 euros<\/p>\n<p class=\"\">Desde el g\u00e9nero post apocal\u00edptico m\u00e1s can\u00f3nico, la nueva obra del autor compone un brumoso relato de infancias robadas.<\/p>\n<p class=\"\"><a href=\"https:\/\/elpais.com\/babelia\/2025-10-15\/los-mejores-comics-de-octubre-de-una-mirada-al-deseo-ante-el-trauma-del-vaginismo-a-un-cuento-de-martin-gaite.html\" target=\"_self\" rel=\"nofollow noopener\" title=\"https:\/\/elpais.com\/babelia\/2025-10-15\/los-mejores-comics-de-octubre-de-una-mirada-al-deseo-ante-el-trauma-del-vaginismo-a-un-cuento-de-martin-gaite.html\">&gt; Lea aqu\u00ed el art\u00edculo de \u00c1lvaro Pons y Noelia Ibarra<\/a><\/p>\n<p><img decoding=\"auto\" class=\"_re lazyload a_m-v\" height=\"622\"  width=\"414\"  src=\"https:\/\/www.europesays.com\/es\/wp-content\/uploads\/2025\/10\/PVOP2BZSAFBHPFD2RYFIBR2YUQ.jpg\" loading=\"lazy\"\/>ConsumidaAlison BechdelTraducci\u00f3n de Roc\u00edo de la Maya Retamar. <a href=\"https:\/\/www.penguinlibros.com\/es\/novela-grafica\/392915-libro-consumida-9788419940865\" target=\"_self\" rel=\"nofollow noopener\" title=\"https:\/\/www.penguinlibros.com\/es\/novela-grafica\/392915-libro-consumida-9788419940865\">Reservoir Books<\/a>, 2025. 272 p\u00e1ginas. 23,65 euros<\/p>\n<p class=\"\">La autora de Fun Home se permite disparar sin miramientos a un mundo que la consume desde el desencanto, empezando por una \u00e1cida cr\u00edtica a s\u00ed misma.<\/p>\n<p class=\"\"><a href=\"https:\/\/elpais.com\/babelia\/2025-10-15\/los-mejores-comics-de-octubre-de-una-mirada-al-deseo-ante-el-trauma-del-vaginismo-a-un-cuento-de-martin-gaite.html\" target=\"_self\" rel=\"nofollow noopener\" title=\"https:\/\/elpais.com\/babelia\/2025-10-15\/los-mejores-comics-de-octubre-de-una-mirada-al-deseo-ante-el-trauma-del-vaginismo-a-un-cuento-de-martin-gaite.html\">&gt; Lea aqu\u00ed el art\u00edculo de \u00c1lvaro Pons y Noelia Ibarra<\/a><\/p>\n<p><img decoding=\"auto\" class=\"_re lazyload a_m-v\" height=\"643\"  width=\"414\"  src=\"https:\/\/www.europesays.com\/es\/wp-content\/uploads\/2025\/10\/KHJO4LBDGNBVRISE4VK5AW7BYI.jpg\" loading=\"lazy\"\/>Creo que no voy a tenerCatherine GauthierTraducci\u00f3n de Julia C. G\u00f3mez S\u00e1ez. <a href=\"https:\/\/godalledicions.cat\/es\/titols\/creo-que-no-voy-a-tener\/\" target=\"_self\" rel=\"nofollow noopener\" title=\"https:\/\/godalledicions.cat\/es\/titols\/creo-que-no-voy-a-tener\/\">Godall Edicions<\/a>, 2025. 138 p\u00e1ginas. 25 eurosEm sembla que no en tindr\u00e9. Traducci\u00f3n N\u00faria Busquet. <a href=\"https:\/\/godalledicions.cat\/es\/titols\/em-sembla-que-no-en-tindre\/\" target=\"_self\" rel=\"nofollow noopener\" title=\"https:\/\/godalledicions.cat\/es\/titols\/em-sembla-que-no-en-tindre\/\">Godall Edicions<\/a>, 2025 (en catal\u00e1n). 138 p\u00e1ginas. 25 euros<\/p>\n<p class=\"\">Catherine Gauthier expone las causas que subyacen en su decisi\u00f3n y la de otras mujeres para explorar las diferentes formas y posibilidades de ejercer la maternidad.<\/p>\n<p class=\"\"><a href=\"https:\/\/elpais.com\/babelia\/2025-10-15\/los-mejores-comics-de-octubre-de-una-mirada-al-deseo-ante-el-trauma-del-vaginismo-a-un-cuento-de-martin-gaite.html\" target=\"_self\" rel=\"nofollow noopener\" title=\"https:\/\/elpais.com\/babelia\/2025-10-15\/los-mejores-comics-de-octubre-de-una-mirada-al-deseo-ante-el-trauma-del-vaginismo-a-un-cuento-de-martin-gaite.html\">&gt; Lea aqu\u00ed el art\u00edculo de \u00c1lvaro Pons y Noelia Ibarra<\/a><\/p>\n<p><img decoding=\"auto\" class=\"_re lazyload a_m-v\" height=\"550\"  width=\"414\"  src=\"https:\/\/www.europesays.com\/es\/wp-content\/uploads\/2025\/10\/MEF3E2X4IRDX7GC7FBPJCVF66M.jpg\" loading=\"lazy\"\/>ImpenetrableAlix GarinTraducci\u00f3n de Eva Reyes. <a href=\"https:\/\/www.normaeditorial.com\/ficha\/comic-europeo\/impenetrable\" target=\"_self\" rel=\"nofollow noopener\" title=\"https:\/\/www.normaeditorial.com\/ficha\/comic-europeo\/impenetrable\">Norma Editorial<\/a>, 2025. 304 p\u00e1ginas. 32 eurosTambi\u00e9n en catal\u00e1n. <a href=\"https:\/\/www.normaeditorial.com\/ficha\/comic-europeo\/impenetrable-catala\" target=\"_self\" rel=\"nofollow noopener\" title=\"https:\/\/www.normaeditorial.com\/ficha\/comic-europeo\/impenetrable-catala\">Norma Editorial<\/a><\/p>\n<p class=\"\">A trav\u00e9s de la patolog\u00eda del vaginismo, la autora reflexiona sobre las relaciones de pareja y los complejos mecanismos que determinan la atracci\u00f3n, el afecto y el amor.<\/p>\n<p class=\"\"><a href=\"https:\/\/elpais.com\/babelia\/2025-10-15\/los-mejores-comics-de-octubre-de-una-mirada-al-deseo-ante-el-trauma-del-vaginismo-a-un-cuento-de-martin-gaite.html\" target=\"_self\" rel=\"nofollow noopener\" title=\"https:\/\/elpais.com\/babelia\/2025-10-15\/los-mejores-comics-de-octubre-de-una-mirada-al-deseo-ante-el-trauma-del-vaginismo-a-un-cuento-de-martin-gaite.html\">&gt; Lea aqu\u00ed el art\u00edculo de \u00c1lvaro Pons y Noelia Ibarra<\/a><\/p>\n<p><img decoding=\"auto\" class=\"_re lazyload a_m-v\" height=\"547\"  width=\"414\"  src=\"https:\/\/www.europesays.com\/es\/wp-content\/uploads\/2025\/10\/MNWFFWU475ABHHWPX3NLJN2SRU.jpg\" loading=\"lazy\"\/>Caperucita en ManhattanHelena Bonastre y Catalina Gonz\u00e1lez VilarBasado en el original de Carmen Mart\u00edn Gaite<a href=\"https:\/\/www.siruela.com\/catalogo.php?id_libro=5180\" target=\"_self\" rel=\"nofollow noopener\" title=\"https:\/\/www.siruela.com\/catalogo.php?id_libro=5180\">Siruela<\/a>, 2025140 p\u00e1ginas. 21,95 euro<\/p>\n<p class=\"\">Las autoras han sabido jugar con las ilustraciones originales de Carmen Mart\u00edn Gaite y, precisamente, la literalidad de su palabra, para conseguir interpretar desde la vi\u00f1eta su mirada infantil.<\/p>\n<p class=\"\"><a href=\"https:\/\/elpais.com\/babelia\/2025-10-15\/los-mejores-comics-de-octubre-de-una-mirada-al-deseo-ante-el-trauma-del-vaginismo-a-un-cuento-de-martin-gaite.html\" target=\"_self\" rel=\"nofollow noopener\" title=\"https:\/\/elpais.com\/babelia\/2025-10-15\/los-mejores-comics-de-octubre-de-una-mirada-al-deseo-ante-el-trauma-del-vaginismo-a-un-cuento-de-martin-gaite.html\">&gt; Lea aqu\u00ed el art\u00edculo de \u00c1lvaro Pons y Noelia Ibarra<\/a><\/p>\n","protected":false},"excerpt":{"rendered":"La ira de los humilladosPetros M\u00e1rkarisTraducci\u00f3n de Ersi Marina Samar\u00e1 Spiliotopulu. Tusquets, 2025. 280 p\u00e1ginas. 19,90 euros La&hellip;\n","protected":false},"author":2,"featured_media":184230,"comment_status":"","ping_status":"","sticky":false,"template":"","format":"standard","meta":{"footnotes":""},"categories":[172],"tags":[52043,224,8588,4026,209,2053,146,147,25,24,14550,1807,225,4027,1645,52042,23],"class_list":{"0":"post-184229","1":"post","2":"type-post","3":"status-publish","4":"format-standard","5":"has-post-thumbnail","7":"category-libros","8":"tag-ana-penyas","9":"tag-books","10":"tag-comic","11":"tag-critica-literaria","12":"tag-cultura","13":"tag-ensayo","14":"tag-entertainment","15":"tag-entretenimiento","16":"tag-es","17":"tag-espana","18":"tag-julio-llamazares","19":"tag-lectura","20":"tag-libros","21":"tag-narrativa","22":"tag-novela","23":"tag-petros-markaris","24":"tag-spain"},"share_on_mastodon":{"url":"","error":""},"_links":{"self":[{"href":"https:\/\/www.europesays.com\/es\/wp-json\/wp\/v2\/posts\/184229","targetHints":{"allow":["GET"]}}],"collection":[{"href":"https:\/\/www.europesays.com\/es\/wp-json\/wp\/v2\/posts"}],"about":[{"href":"https:\/\/www.europesays.com\/es\/wp-json\/wp\/v2\/types\/post"}],"author":[{"embeddable":true,"href":"https:\/\/www.europesays.com\/es\/wp-json\/wp\/v2\/users\/2"}],"replies":[{"embeddable":true,"href":"https:\/\/www.europesays.com\/es\/wp-json\/wp\/v2\/comments?post=184229"}],"version-history":[{"count":0,"href":"https:\/\/www.europesays.com\/es\/wp-json\/wp\/v2\/posts\/184229\/revisions"}],"wp:featuredmedia":[{"embeddable":true,"href":"https:\/\/www.europesays.com\/es\/wp-json\/wp\/v2\/media\/184230"}],"wp:attachment":[{"href":"https:\/\/www.europesays.com\/es\/wp-json\/wp\/v2\/media?parent=184229"}],"wp:term":[{"taxonomy":"category","embeddable":true,"href":"https:\/\/www.europesays.com\/es\/wp-json\/wp\/v2\/categories?post=184229"},{"taxonomy":"post_tag","embeddable":true,"href":"https:\/\/www.europesays.com\/es\/wp-json\/wp\/v2\/tags?post=184229"}],"curies":[{"name":"wp","href":"https:\/\/api.w.org\/{rel}","templated":true}]}}