{"id":184261,"date":"2025-10-18T04:08:08","date_gmt":"2025-10-18T04:08:08","guid":{"rendered":"https:\/\/www.europesays.com\/es\/184261\/"},"modified":"2025-10-18T04:08:08","modified_gmt":"2025-10-18T04:08:08","slug":"la-pintura-de-miguel-galano-conmueve-el-gustavo-de-maeztu","status":"publish","type":"post","link":"https:\/\/www.europesays.com\/es\/184261\/","title":{"rendered":"La pintura de Miguel Galano \u201cconmueve\u201d el Gustavo de Maeztu"},"content":{"rendered":"<p>  Inauguraci\u00f3n<\/p>\n<p class=\"article-body__text \">\n        Una inauguraci\u00f3n hoy viernes que ha servido para ver la esencia de su pintura, alejada de las modas actuales m\u00e1s conceptuales que priman la idea sobre la obra, pasando por encima de la forma por la necesidad \u201cmuchas veces innecesaria\u201d de interpretar todo lo que se ve y aquello que no se ve como es el caso de<strong> la figura humana o el sol en los paisajes<\/strong> de Galano. En este sentido, se autodeclara \u201cun pintor a la antigua que cree que lo importante, lo que de verdad tiene que provocar una obra de arte, es la emoci\u00f3n\u201d. As\u00ed, su apuesta es la de\u00a0recoger la parte muda de la cultura, la que no tiene discurso, \u201clo que no quiere decir que no transmita y no provoque conmoci\u00f3n\u201d.\u00a0\n<\/p>\n<p>  Galano se \u201cenreda\u201d en su pinturas con un toque cl\u00e1sico impregnando su revisi\u00f3n mon\u00f3tona de la realidad, para alcanzar el lenguaje b\u00e1sico que, seg\u00fan su concepci\u00f3n, trasciende hacia lo esencial.\u00a0<\/p>\n<p>  Postura art\u00edstica<\/p>\n<p class=\"article-body__text \">\n        Su postura art\u00edstica busca la esencia de la contemplaci\u00f3n, la desnudez y el silencio que, para alcanzarlos, se requiere de \u201csudor y l\u00e1grimas\u201d. Y es que en su postura vital, Galano huye de los academicismos y considera al artista como un alma genuina que crea independientemente de las explicaciones que se buscan habitualmente para entender un cuadro<strong> \u201clos cuadros y el arte no tienen explicaci\u00f3n porque el comprenderlos reduce su esencia\u201d<\/strong>.\n<\/p>\n<p class=\"article-body__text \">\n        Sus obras llevan incorporada una trabajada t\u00e9cnica tradicional<strong> \u201cno solo soy tradicional en la mirada, si no tambi\u00e9n en la t\u00e9cnica, el \u00f3leo permite hacer una aguada, un empaste y luego yo siempre pinto sobre lino como soporte, Vel\u00e1zquez pintaba siempre sobre lino porque tiene todas las garant\u00edas, incluso la de superar el paso del tiempo\u201d.\u00a0<\/strong>\n<\/p>\n<p class=\"article-body__text \">\n        Para Camino Paredes, directora del Gustavo de Maeztu, contar con la obra de Galeno es algo \u201cmuy especial porque se trata de un reencuentro con un artista muy importante\u201d.\u00a0\n<\/p>\n<p class=\"article-body__text \">\n        La muestra permanecer\u00e1 abierta hasta el <strong>22 de febrero de 2026<\/strong> y ofrecer\u00e1 al p\u00fablico \u201cun recorrido por la esencia de su pintura, marcada por el silencio, la memoria y la luz contenida\u201d, aseguraron en una nota desde el Maeztu.<\/p>\n","protected":false},"excerpt":{"rendered":"Inauguraci\u00f3n Una inauguraci\u00f3n hoy viernes que ha servido para ver la esencia de su pintura, alejada de las&hellip;\n","protected":false},"author":2,"featured_media":184262,"comment_status":"","ping_status":"","sticky":false,"template":"","format":"standard","meta":{"footnotes":""},"categories":[173],"tags":[229,233,231,230,41959,232,234,146,147,25,24,52047,15248,4098,503,23],"class_list":{"0":"post-184261","1":"post","2":"type-post","3":"status-publish","4":"format-standard","5":"has-post-thumbnail","7":"category-arte-y-diseno","8":"tag-arte","9":"tag-arte-y-diseno","10":"tag-arts","11":"tag-arts-and-design","12":"tag-conmueve","13":"tag-design","14":"tag-diseno","15":"tag-entertainment","16":"tag-entretenimiento","17":"tag-es","18":"tag-espana","19":"tag-galano","20":"tag-gustavo","21":"tag-miguel","22":"tag-pintura","23":"tag-spain"},"share_on_mastodon":{"url":"","error":""},"_links":{"self":[{"href":"https:\/\/www.europesays.com\/es\/wp-json\/wp\/v2\/posts\/184261","targetHints":{"allow":["GET"]}}],"collection":[{"href":"https:\/\/www.europesays.com\/es\/wp-json\/wp\/v2\/posts"}],"about":[{"href":"https:\/\/www.europesays.com\/es\/wp-json\/wp\/v2\/types\/post"}],"author":[{"embeddable":true,"href":"https:\/\/www.europesays.com\/es\/wp-json\/wp\/v2\/users\/2"}],"replies":[{"embeddable":true,"href":"https:\/\/www.europesays.com\/es\/wp-json\/wp\/v2\/comments?post=184261"}],"version-history":[{"count":0,"href":"https:\/\/www.europesays.com\/es\/wp-json\/wp\/v2\/posts\/184261\/revisions"}],"wp:featuredmedia":[{"embeddable":true,"href":"https:\/\/www.europesays.com\/es\/wp-json\/wp\/v2\/media\/184262"}],"wp:attachment":[{"href":"https:\/\/www.europesays.com\/es\/wp-json\/wp\/v2\/media?parent=184261"}],"wp:term":[{"taxonomy":"category","embeddable":true,"href":"https:\/\/www.europesays.com\/es\/wp-json\/wp\/v2\/categories?post=184261"},{"taxonomy":"post_tag","embeddable":true,"href":"https:\/\/www.europesays.com\/es\/wp-json\/wp\/v2\/tags?post=184261"}],"curies":[{"name":"wp","href":"https:\/\/api.w.org\/{rel}","templated":true}]}}