{"id":184273,"date":"2025-10-18T04:15:09","date_gmt":"2025-10-18T04:15:09","guid":{"rendered":"https:\/\/www.europesays.com\/es\/184273\/"},"modified":"2025-10-18T04:15:09","modified_gmt":"2025-10-18T04:15:09","slug":"anna-guitart-comisaria-del-programa-de-barcelona-en-la-fil-guadalajara-vamos-a-explicar-la-ciudad-de-la-maravilla-pero-tambien-la-del-conflicto-y-la-transformacion-cultura","status":"publish","type":"post","link":"https:\/\/www.europesays.com\/es\/184273\/","title":{"rendered":"Anna Guitart, comisaria del programa de Barcelona en la FIL Guadalajara: \u201cVamos a explicar la ciudad de la maravilla, pero tambi\u00e9n la del conflicto y la transformaci\u00f3n\u201d | Cultura"},"content":{"rendered":"<p class=\"\">Del 29 de noviembre al 7 de diciembre, Barcelona se traslada a M\u00e9xico, Diada de Sant Jordi incluida. La periodista Anna Guitart (Barcelona, 49 a\u00f1os) ha sido la encargada de comisariar para la <a href=\"https:\/\/elpais.com\/noticias\/feria-libro-guadalajara\/\" target=\"_blank\" rel=\"noreferrer nofollow noopener\" title=\"https:\/\/elpais.com\/noticias\/feria-libro-guadalajara\/\">FIL de Guadalajara<\/a> el programa de <a href=\"https:\/\/elpais.com\/espana\/catalunya\/2025-10-06\/quien-es-quien-en-la-delegacion-de-barcelona-en-la-fil-guadalajara.html\" target=\"_blank\" rel=\"noreferrer nofollow noopener\" title=\"https:\/\/elpais.com\/espana\/catalunya\/2025-10-06\/quien-es-quien-en-la-delegacion-de-barcelona-en-la-fil-guadalajara.html\">Barcelona como invitada de honor<\/a>, que se puede resumir en dos ideas: la novedad y la multidisciplinariedad. La propuesta de Guitart pretende ir m\u00e1s all\u00e1 del boom y el exilio, temas evidentes si uno piensa en la conexi\u00f3n literaria entre Barcelona y M\u00e9xico, para ofrecer al p\u00fablico la oportunidad de descubrir una nueva ciudad. Lo har\u00e1 con los 70 escritores invitados, pero tambi\u00e9n con un programa que incluye m\u00fasica, teatro o gastronom\u00eda bajo el lema \u201cVindran les flors\u201d (Vendr\u00e1n las flores), una frase de Merc\u00e8 Rodoreda que habla de ciclicidad y renovaci\u00f3n.<\/p>\n<p class=\"\"><b>Pregunta<\/b>. Le llega el encargo. \u00bfQu\u00e9 hace?<\/p>\n<p class=\"\"><b>Respuesta.<\/b> Pido ir a ver la feria, porque estaba a punto de empezar. Ten\u00edamos que saber ad\u00f3nde nos invitaban, qu\u00e9 esperaban de nosotros y c\u00f3mo explicar Barcelona. <\/p>\n<p class=\"\"><b>P.<\/b> \u00bfY qu\u00e9 conclusi\u00f3n saca?<\/p>\n<p class=\"\"><b>R.<\/b> La relaci\u00f3n entre M\u00e9xico y Catalu\u00f1a es muy fruct\u00edfera, hay muchas historias. Y quiero que all\u00ed las recordemos y reivindiquemos. Muchos de esos intercambios construyen la Barcelona literaria de hoy. Pero son historias que creo que ya hemos contado; Catalu\u00f1a fue la invitada en 2004. Veinti\u00fan a\u00f1os despu\u00e9s, hay que explicar d\u00f3nde estamos ahora, qu\u00e9 ha pasado durante todo este tiempo. <\/p>\n<blockquote class=\"a_q\">\n<p>La relaci\u00f3n entre M\u00e9xico y Catalu\u00f1a es muy fruct\u00edfera, hay muchas historias. Y quiero que all\u00ed las recordemos y reivindiquemos\u00bb<\/p>\n<\/blockquote>\n<p class=\"\"><b>P.<\/b> \u00bfCree que entre el relato de la Barcelona actual y el del exilio o el boom hay un corte?<\/p>\n<p class=\"\"><b>R.<\/b> No creo que haya un corte, Barcelona sigue siendo casa de muchos autores latinoamericanos. De Cristina Peri Rossi, que hace tempo que est\u00e1 aqu\u00ed, a Juan Pablo Villalobos, que es pr\u00e1cticamente hijo adoptivo, o Paulina Flores, que se instal\u00f3 hace uno o dos a\u00f1os. Somos fruto de estas historias pasadas. Por otra parte, para nosotros ha sido muy importante ir despu\u00e9s de Espa\u00f1a; su lema era \u201cCamino de ida y vuelta\u201d, y el exilio estuvo muy presente. Y de todos modos, est\u00e1 muy presente: tenemos un homenaje a Pere Calders, que estuvo exiliado en M\u00e9xico, estar\u00e1 Jos\u00e9 Mar\u00eda Muri\u00e0, que es hijo de exiliados, tambi\u00e9n Roger Bartra y Aurelio Major hablando en actos&#8230; El tema estar\u00e1, pero no ser\u00e1 el tema central.<\/p>\n<p class=\"\"><b>P.<\/b> \u00bfY cu\u00e1l es el nuevo relato?<\/p>\n<p class=\"\"><b>R.<\/b> No se puede contar Barcelona con un solo relato, hay muchos. Algunos de ellos no son de la Barcelona m\u00e1s brillante. A veces pensamos demasiado en Barcelona en t\u00e9rminos de lucimiento, y tambi\u00e9n quiero que expliquemos los problemas que est\u00e1n determinando nuestra existencia. No debemos avergonzarnos. Si fu\u00e9ramos a contar una Barcelona ideal, har\u00edamos trampas. Y, al mismo tiempo, mira c\u00f3mo habla Rosal\u00eda de Barcelona en la entrevista del podcast Radio Noia: la quiere, es casa. Vamos a explicar esa mirada maravillosa sobre la ciudad de Eduardo Mendoza, pero tambi\u00e9n la del conflicto: con, entre otros, la Premio Nacional<a href=\"https:\/\/elpais.com\/cultura\/2025-09-05\/la-dramaturga-victoria-szpunberg-gana-el-premio-nacional-de-literatura-dramatica-2025-por-limperatiu-categoric.html\" target=\"_self\" rel=\"nofollow noopener\" title=\"https:\/\/elpais.com\/cultura\/2025-09-05\/la-dramaturga-victoria-szpunberg-gana-el-premio-nacional-de-literatura-dramatica-2025-por-limperatiu-categoric.html\"> Victoria Szpunberg<\/a> donde se hablar\u00e1 de transformaci\u00f3n y precariedad.<\/p>\n<p class=\"\"><b>P.<\/b> \u00bfC\u00f3mo construye la lista de escritores invitados?<\/p>\n<p class=\"\"><b>R.<\/b> Era importante que los escritores no repitieran con Espa\u00f1a. Y tambi\u00e9n equilibrios de g\u00e9nero, generacionales, escritores m\u00e1s o menos consolidados, de editoriales&#8230; Adem\u00e1s, hay una parte de di\u00e1logo con la organizaci\u00f3n. Serrat era un nombre indiscutible para todos. <\/p>\n<blockquote class=\"a_q\">\n<p>La lista es de 70 autores. Hay muchos que no est\u00e1n y que podr\u00edan estar. Y tambi\u00e9n mucha gente a quien se lo hemos pedido y nos ha dicho que no por motivos de salud. No hay ning\u00fan argumento ideol\u00f3gico\u00bb<\/p>\n<\/blockquote>\n<p class=\"\"><b>P.<\/b> \u00bfQu\u00e9 piensa de las quejas sobre la lista, como la de Ildefonso Falcones?<\/p>\n<p class=\"\"><b>R.<\/b> La lista es de 70 autores. Hay muchos que no est\u00e1n y que podr\u00edan estar. Y tambi\u00e9n mucha gente a quien se lo hemos pedido y nos ha dicho que no por motivos de salud. Es evidente que no hay ning\u00fan argumento ideol\u00f3gico, en esta elecci\u00f3n.<\/p>\n<p class=\"\"><b>P.<\/b> Un argumento que \u00e9l utilizaba era que muchos autores son poco conocidos, pero si miramos la lista en catal\u00e1n, hay una apuesta clara por la literatura comercial.<\/p>\n<p class=\"\"><b>R.<\/b> Est\u00e1 Miquel de Palol, que la pr\u00f3xima semana participa en una charla con el premio Nobel porque est\u00e1n al mismo nivel, y tambi\u00e9n Xavier Bosch, que tiene otra ambici\u00f3n literaria. Y ambas opciones literarias son buenas.<\/p>\n<p><img decoding=\"auto\" class=\"_re lazyload a_m-h\" height=\"277\"  width=\"414\"  src=\"https:\/\/www.europesays.com\/es\/wp-content\/uploads\/2025\/10\/G3J5I6VH4BCIDNOMLRAQZQWNMA.jpg\" loading=\"lazy\"\/>Anna Guitart, comisaria barcelonesa para la Feria Internacional del Libro de Guadalajara 2025Gianluca Battista<\/p>\n<p class=\"\"><b>P.<\/b> \u00bfCu\u00e1l es el recorrido de las traducciones del catal\u00e1n al castellano que ha impulsado, m\u00e1s all\u00e1 de la FIL?<\/p>\n<p class=\"\"><b>R.<\/b> Este es el reto: despertar las ganas en la sociedad mexicana de que todos estos autores lleguen a mucha gente. La distribuci\u00f3n de aqu\u00ed hacia all\u00e1 es muy complicada, y una de nuestras ambiciones es ayudar a remediarlo un poco, que los libros lleguen. Por eso hemos intentado que las traducciones se publiquen en editoriales mexicanas.<\/p>\n<p class=\"\"><b>P.<\/b> Por lo tanto, el lector mexicano no conocer\u00e1 m\u00e1s de siete u ocho nombres de estos 70. \u00bfC\u00f3mo quiere seducirlo?<\/p>\n<p class=\"\"><b>R.<\/b> Con una propuesta multidisciplinar. Hemos puesto m\u00e1s \u00e9nfasis que invitados de honor anteriores. Pensaba que ten\u00eda que hacer un programa literario, pero descubr\u00ed que la feria permite contar Barcelona de muchas formas. Pueden acercarse a la m\u00fasica, por ejemplo: si escuchas a Roger Mas y la Cobla de Sant Jordi durante dos minutos, te quedas todo el concierto. <a href=\"https:\/\/elpais.com\/cultura\/2022-02-15\/la-veronal-el-triunfo-internacional-de-la-nueva-danza-espanola.html\" target=\"_self\" rel=\"nofollow noopener\" title=\"https:\/\/elpais.com\/cultura\/2022-02-15\/la-veronal-el-triunfo-internacional-de-la-nueva-danza-espanola.html\">La Veronal <\/a>es una referencia de nivel internacional. Llevamos artes esc\u00e9nicas; el a\u00f1o pasado Espa\u00f1a no lo hizo. Mi propuesta es un relato multidisciplinar sobre la Barcelona actual: las cosas no pasan aisladamente. Pero si hay cosas que puedes unir, las explicas mejor, como si fuera una historia: podemos organizar un almuerzo que hable de gastronom\u00eda de aqu\u00ed, pero tambi\u00e9n de V\u00e1zquez Montalb\u00e1n. <\/p>\n<blockquote class=\"a_q\">\n<p>Podremos estar contentos si hemos logrado generar un inter\u00e9s\u00bb<\/p>\n<\/blockquote>\n<p class=\"\"><b>P.<\/b> \u00bfQu\u00e9 tiene que pasar para que d\u00e9 la feria por buena?<\/p>\n<p class=\"\"><b>R.<\/b> Podremos estar contentos si hemos logrado generar un inter\u00e9s: si hemos hecho que una pel\u00edcula como <a href=\"https:\/\/Podremos estar contentos si hemos logrado generar un inter\u00e9s\" target=\"_self\" rel=\"nofollow\" title=\"https:\/\/Podremos estar contentos si hemos logrado generar un inter\u00e9s\">El 47, <\/a>que aqu\u00ed ha sido tan importante, les despierte algo. Y tambi\u00e9n si, a partir del pr\u00f3ximo a\u00f1o o el siguiente, vemos frutos de lo que hemos plantado.<\/p>\n","protected":false},"excerpt":{"rendered":"Del 29 de noviembre al 7 de diciembre, Barcelona se traslada a M\u00e9xico, Diada de Sant Jordi incluida.&hellip;\n","protected":false},"author":2,"featured_media":184274,"comment_status":"","ping_status":"","sticky":false,"template":"","format":"standard","meta":{"footnotes":""},"categories":[91],"tags":[210,209,3662,146,147,25,1598,24,11828,44274,671,23],"class_list":{"0":"post-184273","1":"post","2":"type-post","3":"status-publish","4":"format-standard","5":"has-post-thumbnail","7":"category-entretenimiento","8":"tag-barcelona","9":"tag-cultura","10":"tag-editoriales","11":"tag-entertainment","12":"tag-entretenimiento","13":"tag-es","14":"tag-escritores","15":"tag-espana","16":"tag-ferias-libro","17":"tag-fil-guadalajara","18":"tag-literatura","19":"tag-spain"},"share_on_mastodon":{"url":"","error":""},"_links":{"self":[{"href":"https:\/\/www.europesays.com\/es\/wp-json\/wp\/v2\/posts\/184273","targetHints":{"allow":["GET"]}}],"collection":[{"href":"https:\/\/www.europesays.com\/es\/wp-json\/wp\/v2\/posts"}],"about":[{"href":"https:\/\/www.europesays.com\/es\/wp-json\/wp\/v2\/types\/post"}],"author":[{"embeddable":true,"href":"https:\/\/www.europesays.com\/es\/wp-json\/wp\/v2\/users\/2"}],"replies":[{"embeddable":true,"href":"https:\/\/www.europesays.com\/es\/wp-json\/wp\/v2\/comments?post=184273"}],"version-history":[{"count":0,"href":"https:\/\/www.europesays.com\/es\/wp-json\/wp\/v2\/posts\/184273\/revisions"}],"wp:featuredmedia":[{"embeddable":true,"href":"https:\/\/www.europesays.com\/es\/wp-json\/wp\/v2\/media\/184274"}],"wp:attachment":[{"href":"https:\/\/www.europesays.com\/es\/wp-json\/wp\/v2\/media?parent=184273"}],"wp:term":[{"taxonomy":"category","embeddable":true,"href":"https:\/\/www.europesays.com\/es\/wp-json\/wp\/v2\/categories?post=184273"},{"taxonomy":"post_tag","embeddable":true,"href":"https:\/\/www.europesays.com\/es\/wp-json\/wp\/v2\/tags?post=184273"}],"curies":[{"name":"wp","href":"https:\/\/api.w.org\/{rel}","templated":true}]}}