{"id":184276,"date":"2025-10-18T04:19:17","date_gmt":"2025-10-18T04:19:17","guid":{"rendered":"https:\/\/www.europesays.com\/es\/184276\/"},"modified":"2025-10-18T04:19:17","modified_gmt":"2025-10-18T04:19:17","slug":"rebanos-de-ovejas-y-cabras-toman-el-centro-de-madrid-por-la-fiesta-de-la-trashumancia-2025-recorrido-y-horarios","status":"publish","type":"post","link":"https:\/\/www.europesays.com\/es\/184276\/","title":{"rendered":"Reba\u00f1os de ovejas y cabras toman el centro de Madrid por la Fiesta de la Trashumancia 2025: recorrido y horarios"},"content":{"rendered":"<p class=\"article-text\">\n        Cada mes de octubre el centro de Madrid se convierte en una v\u00eda pecuaria. Por ella desfilan miles de cabras y ovejas capitaneadas por los miembros de\u00a0la Fundaci\u00f3n Trashumancia y Naturaleza. Este 19 de octubre, con motivo de la XXXII Fiesta de la Trashumancia, un gran ganado volver\u00e1 a recorrer la ciudad desde Casa de Campo hasta la sede del Ayuntamiento.\n    <\/p>\n<p>    <a href=\"https:\/\/www.eldiario.es\/madrid\/somos\/blogs\/cocidito\/ovejas-carrera-imagen-esperpentica-fiesta-trashumancia-polemica_132_10620757.html\" data-mrf-recirculation=\"saber-mas\" data-dl-event=\"saber-mas\" rel=\"nofollow noopener\" target=\"_blank\"><\/p>\n<p class=\"know-more__title\">Ovejas a la carrera: la imagen m\u00e1s esperp\u00e9ntica de una Fiesta de la Trashumancia con pol\u00e9mica<\/p>\n<p>            <img decoding=\"async\" class=\"lazy\" loading=\"lazy\" data-src=\"https:\/\/static.eldiario.es\/clip\/96521d4a-e251-456a-8201-b095d5e8ce0d_16-9-aspect-ratio_default_0.jpg\" src=\"data:image\/svg+xml,%3Csvg xmlns=\" http:=\"\" viewbox=\"0 0 880 495\" alt=\"Ovejas a la carrera: la imagen m\u00e1s esperp\u00e9ntica de una Fiesta de la Trashumancia con pol\u00e9mica\"\/><\/p>\n<p>                        <\/a><\/p>\n<p class=\"article-text\">\n        En total, m\u00e1s de 1.100 ovejas merinas y 200 cabras (entre guisanderas y de Guadarrama) pasear\u00e1n por las calles m\u00e1s c\u00e9ntricas de la capital este domingo. El acto, que se celebra desde 1994 \u2014con excepci\u00f3n del a\u00f1o pasado, que se cancel\u00f3 debido a la enfermedad bovina de la lengua azul\u2014, defiende la conservaci\u00f3n de las v\u00edas pecuarias como corredores ecol\u00f3gicos y llama la atenci\u00f3n del importante papel de la trashumancia y la ganader\u00eda extensiva como herramienta de conservaci\u00f3n de la biodiversidad, control de incendios forestales y asentamiento de la poblaci\u00f3n rural, entre otros objetivos. El primer registro hist\u00f3rico trashumante data del a\u00f1o 923.\n    <\/p>\n<p class=\"article-text\">\n        La Fiesta de la Trashumancia reivindica, adem\u00e1s, los derechos que tienen los reba\u00f1os de circular por los terrenos de dominio p\u00fablico seg\u00fan establece la\u00a0Ley 3\/1995 de v\u00edas pecuarias. Desde entonces, el paso de los reba\u00f1os por las calles de Madrid forma parte del calendario tradicional de eventos y lugar de encuentro amistoso entre la ciudad, la poblaci\u00f3n y el campo.\n    <\/p>\n<p class=\"article-text\">\n        El acto sirve tambi\u00e9n para la renovaci\u00f3n del compromiso del ayuntamiento madrile\u00f1o de preservar este rico y \u00fanico patrimonio de 125.000 kil\u00f3metros y 420.000 hect\u00e1reas de superficie, protegido desde que el rey castellano Alfonso X cre\u00f3 el Honrado Concejo de la Mesta hace 750 a\u00f1os, en 1273.\n    <\/p>\n<p>            <img decoding=\"async\" class=\"lazy\" loading=\"lazy\" data-src=\"https:\/\/static.eldiario.es\/clip\/071b153b-c7aa-4d66-a6f3-270e5bfa2358_16-9-discover-aspect-ratio_default_1082890.jpg\" src=\"data:image\/svg+xml,%3Csvg xmlns=\" http:=\"\" viewbox=\"0 0 1500 844\" alt=\"Las cabezas de ganado, frente a la sede del consistorio madrile\u00f1o\"\/><\/p>\n<p class=\"article-text\">\n        En el marco de esta 32\u00ba edici\u00f3n del paso del reba\u00f1o por Madrid, habr\u00e1 un homenaje de la Instituci\u00f3n Libre de Ense\u00f1anza al naturalista y conservacionista espa\u00f1ol Jes\u00fas Garz\u00f3n, impulsor de la recuperaci\u00f3n de la trashumancia. Adem\u00e1s, la Fundaci\u00f3n Trashumancia y Naturaleza recordar\u00e1 tambi\u00e9n la pr\u00f3xima celebraci\u00f3n del\u00a0A\u00f1o Internacional de los Pastizales y Pastores en 2026, declarado por la UNESCO\u00a0para destacar la vital importancia de estos ecosistemas y de las comunidades que las gestionan.\u00a0Los pastizales cubren m\u00e1s de la mitad de la superficie terrestre contribuyendo a la seguridad alimentaria, evitando la propagaci\u00f3n de los grandes fuegos, ayudando a la conservaci\u00f3n de la biodiversidad y a la regulaci\u00f3n del clima.\u00a0\n    <\/p>\n<p>    <strong>Recorrido y horarios<\/strong><\/p>\n<p class=\"article-text\">\n        El reba\u00f1o partir\u00e1 de la Casa de Campo a las 10.00 horas,\u00a0para llevar a cabo el itinerario tradicional por puerta del Rey, puente del Rey, paseo de la Virgen del Puerto,\u00a0parque de Atenas, Cuesta de la Vega y calle Mayor. Despu\u00e9s, bajar\u00e1 hacia la Puerta del Sol, donde est\u00e1 previsto su paso a las 12.30 horas, y continuar\u00e1 por la calle de Alcal\u00e1 hasta llegar a la plaza de Cibeles alrededor de las 12.45 horas.\n    <\/p>\n<p>                            https:\/\/www.google.com\/maps\/d\/u\/0\/edit?mid=1-cbTVgqVVrhx6qNGgDxDuiWAAAKUYZ0&#038;usp=sharing<\/p>\n<p class=\"article-text\">\n        El delegado de Urbanismo, Medio Ambiente y Movilidad, Borja Carabante, junto con otros miembros de la Corporaci\u00f3n, dar\u00e1 la bienvenida en la plaza de Cibeles, en torno a las 13.00 horas, a los pastores, mayorales, rabadanes y ganaderos que recogen la Concordia de 1418 entre los Hombres y Mujeres Buenos de la Mesta y los procuradores del Concejo de la Villa. Una vez le\u00edda la Concordia, Carabante recibir\u00e1 los 50 maraved\u00eds al millar, precio que deb\u00edan pagar los pastores a las autoridades por hacer uso de los caminos ganaderos y cruzar sus t\u00e9rminos.\n    <\/p>\n<p class=\"article-text\">\n        La celebraci\u00f3n se completar\u00e1 con grupos vestidos con trajes regionales, m\u00fasicos y bailes tradicionales. Y posteriormente, el reba\u00f1o volver\u00e1 a la Casa de Campo por el mismo itinerario a trav\u00e9s de la calle de Alcal\u00e1, anta\u00f1o un importante tramo de la\u00a0Ca\u00f1ada Real Galiana\u00a0o Riojana \u00ad\u2014desviada hace a\u00f1os por los distritos de Vic\u00e1lvaro y Villa de Vallecas\u2014. En la plaza de la Independencia a\u00fan se mantienen los mojones de piedra de la Ca\u00f1ada Real como recuerdo de la trascendencia ganadera del lugar.\n    <\/p>\n<p>    <strong>Actividades gratuitas en Casa de Campo<\/strong><\/p>\n<p class=\"article-text\">\n        El inter\u00e9s que ha despertado el paso del reba\u00f1o trashumante por el centro de la ciudad en los \u00faltimos a\u00f1os ha facilitado la preparaci\u00f3n de una programaci\u00f3n complementaria para dar a conocer al p\u00fablico detalles de esta tradici\u00f3n ganadera. Todas las actividades est\u00e1n centralizadas en el\u00a0Centro de Informaci\u00f3n y Educaci\u00f3n Ambiental Casa de Campo\u00a0que este a\u00f1o ha organizado un\u00a0<a href=\"https:\/\/diario.madrid.es\/cieacasadecampo\/fiesta-de-la-trashumancia-2025\/\" target=\"_blank\" rel=\"nofollow noopener\" data-mrf-recirculation=\"links-noticia\" class=\"link\">amplio programa<\/a>\u00a0dirigido a todos los p\u00fablicos.\n    <\/p>\n<p class=\"article-text\">\n        El viernes, 17 de octubre, se dar\u00e1 la\u00a0bienvenida al reba\u00f1o\u00a0con un recorrido\u00a0dirigido al p\u00fablico adulto desde las cercan\u00edas de la localidad de Pozuelo de Alarc\u00f3n hasta su entrada en la Casa de Campo por la\u00a0Puerta del Zarz\u00f3n.\u00a0Tambi\u00e9n est\u00e1 previsto un\u00a0webinario sobre la Red de v\u00edas pecuarias nacionales impartido por el responsable del \u00c1rea de V\u00edas Pecuarias de la Comunidad de Madrid.\n    <\/p>\n<p class=\"article-text\">\n        El s\u00e1bado ser\u00e1 el d\u00eda con mayor n\u00famero de actividades en el CIEA Casa de Campo. La jornada empezar\u00e1 con una exhibici\u00f3n de hilado y torcido de lana para conocer c\u00f3mo se realiza el tradicional oficio para obtener la materia prima de nuestra ropa. A continuaci\u00f3n, se desarrollar\u00e1 la actividad que m\u00e1s inter\u00e9s despierta entre las familias cada a\u00f1o: el paseo\u00a0\u2018Pastores por un d\u00eda\u2019, dirigido a madres y padres con ni\u00f1os mayores de 7 a\u00f1os, para acompa\u00f1ar al reba\u00f1o\u00a0a lo largo de su jornada de descanso por los pastos de la Casa de Campo, con el objetivo de conocer, de mano de los pastores, todo lo relacionado con el mundo de estos animales herb\u00edvoros.\n    <\/p>\n<p>            <img decoding=\"async\" class=\"lazy\" loading=\"lazy\" data-src=\"https:\/\/static.eldiario.es\/clip\/141e9bc6-9b6a-45ee-b35e-f5db0b4132de_16-9-discover-aspect-ratio_default_0.jpg\" src=\"data:image\/svg+xml,%3Csvg xmlns=\" http:=\"\" viewbox=\"0 0 1200 675\" alt=\"Un reba\u00f1o de ovejas a su paso por las calles de la capital\"\/><\/p>\n<p class=\"article-text\">\n        La divulgaci\u00f3n del mundo de la lana tendr\u00e1 su continuaci\u00f3n con dos ediciones del taller de Hilado y afieltrado, dirigido a personas mayores de 12 a\u00f1os, donde se explicar\u00e1 el cardado e hilado con huso para aprender a producir, entre otras cosas, la t\u00e9cnica del afieltrado en h\u00famedo con el preparar pulseras y collares. La \u00faltima actividad del s\u00e1bado ser\u00e1 el cuentacuentos\u00a0SOS lana, donde se narra la historia del reciclaje de este residuo textil y la propuesta de soluciones.\n    <\/p>\n<p class=\"article-text\">\n        El programa de actividades se completa con dos interesantes exposiciones temporales en el centro de Casa de Campo:\u00a0Trashumancia, patrimonio cultural inmaterial de la humanidad,\u00a0donde se muestra las redes y tipos de v\u00edas pecuarias del pa\u00eds, su importancia y el valor ecosist\u00e9mico de esta ancestral actividad; y\u00a0El legado de las pastoras,\u00a0una muestra de fotograf\u00edas para dar a conocer y poner en valor el trabajo de las mujeres que fueron pastoras desde ni\u00f1as en los pueblos del Valle Bajo de Lozoya, en el Sierra Norte de Madrid, durante la posguerra, y el relevo generacional con la actividad que realizan en la actualidad las mujeres ganaderas en el mundo rural.\n    <\/p>\n<p class=\"article-text\">\n        Puedes consultar el programa completo de actividades a continuaci\u00f3n:\n    <\/p>\n<p class=\"article-text\">\n        <strong>Viernes, 17 de octubre<\/strong>\n    <\/p>\n<ul>\n<li>10.00 a 13.30  &#8211; Bienvenida al reba\u00f1o <\/li>\n<li>12.00 a 13.00 &#8211; Webinario V\u00edas Pecuarias N.<\/li>\n<\/ul>\n<p class=\"article-text\">\n        <strong>S\u00e1bado, 18 de octubre<\/strong>\n    <\/p>\n<p>    <a href=\"https:\/\/www.eldiario.es\/guia-ocio\/que-hacer-fin-semana-madrid_1_9005597.html\" data-mrf-recirculation=\"saber-mas-abajo\" data-dl-event=\"saber-mas-abajo\" rel=\"nofollow noopener\" target=\"_blank\"><\/p>\n<p class=\"know-more__title\">Qu\u00e9 hacer en Madrid este fin de semana<\/p>\n<p>            <img decoding=\"async\" class=\"lazy\" loading=\"lazy\" data-src=\"https:\/\/static.eldiario.es\/clip\/064ac488-20d6-450b-a741-76123171ed4e_16-9-aspect-ratio_default_0.jpg\" src=\"data:image\/svg+xml,%3Csvg xmlns=\" http:=\"\" viewbox=\"0 0 880 495\" alt=\"Qu\u00e9 hacer en Madrid este fin de semana\"\/><\/p>\n<p>                        <\/a><\/p>\n<ul>\n<li>10.00 a 11.00 &#8211; Exhibici\u00f3n \u201cHilado y torcido\u201d<\/li>\n<li>10.30  a 13.00 &#8211; Pastores por un d\u00eda<\/li>\n<li>11.00 a 12.30 &#8211; Taller de hilado y afieltrado<\/li>\n<li>12.30 a 13.00 &#8211; Cuentacuentos SOS lana<\/li>\n<li>13.00 a 14.30 &#8211; Taller de hilado y afieltrado<\/li>\n<\/ul>\n<p class=\"article-text\">\n        <strong>Domingo, 19 de octubre<\/strong>\n    <\/p>\n<ul>\n<li>10.30 a 12.00 &#8211; Docuemental Legado pastoras<\/li>\n<li>12.30 a 14.00 &#8211; Exhibici\u00f3n de m\u00fasica pastoril<\/li>\n<\/ul>\n<ul>\n<li><strong>Qu\u00e9:\u00a0<\/strong>Fiesta de la Trashumancia 2025<\/li>\n<li><strong>D\u00f3nde:\u00a0<\/strong>Salida de la Casa de Campo por el Puente del Rey (Metro Pr\u00edncipe P\u00edo L6, L10 y Ramal \u00d3pera-Pr\u00edncipe P\u00edo)<\/li>\n<li><strong>Cu\u00e1ndo:\u00a0<\/strong>Domingo 19 de octubre a las 10.00<\/li>\n<li><strong>Cu\u00e1nto:\u00a0<\/strong>Gratis<\/li>\n<\/ul>\n<p>    <strong>Qu\u00e9 hacer hoy en Madrid<\/strong><\/p>\n<p>                    s\u00e1bado 18 de octubre<\/p>\n<p>                    domingo 19 de octubre<\/p>\n<p>                    lunes 20 de octubre<\/p>\n","protected":false},"excerpt":{"rendered":"Cada mes de octubre el centro de Madrid se convierte en una v\u00eda pecuaria. Por ella desfilan miles&hellip;\n","protected":false},"author":2,"featured_media":184277,"comment_status":"","ping_status":"","sticky":false,"template":"","format":"standard","meta":{"footnotes":""},"categories":[8],"tags":[45,17,18,52051,245,25,24,13,14,2328,11,4074,19,20,205,9,10,15,16,52050,52049,1786,23,12,18610,52052,21,22],"class_list":{"0":"post-184276","1":"post","2":"type-post","3":"status-publish","4":"format-standard","5":"has-post-thumbnail","7":"category-espana","8":"tag-45","9":"tag-breaking-news","10":"tag-breakingnews","11":"tag-cabras","12":"tag-centro","13":"tag-es","14":"tag-espana","15":"tag-featured-news","16":"tag-featurednews","17":"tag-fiesta","18":"tag-headlines","19":"tag-horarios","20":"tag-latest-news","21":"tag-latestnews","22":"tag-madrid","23":"tag-news","24":"tag-noticias","25":"tag-noticias-destacadas","26":"tag-noticiasdestacadas","27":"tag-ovejas","28":"tag-rebanos","29":"tag-recorrido","30":"tag-spain","31":"tag-titulares","32":"tag-toman","33":"tag-trashumancia","34":"tag-ultimas-noticias","35":"tag-ultimasnoticias"},"share_on_mastodon":{"url":"","error":""},"_links":{"self":[{"href":"https:\/\/www.europesays.com\/es\/wp-json\/wp\/v2\/posts\/184276","targetHints":{"allow":["GET"]}}],"collection":[{"href":"https:\/\/www.europesays.com\/es\/wp-json\/wp\/v2\/posts"}],"about":[{"href":"https:\/\/www.europesays.com\/es\/wp-json\/wp\/v2\/types\/post"}],"author":[{"embeddable":true,"href":"https:\/\/www.europesays.com\/es\/wp-json\/wp\/v2\/users\/2"}],"replies":[{"embeddable":true,"href":"https:\/\/www.europesays.com\/es\/wp-json\/wp\/v2\/comments?post=184276"}],"version-history":[{"count":0,"href":"https:\/\/www.europesays.com\/es\/wp-json\/wp\/v2\/posts\/184276\/revisions"}],"wp:featuredmedia":[{"embeddable":true,"href":"https:\/\/www.europesays.com\/es\/wp-json\/wp\/v2\/media\/184277"}],"wp:attachment":[{"href":"https:\/\/www.europesays.com\/es\/wp-json\/wp\/v2\/media?parent=184276"}],"wp:term":[{"taxonomy":"category","embeddable":true,"href":"https:\/\/www.europesays.com\/es\/wp-json\/wp\/v2\/categories?post=184276"},{"taxonomy":"post_tag","embeddable":true,"href":"https:\/\/www.europesays.com\/es\/wp-json\/wp\/v2\/tags?post=184276"}],"curies":[{"name":"wp","href":"https:\/\/api.w.org\/{rel}","templated":true}]}}