{"id":184278,"date":"2025-10-18T04:20:09","date_gmt":"2025-10-18T04:20:09","guid":{"rendered":"https:\/\/www.europesays.com\/es\/184278\/"},"modified":"2025-10-18T04:20:09","modified_gmt":"2025-10-18T04:20:09","slug":"ee-uu-ataca-un-submarino-que-transportaba-drogas-en-el-caribe","status":"publish","type":"post","link":"https:\/\/www.europesays.com\/es\/184278\/","title":{"rendered":"EE.UU. ataca un submarino que transportaba drogas en el Caribe"},"content":{"rendered":"<p>Washington (EFE).- El presidente de Estados Unidos, Donald Trump, inform\u00f3 este viernes que la \u00faltima embarcaci\u00f3n atacada por su pa\u00eds en el Caribe era un submarino que, seg\u00fan el mandatario, transportaba grandes cantidades de droga.\u00a0<\/p>\n<p>\u00abAtacamos un submarino, un submarino cargado de drogas, construido espec\u00edficamente para transportar grandes cantidades de droga\u00bb, dijo Trump cuando la prensa le pregunt\u00f3 en la Casa Blanca sobre la \u00faltima operaci\u00f3n del despliegue militar estadounidense en el Caribe.<\/p>\n<p>\u00abPara que entiendan, no se trataba de un grupo inocente. No conozco a mucha gente que tenga submarinos, y ese fue un ataque a un submarino cargado de droga\u00bb, declar\u00f3.<\/p>\n<p>Seg\u00fan la prensa local, Estados Unidos atac\u00f3 el jueves por la noche una embarcaci\u00f3n en el Caribe, cerca de las costas venezolanas, pero la operaci\u00f3n no la anunci\u00f3 por Trump en sus redes sociales como acostumbra.<\/p>\n<p><a href=\"https:\/\/efe.com\/mundo\/2025-10-17\/eeuu-venezuela-ataque-sobrevivientes\/\" rel=\"nofollow noopener\" target=\"_blank\">En el ataque, realizado por el Comando Sur de Estados Unidos<\/a>, habr\u00edan sobrevivido dos personas que se encontrar\u00edan bajo custodia estadounidense.<\/p>\n<p>Trump anunci\u00f3 el mi\u00e9rcoles que ha autorizado a la CIA realizar operativos encubiertos y dijo que analiza la posibilidad de realizar operaciones en tierra debido a que, a su criterio, han paralizado el tr\u00e1fico de drogas mar\u00edtimo.\u00a0<\/p>\n<p>Desde agosto, el Comando Sur del Ej\u00e9rcito estadounidense despleg\u00f3 buques y aviones bajo la justificaci\u00f3n de combatir el narcotr\u00e1fico cerca de las costas de Venezuela, causando una tensi\u00f3n creciente entre Washington y el Gobierno de Nicol\u00e1s Maduro, que ve la operaci\u00f3n como el preludio de un posible ataque contra el pa\u00eds.\u00a0<\/p>\n","protected":false},"excerpt":{"rendered":"Washington (EFE).- El presidente de Estados Unidos, Donald Trump, inform\u00f3 este viernes que la \u00faltima embarcaci\u00f3n atacada por&hellip;\n","protected":false},"author":2,"featured_media":184279,"comment_status":"","ping_status":"","sticky":false,"template":"","format":"standard","meta":{"footnotes":""},"categories":[5],"tags":[17,18,115,25,24,13,14,582,11,19,20,9,10,15,16,23,12,936,21,22],"class_list":{"0":"post-184278","1":"post","2":"type-post","3":"status-publish","4":"format-standard","5":"has-post-thumbnail","7":"category-titulares","8":"tag-breaking-news","9":"tag-breakingnews","10":"tag-eeuu","11":"tag-es","12":"tag-espana","13":"tag-featured-news","14":"tag-featurednews","15":"tag-gobierno","16":"tag-headlines","17":"tag-latest-news","18":"tag-latestnews","19":"tag-news","20":"tag-noticias","21":"tag-noticias-destacadas","22":"tag-noticiasdestacadas","23":"tag-spain","24":"tag-titulares","25":"tag-trump","26":"tag-ultimas-noticias","27":"tag-ultimasnoticias"},"share_on_mastodon":{"url":"","error":""},"_links":{"self":[{"href":"https:\/\/www.europesays.com\/es\/wp-json\/wp\/v2\/posts\/184278","targetHints":{"allow":["GET"]}}],"collection":[{"href":"https:\/\/www.europesays.com\/es\/wp-json\/wp\/v2\/posts"}],"about":[{"href":"https:\/\/www.europesays.com\/es\/wp-json\/wp\/v2\/types\/post"}],"author":[{"embeddable":true,"href":"https:\/\/www.europesays.com\/es\/wp-json\/wp\/v2\/users\/2"}],"replies":[{"embeddable":true,"href":"https:\/\/www.europesays.com\/es\/wp-json\/wp\/v2\/comments?post=184278"}],"version-history":[{"count":0,"href":"https:\/\/www.europesays.com\/es\/wp-json\/wp\/v2\/posts\/184278\/revisions"}],"wp:featuredmedia":[{"embeddable":true,"href":"https:\/\/www.europesays.com\/es\/wp-json\/wp\/v2\/media\/184279"}],"wp:attachment":[{"href":"https:\/\/www.europesays.com\/es\/wp-json\/wp\/v2\/media?parent=184278"}],"wp:term":[{"taxonomy":"category","embeddable":true,"href":"https:\/\/www.europesays.com\/es\/wp-json\/wp\/v2\/categories?post=184278"},{"taxonomy":"post_tag","embeddable":true,"href":"https:\/\/www.europesays.com\/es\/wp-json\/wp\/v2\/tags?post=184278"}],"curies":[{"name":"wp","href":"https:\/\/api.w.org\/{rel}","templated":true}]}}