{"id":184282,"date":"2025-10-18T04:22:21","date_gmt":"2025-10-18T04:22:21","guid":{"rendered":"https:\/\/www.europesays.com\/es\/184282\/"},"modified":"2025-10-18T04:22:21","modified_gmt":"2025-10-18T04:22:21","slug":"corrida-de-toros-ayuntamiento-daimiel","status":"publish","type":"post","link":"https:\/\/www.europesays.com\/es\/184282\/","title":{"rendered":"Corrida de toros | Ayuntamiento Daimiel"},"content":{"rendered":"<p class=\"text-align-center\">Gran corrida de toros en Daimiel, 6 toros de Adolfo Mart\u00edn para los diestros:<\/p>\n<p class=\"text-align-center\">LUIS MIGUEL V\u00c1ZQUEZ<br \/>DAVID GALV\u00c1N<br \/>SAMUEL NAVAL\u00d3N<\/p>\n<p>Venta de entradas:<\/p>\n<ul>\n<li>Casino de la armon\u00eda: del 18 al 29 de agosto de lunes a s\u00e1bado de 11 a 14 horas y de 18 a 21\u00a0horas.<\/li>\n<li>Venta en taquilla: 29 de agosto desde las 18 horas y 30 de agosto desde las 11 horas.<\/li>\n<li>Online y por tel\u00e9fono: <a href=\"https:\/\/bacantix.com\/Entradas\/WebForms\/Forms\/Evento.aspx?id=pldaimiel&amp;Recinto=020124&amp;Sala=001&amp;Espectaculo=000008&amp;TituloEspectaculo=CORRIDA%20DE%20TOROS&amp;ActivePage=0\" rel=\"nofollow noopener\" target=\"_blank\">www.tauroemoci\u00f3n.com<\/a>\u00a0\/ 633 489 205<\/li>\n<\/ul>\n<p>\u00a0<\/p>\n<p>Desencajonamiento y suelta de vaquillas amenizada por DJ Rub\u00e9n.<br \/>Viernes, 29 de agosto a las 22.30 horas.<\/p>\n","protected":false},"excerpt":{"rendered":"Gran corrida de toros en Daimiel, 6 toros de Adolfo Mart\u00edn para los diestros: LUIS MIGUEL V\u00c1ZQUEZDAVID GALV\u00c1NSAMUEL&hellip;\n","protected":false},"author":2,"featured_media":184283,"comment_status":"","ping_status":"","sticky":false,"template":"","format":"standard","meta":{"footnotes":""},"categories":[277],"tags":[373,168,25,24,23,167,374,444],"class_list":{"0":"post-184282","1":"post","2":"type-post","3":"status-publish","4":"format-standard","5":"has-post-thumbnail","7":"category-toreo","8":"tag-bullfighting","9":"tag-deportes","10":"tag-es","11":"tag-espana","12":"tag-spain","13":"tag-sports","14":"tag-toreo","15":"tag-toros"},"share_on_mastodon":{"url":"","error":""},"_links":{"self":[{"href":"https:\/\/www.europesays.com\/es\/wp-json\/wp\/v2\/posts\/184282","targetHints":{"allow":["GET"]}}],"collection":[{"href":"https:\/\/www.europesays.com\/es\/wp-json\/wp\/v2\/posts"}],"about":[{"href":"https:\/\/www.europesays.com\/es\/wp-json\/wp\/v2\/types\/post"}],"author":[{"embeddable":true,"href":"https:\/\/www.europesays.com\/es\/wp-json\/wp\/v2\/users\/2"}],"replies":[{"embeddable":true,"href":"https:\/\/www.europesays.com\/es\/wp-json\/wp\/v2\/comments?post=184282"}],"version-history":[{"count":0,"href":"https:\/\/www.europesays.com\/es\/wp-json\/wp\/v2\/posts\/184282\/revisions"}],"wp:featuredmedia":[{"embeddable":true,"href":"https:\/\/www.europesays.com\/es\/wp-json\/wp\/v2\/media\/184283"}],"wp:attachment":[{"href":"https:\/\/www.europesays.com\/es\/wp-json\/wp\/v2\/media?parent=184282"}],"wp:term":[{"taxonomy":"category","embeddable":true,"href":"https:\/\/www.europesays.com\/es\/wp-json\/wp\/v2\/categories?post=184282"},{"taxonomy":"post_tag","embeddable":true,"href":"https:\/\/www.europesays.com\/es\/wp-json\/wp\/v2\/tags?post=184282"}],"curies":[{"name":"wp","href":"https:\/\/api.w.org\/{rel}","templated":true}]}}