{"id":184294,"date":"2025-10-18T04:32:14","date_gmt":"2025-10-18T04:32:14","guid":{"rendered":"https:\/\/www.europesays.com\/es\/184294\/"},"modified":"2025-10-18T04:32:14","modified_gmt":"2025-10-18T04:32:14","slug":"donacion-del-espacio-arbol-del-conocimiento-y-126-000-libros-a-la-academia-de-oficiales-de-ciudad-ho-chi-minh","status":"publish","type":"post","link":"https:\/\/www.europesays.com\/es\/184294\/","title":{"rendered":"Donaci\u00f3n del espacio \u00ab\u00c1rbol del Conocimiento\u00bb y 126.000 libros a la Academia de Oficiales de Ciudad Ho Chi Minh"},"content":{"rendered":"<p>A la ceremonia de entrega de premios asistieron los l\u00edderes del Comit\u00e9 del Partido de la Ciudad, el Comit\u00e9 Popular, el Departamento de Propaganda y Movilizaci\u00f3n de Masas del Comit\u00e9 del Partido de Ciudad <a class=\"data-link\" data-org-href=\"https:\/\/www.vietnam.vn\/destination\/ho-chi-minh\" href=\"https:\/\/www.vietnam.vn\/destination\/ho-chi-minh\" title=\"Ciudad Ho Chi Minh\" target=\"_blank\" rel=\"nofollow noopener\">Ho Chi Minh<\/a> , agencias de prensa y publicaciones, representantes de las unidades participantes en la exposici\u00f3n, profesores y estudiantes de la academia. <\/p>\n<p><img loading=\"lazy\" decoding=\"async\" alt=\"Donaci\u00f3n del espacio \" del=\"\" conocimiento=\"\" y=\"\" libros=\"\" a=\"\" la=\"\" academia=\"\" de=\"\" oficiales=\"\" ciudad=\"\" ho=\"\" chi=\"\" minh=\"\" src=\"https:\/\/www.europesays.com\/es\/wp-content\/uploads\/2025\/10\/1_cay_tri_thuc-1760758374304.jpg\" height=\"1926\" uk-img=\"\" width=\"2568\"\/> El camarada Tran Luu Quang, Secretario del Comit\u00e9 Central del Partido, el Secretario del Comit\u00e9 del Partido en Ciudad Ho Chi Minh y los dirigentes de la ciudad visitaron el espacio de exposici\u00f3n en el Espacio de Exhibici\u00f3n de Prensa y Publicaciones en la ma\u00f1ana del 18 de octubre.<\/p>\n<p> El \u201c\u00c1rbol del Conocimiento\u201d y el Espacio de Exhibici\u00f3n de Prensa y Publicaciones son iniciativas simb\u00f3licas en la serie de exhibiciones que sirven al 1er Congreso del Partido de Ciudad Ho Chi Minh, per\u00edodo 2025-2030; la Conferencia para Resumir 50 A\u00f1os de Literatura y Artes es un evento para honrar los logros sobresalientes de la literatura y las artes de Ciudad Ho Chi Minh durante los \u00faltimos 50 a\u00f1os desde la reunificaci\u00f3n del pa\u00eds.<\/p>\n<p> La organizaci\u00f3n de este evento no solo demuestra la visi\u00f3n estrat\u00e9gica de los l\u00edderes municipales para conectar el pasado con el futuro, sino que tambi\u00e9n reafirma el papel de la cultura y el arte como un importante pilar espiritual, contribuyendo a forjar el camino hacia el desarrollo sostenible en el nuevo mandato del Comit\u00e9 del Partido Municipal. Adem\u00e1s de su valor expositivo, este espacio tambi\u00e9n demuestra la profunda preocupaci\u00f3n de los l\u00edderes municipales por desarrollar una cultura de la lectura y fomentar el amor por el conocimiento en las nuevas generaciones. <\/p>\n<p><img loading=\"lazy\" decoding=\"async\" alt=\"Donaci\u00f3n del espacio \" del=\"\" conocimiento=\"\" y=\"\" libros=\"\" a=\"\" la=\"\" academia=\"\" de=\"\" oficiales=\"\" ciudad=\"\" ho=\"\" chi=\"\" minh=\"\" src=\"https:\/\/www.europesays.com\/es\/wp-content\/uploads\/2025\/10\/2_cay_tri_thuc-1760758636665.jpg\" height=\"1926\" uk-img=\"\" width=\"2568\"\/> El camarada Duong Anh Duc, jefe del Departamento de Propaganda y Movilizaci\u00f3n de Masas del Comit\u00e9 del Partido de Ciudad Ho Chi Minh, junto con los l\u00edderes del Departamento de Cultura, Deportes y Turismo, unidades de prensa y publicaciones, presentaron el Espacio \u00ab\u00c1rbol del Conocimiento\u00bb y 126.000 libros a la Academia de Funcionarios de Ciudad Ho Chi Minh.<\/p>\n<p> El Comit\u00e9 Organizador anunci\u00f3 que el Espacio de Exhibici\u00f3n de Prensa y Publicaciones del I Congreso del Partido en Ciudad Ho Chi Minh, per\u00edodo 2025-2030, se mantendr\u00e1 hasta finales de octubre de 2025, ampliando as\u00ed las oportunidades para que estudiantes y profesores visiten, estudien y experimenten. Este es un paso concreto para convertir la cultura de la lectura en una parte esencial de la vida escolar. <\/p>\n<p><img loading=\"lazy\" decoding=\"async\" alt=\"Donaci\u00f3n del espacio \" del=\"\" conocimiento=\"\" y=\"\" libros=\"\" a=\"\" la=\"\" academia=\"\" de=\"\" oficiales=\"\" ciudad=\"\" ho=\"\" chi=\"\" minh=\"\" src=\"https:\/\/www.europesays.com\/es\/wp-content\/uploads\/2025\/10\/3_cay_tri_thuc-1760758655948.jpg\" height=\"1668\" uk-img=\"\" width=\"1972\"\/> La camarada Tran Thi Dieu Thuy, vicepresidenta del Comit\u00e9 Popular de Ciudad Ho Chi Minh y artista meritorio Phi Dieu, visit\u00f3 las pinturas sobre Truong Sa en el Espacio de Exhibici\u00f3n de Prensa y Publicaciones.<\/p>\n<p> Para continuar difundiendo este esp\u00edritu, el Comit\u00e9 Organizador presentar\u00e1 el dise\u00f1o del Espacio \u201c\u00c1rbol del Conocimiento\u201d junto a 126.000 libros (entre libros de papel y audiolibros), contribuyendo a construir un ambiente de aprendizaje diverso, mejorando la vida espiritual y afirmando el papel de la cultura de la lectura en el desarrollo sostenible y la integraci\u00f3n.<\/p>\n<p class=\"mb-0\"> Fuente: https:\/\/cand.com.vn\/Chuyen-dong-van-hoa\/trao-tang-khong-gian-cay-tri-thuc-va-126-000-quyen-sach-cho-hoc-vien-can-bo-tp-ho-chi-minh-i785035\/<\/p>\n","protected":false},"excerpt":{"rendered":"A la ceremonia de entrega de premios asistieron los l\u00edderes del Comit\u00e9 del Partido de la Ciudad, el&hellip;\n","protected":false},"author":2,"featured_media":184295,"comment_status":"","ping_status":"","sticky":false,"template":"","format":"standard","meta":{"footnotes":""},"categories":[172],"tags":[224,146,147,25,24,225,23],"class_list":{"0":"post-184294","1":"post","2":"type-post","3":"status-publish","4":"format-standard","5":"has-post-thumbnail","7":"category-libros","8":"tag-books","9":"tag-entertainment","10":"tag-entretenimiento","11":"tag-es","12":"tag-espana","13":"tag-libros","14":"tag-spain"},"share_on_mastodon":{"url":"","error":""},"_links":{"self":[{"href":"https:\/\/www.europesays.com\/es\/wp-json\/wp\/v2\/posts\/184294","targetHints":{"allow":["GET"]}}],"collection":[{"href":"https:\/\/www.europesays.com\/es\/wp-json\/wp\/v2\/posts"}],"about":[{"href":"https:\/\/www.europesays.com\/es\/wp-json\/wp\/v2\/types\/post"}],"author":[{"embeddable":true,"href":"https:\/\/www.europesays.com\/es\/wp-json\/wp\/v2\/users\/2"}],"replies":[{"embeddable":true,"href":"https:\/\/www.europesays.com\/es\/wp-json\/wp\/v2\/comments?post=184294"}],"version-history":[{"count":0,"href":"https:\/\/www.europesays.com\/es\/wp-json\/wp\/v2\/posts\/184294\/revisions"}],"wp:featuredmedia":[{"embeddable":true,"href":"https:\/\/www.europesays.com\/es\/wp-json\/wp\/v2\/media\/184295"}],"wp:attachment":[{"href":"https:\/\/www.europesays.com\/es\/wp-json\/wp\/v2\/media?parent=184294"}],"wp:term":[{"taxonomy":"category","embeddable":true,"href":"https:\/\/www.europesays.com\/es\/wp-json\/wp\/v2\/categories?post=184294"},{"taxonomy":"post_tag","embeddable":true,"href":"https:\/\/www.europesays.com\/es\/wp-json\/wp\/v2\/tags?post=184294"}],"curies":[{"name":"wp","href":"https:\/\/api.w.org\/{rel}","templated":true}]}}