{"id":184302,"date":"2025-10-18T04:38:11","date_gmt":"2025-10-18T04:38:11","guid":{"rendered":"https:\/\/www.europesays.com\/es\/184302\/"},"modified":"2025-10-18T04:38:11","modified_gmt":"2025-10-18T04:38:11","slug":"el-exesposo-de-britney-spears-destapo-intimos-detalles-de-su-primer-encuentro-sexual","status":"publish","type":"post","link":"https:\/\/www.europesays.com\/es\/184302\/","title":{"rendered":"El exesposo de Britney Spears destap\u00f3 \u00edntimos detalles de su primer encuentro sexual"},"content":{"rendered":"<p><img alt=\"Kevin Federline volvi\u00f3 a hablar\" class=\"global-image\" decoding=\"async\" fetchpriority=\"high\" height=\"1080\" loading=\"eager\" src=\"https:\/\/www.europesays.com\/es\/wp-content\/uploads\/2025\/10\/MEFWYII5RBFJPLYAC5JHCISUVQ.jpg\" width=\"1920\"\/>Kevin Federline volvi\u00f3 a hablar sobre su relaci\u00f3n con Britney Spears casi dos d\u00e9cadas despu\u00e9s de su separaci\u00f3n (Chris Pizzello\/Invision\/\/AP\/STAR MAX)<\/p>\n<p class=\"paragraph\">\u00bfC\u00f3mo inici\u00f3 la relaci\u00f3n de <a rel=\"noopener noreferrer nofollow\" href=\"https:\/\/www.infobae.com\/entretenimiento\/2025\/10\/16\/britney-spears-se-desata-contra-kevin-federline-por-manipularla-y-alejarla-de-sus-hijos\/\" target=\"_blank\" title=\"https:\/\/www.infobae.com\/entretenimiento\/2025\/10\/16\/britney-spears-se-desata-contra-kevin-federline-por-manipularla-y-alejarla-de-sus-hijos\/\">Kevin Federline y Britney Spears<\/a>? El exbailar\u00edn dio su versi\u00f3n en su nuevo libro de memorias, <b>You Thought You Knew<\/b>, que saldr\u00e1 a la venta el pr\u00f3ximo 21 de octubre a trav\u00e9s de la plataforma Listenin. <\/p>\n<p class=\"paragraph\">Seg\u00fan un fragmento al que US Weekly tuvo acceso, el exesposo de la \u201cPrincesa del Pop\u201d relat\u00f3 que conoci\u00f3 a Spears gracias a una amiga en com\u00fan, la bailarina <b>Teresa Espinosa<\/b>, en el club Joseph\u2019s de Hollywood. <\/p>\n<p class=\"paragraph\">A pesar de que Federline tambi\u00e9n hab\u00eda sido parte del equipo de baile en la gira de la cantante en el a\u00f1o 2000, no se hab\u00edan tratado personalmente hasta esa noche. <\/p>\n<p class=\"paragraph\">\u201cEl momento en que me sent\u00e9, todo lo dem\u00e1s pareci\u00f3 desvanecerse en el fondo. \u00c9ramos solo ella y yo\u201d, record\u00f3. <\/p>\n<p><img alt=\"Seg\u00fan Federline, Britney se acost\u00f3\" class=\"global-image\" decoding=\"async\" fetchpriority=\"low\" height=\"1080\" loading=\"lazy\" src=\"https:\/\/www.europesays.com\/es\/wp-content\/uploads\/2025\/10\/3YZEK65MFZGVTEBI7ZNSC6BZJY.jpg\" width=\"1920\"\/>Seg\u00fan Federline, Britney se acost\u00f3 con \u00e9l la primera noche en que se conocieron (Bang Media International)<\/p>\n<p class=\"paragraph\">Federline, quien ten\u00eda 26 a\u00f1os en aquel entonces, confiesa que no pensaba que la relaci\u00f3n trascender\u00eda m\u00e1s all\u00e1 de una aventura. Mientras interactuaban, \u201csolo pensaba en la posibilidad de acostarse con ella\u201d, cita el medio. No imaginaba que en el futuro llegar\u00edan ser esposos ante la ley. <\/p>\n<p class=\"paragraph\">Esa misma noche, Spears lo invit\u00f3 al bungalow que ocupaba en el Beverly Hills Hotel, donde, seg\u00fan Federline, la atracci\u00f3n fue inmediata.<\/p>\n<p class=\"paragraph\">\u201cMientras todos segu\u00edan nadando, Britney sali\u00f3 del jacuzzi, me tom\u00f3 del brazo y me llev\u00f3 al bungalow. Los dem\u00e1s entendieron el mensaje y se fueron\u201d, escribe.<\/p>\n<p class=\"paragraph\">Una vez solos, Spears \u201cse dio la vuelta, se quit\u00f3 la ropa interior y comenz\u00f3 a besarme, arranc\u00e1ndome la ropa con ambas manos\u201d, escribi\u00f3. <b>\u201cTrop\u00e9zamos hacia la cama mientras yo trataba de quitarme los pantalones de los tobillos\u201d. <\/b><\/p>\n<p class=\"paragraph\">Federline asegura que el encuentro fue \u201cpuramente f\u00edsico\u201d, pero que lo que empez\u00f3 como una sola noche<b> \u201cse convirti\u00f3 en dos, luego se extendi\u00f3 a tres, todo el tiempo refugiados en ese bungalow\u201d.<\/b><\/p>\n<p><img alt=\"Federline recuerda que su relaci\u00f3n\" class=\"global-image\" decoding=\"async\" fetchpriority=\"low\" height=\"1382\" loading=\"lazy\" src=\"https:\/\/www.europesays.com\/es\/wp-content\/uploads\/2025\/10\/ZLLUDL3OHFHLJOAHSPFJQI5QKY.jpg\" width=\"1920\"\/>Federline recuerda que su relaci\u00f3n con Spears comenz\u00f3 como algo \u201cf\u00edsico\u201d que se extendi\u00f3 durante varios d\u00edas (Shutterstock)<\/p>\n<p class=\"paragraph\">Despu\u00e9s de ese comienzo apasionado, Spears lo invit\u00f3 a acompa\u00f1arla en la etapa europea de su gira Onyx Hotel Tour, y meses despu\u00e9s la pareja contrajo matrimonio. De esa uni\u00f3n nacieron sus dos hijos: Sean Preston, hoy de 20 a\u00f1os, y Jayden James, de 19. <\/p>\n<p class=\"paragraph\">Sin embargo, el matrimonio termin\u00f3 en divorcio en 2007, tras una intensa exposici\u00f3n medi\u00e1tica y conflictos familiares.<\/p>\n<p class=\"paragraph\">En su propio libro de memorias, <b>The Woman in Me<\/b> (2023), Spears tambi\u00e9n abord\u00f3 el inicio de su relaci\u00f3n con Federline. <\/p>\n<p class=\"paragraph\">La cantante explic\u00f3 que, si bien su v\u00ednculo comenz\u00f3 con una fuerte atracci\u00f3n f\u00edsica, para ella representaba m\u00e1s una conexi\u00f3n \u00edntima que algo meramente sexual.<\/p>\n<p class=\"paragraph\">El lanzamiento del libro de Federline no ha pasado inadvertido para Britney Spears, quien ha expresado p\u00fablicamente <a rel=\"noopener noreferrer nofollow\" href=\"https:\/\/www.infobae.com\/entretenimiento\/2025\/10\/17\/la-fuerte-respuesta-de-britney-spears-a-las-revelaciones-de-su-exesposo-ese-hombre-me-odia\/\" target=\"_blank\" title=\"https:\/\/www.infobae.com\/entretenimiento\/2025\/10\/17\/la-fuerte-respuesta-de-britney-spears-a-las-revelaciones-de-su-exesposo-ese-hombre-me-odia\/\">su rechazo a una larga lista de revelaciones \u00edntimas<\/a> y acusaciones en su contra. <\/p>\n<p class=\"paragraph\">A trav\u00e9s de un extenso mensaje en la red X (antes Twitter), la cantante de Toxic acus\u00f3 a su exmarido de \u201cgaslighting\u201d y de intentar lucrar a costa de su historia personal.<\/p>\n<p><img alt=\"Spears sostiene que las declaraciones\" class=\"global-image\" decoding=\"async\" fetchpriority=\"low\" height=\"1080\" loading=\"lazy\" src=\"https:\/\/www.europesays.com\/es\/wp-content\/uploads\/2025\/10\/IB7CEBOCANFSTMRHNFZXGSOW5E.jpg\" width=\"1920\"\/>Spears sostiene que las declaraciones de su exmarido son parte de un intento por manipular su imagen p\u00fablica (EFE\/Jason Szenes)<\/p>\n<p class=\"paragraph\">Spears ampli\u00f3 su respuesta en otra publicaci\u00f3n enviada el mismo d\u00eda donde manifest\u00f3 sentirse humillada por las afirmaciones de <b>Federline<\/b>. La artista critic\u00f3 la forma en que su expareja busca, seg\u00fan ella, exponerla p\u00fablicamente. <\/p>\n<p class=\"paragraph\">\u201cSi realmente amas a alguien, no lo ayudas humill\u00e1ndolo. Lo que me asust\u00f3 fue lo serio y enojado que se puso. La gente no tiene idea, es mucho peor de lo que cualquiera podr\u00eda imaginar\u2026 <b>ese hombre me odia y es un odio profundo para decir las cosas que est\u00e1 diciendo<\/b>\u201d, escribi\u00f3. <\/p>\n","protected":false},"excerpt":{"rendered":"Kevin Federline volvi\u00f3 a hablar sobre su relaci\u00f3n con Britney Spears casi dos d\u00e9cadas despu\u00e9s de su separaci\u00f3n&hellip;\n","protected":false},"author":2,"featured_media":184303,"comment_status":"","ping_status":"","sticky":false,"template":"","format":"standard","meta":{"footnotes":""},"categories":[91],"tags":[52060,46291,52061,889,26319,52062,15156,146,147,25,24,2612,52063,6290,52064,2791,5952,52065,11348,4417,3772,184,25475,7827,22254,36480,52066,1032,23,15157,30353,19145,37188],"class_list":{"0":"post-184302","1":"post","2":"type-post","3":"status-publish","4":"format-standard","5":"has-post-thumbnail","7":"category-entretenimiento","8":"tag-52060","9":"tag-46291","10":"tag-52061","11":"tag-america","12":"tag-angeles","13":"tag-bmg","14":"tag-britney","15":"tag-entertainment","16":"tag-entretenimiento","17":"tag-es","18":"tag-espana","19":"tag-feb","20":"tag-federline","21":"tag-female","22":"tag-fselect","23":"tag-grammy","24":"tag-grammys","25":"tag-husband","26":"tag-kevin","27":"tag-los","28":"tag-male","29":"tag-music","30":"tag-not-performing","31":"tag-party","32":"tag-personality","33":"tag-post","34":"tag-psbig","35":"tag-sony","36":"tag-spain","37":"tag-spears","38":"tag-together","39":"tag-wife","40":"tag-with-others"},"share_on_mastodon":{"url":"","error":""},"_links":{"self":[{"href":"https:\/\/www.europesays.com\/es\/wp-json\/wp\/v2\/posts\/184302","targetHints":{"allow":["GET"]}}],"collection":[{"href":"https:\/\/www.europesays.com\/es\/wp-json\/wp\/v2\/posts"}],"about":[{"href":"https:\/\/www.europesays.com\/es\/wp-json\/wp\/v2\/types\/post"}],"author":[{"embeddable":true,"href":"https:\/\/www.europesays.com\/es\/wp-json\/wp\/v2\/users\/2"}],"replies":[{"embeddable":true,"href":"https:\/\/www.europesays.com\/es\/wp-json\/wp\/v2\/comments?post=184302"}],"version-history":[{"count":0,"href":"https:\/\/www.europesays.com\/es\/wp-json\/wp\/v2\/posts\/184302\/revisions"}],"wp:featuredmedia":[{"embeddable":true,"href":"https:\/\/www.europesays.com\/es\/wp-json\/wp\/v2\/media\/184303"}],"wp:attachment":[{"href":"https:\/\/www.europesays.com\/es\/wp-json\/wp\/v2\/media?parent=184302"}],"wp:term":[{"taxonomy":"category","embeddable":true,"href":"https:\/\/www.europesays.com\/es\/wp-json\/wp\/v2\/categories?post=184302"},{"taxonomy":"post_tag","embeddable":true,"href":"https:\/\/www.europesays.com\/es\/wp-json\/wp\/v2\/tags?post=184302"}],"curies":[{"name":"wp","href":"https:\/\/api.w.org\/{rel}","templated":true}]}}