{"id":184308,"date":"2025-10-18T04:43:11","date_gmt":"2025-10-18T04:43:11","guid":{"rendered":"https:\/\/www.europesays.com\/es\/184308\/"},"modified":"2025-10-18T04:43:11","modified_gmt":"2025-10-18T04:43:11","slug":"los-equipos-de-primera-protestaran-al-inicio-de-la-jornada-9-de-laliga-por-el-traslado-del-villarreal-barcelona-a-miami","status":"publish","type":"post","link":"https:\/\/www.europesays.com\/es\/184308\/","title":{"rendered":"Los equipos de Primera protestar\u00e1n al inicio de la jornada 9 de LaLiga por el traslado del Villarreal-Barcelona a Miami"},"content":{"rendered":"<p class=\"article-text\">\n        Los equipos de la Primera Divisi\u00f3n masculina del f\u00fatbol espa\u00f1ol protestar\u00e1n al inicio de cada partido correspondiente a la novena jornada por el traslado del Villarreal-FC Barcelona a Miami. As\u00ed lo ha comunicado este viernes la Asociaci\u00f3n de F\u00fatbolistas Espa\u00f1oles (AFE), que ha contado con el apoyo de los capitanes de la m\u00e1xima categor\u00eda del balompi\u00e9.\n    <\/p>\n<p>    <a href=\"https:\/\/www.eldiario.es\/spin\/deportes\/sonia-bermudez-devuelve-jenni-hermoso-mapi-leon-seleccion-espanola-futbol-pm_1_12692060.html\" data-mrf-recirculation=\"saber-mas\" data-dl-event=\"saber-mas\" rel=\"nofollow noopener\" target=\"_blank\"><\/p>\n<p class=\"know-more__title\">Sonia Berm\u00fadez devuelve a Jenni Hermoso y Mapi Le\u00f3n a la selecci\u00f3n espa\u00f1ola de f\u00fatbol<\/p>\n<p>            <img decoding=\"async\" class=\"lazy\" loading=\"lazy\" data-src=\"https:\/\/static.eldiario.es\/clip\/a91a8b8d-9bc9-4cd4-9efb-02ecaf96f510_16-9-aspect-ratio_default_0.jpg\" src=\"data:image\/svg+xml,%3Csvg xmlns=\" http:=\"\" viewbox=\"0 0 880 495\" alt=\"Sonia Berm\u00fadez devuelve a Jenni Hermoso y Mapi Le\u00f3n a la selecci\u00f3n espa\u00f1ola de f\u00fatbol\"\/><\/p>\n<p>                        <\/a><\/p>\n<p class=\"article-text\">\n        La reivindicaci\u00f3n se llevar\u00e1 a cabo al comienzo de cada encuentro, de forma \u201csimb\u00f3lica, \u201dpor la falta de transparencia, di\u00e1logo y coherencia de LaLiga, sobre la posibilidad de disputar un partido de la competici\u00f3n en Estados Unidos\u201c, seg\u00fan ha informado la AFE.\n    <\/p>\n<p class=\"article-text\">\n        El partido al que hacen menci\u00f3n es el Villarreal-FC Barcelona de la jornada 17, que se jugar\u00e1 en Estados Unidos a finales de diciembre. Tanto la UEFA como la RFEF han dado su aprobaci\u00f3n para que se exporte el partido a Miami, lo que marca un hito: se trata del primer choque de LaLiga que tendr\u00e1 lugar fuera de Espa\u00f1a.\n    <\/p>\n<p class=\"article-text\">\n        \u201cEl sindicato ha decidido mantener al margen de la iniciativa, a pesar de que comparten la posici\u00f3n de fondo y los puntos cr\u00edticos, a los futbolistas de FC Barcelona y Villarreal CF, clubes solicitantes del proyecto, para evitar que la acci\u00f3n de protesta pudiera interpretarse como una posible medida contra ning\u00fan club\u201d, a\u00f1ade el sindicato de futbolistas.\n    <\/p>\n<p class=\"article-text\">\n        La AFE ha rechazado \u201cde manera rotunda\u201d el proyecto, que \u201cno cuenta con la aprobaci\u00f3n de los protagonistas principales\u201d, los futbolistas, y ha criticado las \u201cpermanentes negativas y propusetas quim\u00e9ricas de LaLiga\u201d. Asimismo, ha exigido a la patronal \u201cla creaci\u00f3n de una mesa de negociaci\u00f3n en la que se comparta toda la informaci\u00f3n y se analicen las caracter\u00edsticas excepcionales del proyecto, se atiendan las necesidades e inquietudes de los futbolistas y se garantice la protecci\u00f3n de sus derechos laborales y el cumplimiento de la normativa actual\u201d.\n    <\/p>\n","protected":false},"excerpt":{"rendered":"Los equipos de la Primera Divisi\u00f3n masculina del f\u00fatbol espa\u00f1ol protestar\u00e1n al inicio de cada partido correspondiente a&hellip;\n","protected":false},"author":2,"featured_media":184309,"comment_status":"","ping_status":"","sticky":false,"template":"","format":"standard","meta":{"footnotes":""},"categories":[5],"tags":[5588,210,17,18,3496,6440,25,24,16485,13,14,11,4712,293,288,19,20,6584,9,10,15,16,1078,52067,23,12,2753,21,22,10560],"class_list":{"0":"post-184308","1":"post","2":"type-post","3":"status-publish","4":"format-standard","5":"has-post-thumbnail","7":"category-titulares","8":"tag-5588","9":"tag-barcelona","10":"tag-breaking-news","11":"tag-breakingnews","12":"tag-division","13":"tag-equipos","14":"tag-es","15":"tag-espana","16":"tag-fc","17":"tag-featured-news","18":"tag-featurednews","19":"tag-headlines","20":"tag-inicio","21":"tag-jornada","22":"tag-laliga","23":"tag-latest-news","24":"tag-latestnews","25":"tag-miami","26":"tag-news","27":"tag-noticias","28":"tag-noticias-destacadas","29":"tag-noticiasdestacadas","30":"tag-primera","31":"tag-protestaran","32":"tag-spain","33":"tag-titulares","34":"tag-traslado","35":"tag-ultimas-noticias","36":"tag-ultimasnoticias","37":"tag-villarreal"},"share_on_mastodon":{"url":"","error":""},"_links":{"self":[{"href":"https:\/\/www.europesays.com\/es\/wp-json\/wp\/v2\/posts\/184308","targetHints":{"allow":["GET"]}}],"collection":[{"href":"https:\/\/www.europesays.com\/es\/wp-json\/wp\/v2\/posts"}],"about":[{"href":"https:\/\/www.europesays.com\/es\/wp-json\/wp\/v2\/types\/post"}],"author":[{"embeddable":true,"href":"https:\/\/www.europesays.com\/es\/wp-json\/wp\/v2\/users\/2"}],"replies":[{"embeddable":true,"href":"https:\/\/www.europesays.com\/es\/wp-json\/wp\/v2\/comments?post=184308"}],"version-history":[{"count":0,"href":"https:\/\/www.europesays.com\/es\/wp-json\/wp\/v2\/posts\/184308\/revisions"}],"wp:featuredmedia":[{"embeddable":true,"href":"https:\/\/www.europesays.com\/es\/wp-json\/wp\/v2\/media\/184309"}],"wp:attachment":[{"href":"https:\/\/www.europesays.com\/es\/wp-json\/wp\/v2\/media?parent=184308"}],"wp:term":[{"taxonomy":"category","embeddable":true,"href":"https:\/\/www.europesays.com\/es\/wp-json\/wp\/v2\/categories?post=184308"},{"taxonomy":"post_tag","embeddable":true,"href":"https:\/\/www.europesays.com\/es\/wp-json\/wp\/v2\/tags?post=184308"}],"curies":[{"name":"wp","href":"https:\/\/api.w.org\/{rel}","templated":true}]}}