{"id":18431,"date":"2025-08-01T11:47:06","date_gmt":"2025-08-01T11:47:06","guid":{"rendered":"https:\/\/www.europesays.com\/es\/18431\/"},"modified":"2025-08-01T11:47:06","modified_gmt":"2025-08-01T11:47:06","slug":"la-factura-de-la-luz-sube-un-14-en-julio-desde-el-ano-pasado-y-alcanza-su-mayor-nivel-desde-febrero","status":"publish","type":"post","link":"https:\/\/www.europesays.com\/es\/18431\/","title":{"rendered":"La factura de la luz sube un 14% en julio desde el a\u00f1o pasado y alcanza su mayor nivel desde febrero"},"content":{"rendered":"<p>El cero energ\u00e9tico que dej\u00f3 a la Pen\u00ednsula Ib\u00e9rica a oscuras el pasado 28 de abril est\u00e1 teniendo una repercusi\u00f3n directa sobre el precio de  &#8230; la luz en Espa\u00f1a. Y es que en estos momentos, el recibo de la luz ha experimentado una subida del 14% en julio con respecto a hace un a\u00f1o y la deja como la mayor tarifa desde febrero, tomando como referencia a un usuario medio con la tarifa regulada -el denominado PVPC-. Es lo que revelan los datos de Facua-Consumidores en Acci\u00f3n, que cifran en 81,22 euros el recibo pagado por los espa\u00f1oles durante el s\u00e9ptimo mes del a\u00f1o.<\/p>\n<p class=\"v-p\">Concretamente, se traduce en 9,95 euros por encima de los 71,27 de hace un a\u00f1o. En cuanto a la evoluci\u00f3n mensual, el recibo ha subido un 2,3% (1,81 euros) con respecto a los 79,41 euros del pasado junio. No obstante, la factura es mucho menor que la registrada en 2022, por ejemplo, cuando el estallido del conflicto b\u00e9lico entre Rusia y Ucrania desencaden\u00f3 en una crisis energ\u00e9tica que situ\u00f3 el recibo de los consumidores espa\u00f1oles en 142,40 euros. <\/p>\n<p class=\"v-p\">Con todo, el aumento de la factura que se ha registrado en julio se explica por la mayor inyecci\u00f3n de gas para reforzar el sistema, en detrimento de la electricidad generada por fuentes renovables. Todo ello a ra\u00edz del apag\u00f3n que expuso las vulnerabilidades del sistema y que ha obligado a doparlo con un mayor volumen de las fuentes de respaldo. El caso es que este aumento tambi\u00e9n ha sido condicionado por el encarecimiento de los carburantes respecto a julio de 2024 en plena operaci\u00f3n salida. <\/p>\n<p class=\"v-p\">De hecho, en los datos del IPC que el INE dio a conocer este mismo mi\u00e9rcoles, que fijan la inflaci\u00f3n en el 2,7% tras sufrir un alza de cuatro d\u00e9cimas respecto al mismo mes del ejercicio anterior, el instituto atribuye al alza del precio de la luz el aumento de la inflaci\u00f3n como raz\u00f3n principal.<\/p>\n<p class=\"v-p\">En estos momentos, seg\u00fan los datos del Operador del Mercado Ib\u00e9rico de la Energ\u00eda (OMIE), el precio de un MWh se sit\u00faa en los 64,79 euros, un 0,5% m\u00e1s respecto a lo marcado en el d\u00eda de ayer.<\/p>\n","protected":false},"excerpt":{"rendered":"El cero energ\u00e9tico que dej\u00f3 a la Pen\u00ednsula Ib\u00e9rica a oscuras el pasado 28 de abril est\u00e1 teniendo&hellip;\n","protected":false},"author":2,"featured_media":18432,"comment_status":"","ping_status":"","sticky":false,"template":"","format":"standard","meta":{"footnotes":""},"categories":[80],"tags":[11539,1611,82,95,94,25,24,5848,11540,888,1875,31,3579,5101,23,7247],"class_list":{"0":"post-18431","1":"post","2":"type-post","3":"status-publish","4":"format-standard","5":"has-post-thumbnail","7":"category-economia","8":"tag-alcanza","9":"tag-ano","10":"tag-business","11":"tag-economia","12":"tag-economy","13":"tag-es","14":"tag-espana","15":"tag-factura","16":"tag-febrero","17":"tag-julio","18":"tag-luz","19":"tag-mayor","20":"tag-nivel","21":"tag-pasado","22":"tag-spain","23":"tag-sube"},"share_on_mastodon":{"url":"","error":""},"_links":{"self":[{"href":"https:\/\/www.europesays.com\/es\/wp-json\/wp\/v2\/posts\/18431","targetHints":{"allow":["GET"]}}],"collection":[{"href":"https:\/\/www.europesays.com\/es\/wp-json\/wp\/v2\/posts"}],"about":[{"href":"https:\/\/www.europesays.com\/es\/wp-json\/wp\/v2\/types\/post"}],"author":[{"embeddable":true,"href":"https:\/\/www.europesays.com\/es\/wp-json\/wp\/v2\/users\/2"}],"replies":[{"embeddable":true,"href":"https:\/\/www.europesays.com\/es\/wp-json\/wp\/v2\/comments?post=18431"}],"version-history":[{"count":0,"href":"https:\/\/www.europesays.com\/es\/wp-json\/wp\/v2\/posts\/18431\/revisions"}],"wp:featuredmedia":[{"embeddable":true,"href":"https:\/\/www.europesays.com\/es\/wp-json\/wp\/v2\/media\/18432"}],"wp:attachment":[{"href":"https:\/\/www.europesays.com\/es\/wp-json\/wp\/v2\/media?parent=18431"}],"wp:term":[{"taxonomy":"category","embeddable":true,"href":"https:\/\/www.europesays.com\/es\/wp-json\/wp\/v2\/categories?post=18431"},{"taxonomy":"post_tag","embeddable":true,"href":"https:\/\/www.europesays.com\/es\/wp-json\/wp\/v2\/tags?post=18431"}],"curies":[{"name":"wp","href":"https:\/\/api.w.org\/{rel}","templated":true}]}}