{"id":184310,"date":"2025-10-18T04:44:09","date_gmt":"2025-10-18T04:44:09","guid":{"rendered":"https:\/\/www.europesays.com\/es\/184310\/"},"modified":"2025-10-18T04:44:09","modified_gmt":"2025-10-18T04:44:09","slug":"crece-el-handball-estudiantil-con-nuevos-talentos-en-la-liga-imdem","status":"publish","type":"post","link":"https:\/\/www.europesays.com\/es\/184310\/","title":{"rendered":"Crece el handball estudiantil con nuevos talentos en la Liga Imdem"},"content":{"rendered":"<p>MAZATL\u00c1N.- La Liga Imdem de handball arranc\u00f3 con fuerza en la Unidad Deportiva Sahop, con la integraci\u00f3n de nuevos equipos en el nivel preparatoria.<\/p>\n<p>Desarrollada con el apoyo del Gobierno de Mazatl\u00e1n y el Instituto Municipal del Deporte, la liga se ha convertido en un impulso para fomentar la disciplina y el deporte en el municipio.<\/p>\n<p>\u00abEs alentador ver a los equipos agarrando confianza y mejorando su nivel con el paso de los d\u00edas. La competencia sin duda ser\u00e1 intensa y beneficiosa para todos los participantes\u00bb, dijo Luis Zamora, entrenador de la Selecci\u00f3n Mazatl\u00e1n de Handball, quien agradeci\u00f3 el respaldo de Fabiola Judith Verde Rosas, directora del Instituto Municipal del Deporte Mazatl\u00e1n, en el fomento a la discip\u00f1ina.<\/p>\n<p><img loading=\"lazy\" decoding=\"async\" width=\"1024\" height=\"576\" src=\"data:image\/gif;base64,R0lGODlhAQABAIAAAAAAAP\/\/\/yH5BAEAAAAALAAAAAABAAEAAAIBRAA7\" data-lazy-src=\"https:\/\/www.europesays.com\/es\/wp-content\/uploads\/2025\/10\/Handball-Liga-Imdem-1024x576.jpg\" alt=\"\" class=\"wp-image-314883\"  \/><\/p>\n<p>Dentro de la cancha son 10 equipos los que participan en el nivel preparatoria, con destacadas instituciones como la UAS, Vasconcelos, Colegio SAM, as\u00ed como Torres Bodet y Cecyte, tanto en la rama varonil como femenil.<\/p>\n<p>La inclusi\u00f3n de varias preparatorias y secundarias, resalt\u00f3 Zamora, es un paso importante para promover el handball y detectar talentos j\u00f3venes, que son el semillero para la Olimpiada Nacional Conade.<\/p>\n<p><img loading=\"lazy\" decoding=\"async\" width=\"1024\" height=\"576\" src=\"data:image\/gif;base64,R0lGODlhAQABAIAAAAAAAP\/\/\/yH5BAEAAAAALAAAAAABAAEAAAIBRAA7\" data-lazy-src=\"https:\/\/www.europesays.com\/es\/wp-content\/uploads\/2025\/10\/Handball-Unidad-Deportiva-Sahop-1024x576.jpg\" alt=\"\" class=\"wp-image-314884\"  \/><\/p>\n<p>Descarga gratis nuestra App<\/p>\n<p>\t\t\t\t\t\t\t\t\t\t\t\t\t\t\t\t   <a class=\"icono-app-ios\" href=\"https:\/\/apps.apple.com\/co\/app\/punto-mx\/id1588812515\" rel=\"nofollow noopener\" target=\"_blank\"> <img decoding=\"async\" src=\"https:\/\/punto.mx\/wp-content\/themes\/zox-news-child\/images\/appstore.svg\" alt=\"Download on the App Store\"\/> <\/a> \u00a0\u00a0<br \/>\n\t\t\t\t\t\t\t\t\t\t\t\t\t\t\t\t      <a class=\"icono-app-android\" href=\"https:\/\/play.google.com\/store\/apps\/details?id=com.upctechnologies.puntomx\" rel=\"nofollow noopener\" target=\"_blank\"> <img decoding=\"async\" alt=\"Disponible en Google Play\" src=\"https:\/\/punto.mx\/wp-content\/themes\/zox-news-child\/images\/google-play-badge.svg\"\/> <\/a> <\/p>\n","protected":false},"excerpt":{"rendered":"MAZATL\u00c1N.- La Liga Imdem de handball arranc\u00f3 con fuerza en la Unidad Deportiva Sahop, con la integraci\u00f3n de&hellip;\n","protected":false},"author":2,"featured_media":184311,"comment_status":"","ping_status":"","sticky":false,"template":"","format":"standard","meta":{"footnotes":""},"categories":[278],"tags":[376,168,25,24,375,51128,52068,23,167,52069],"class_list":{"0":"post-184310","1":"post","2":"type-post","3":"status-publish","4":"format-standard","5":"has-post-thumbnail","7":"category-balonmano","8":"tag-balonmano","9":"tag-deportes","10":"tag-es","11":"tag-espana","12":"tag-handball","13":"tag-imdem-mazatlan","14":"tag-liga-imdem-de-handball","15":"tag-spain","16":"tag-sports","17":"tag-unidad-deportiv-sahop"},"share_on_mastodon":{"url":"","error":""},"_links":{"self":[{"href":"https:\/\/www.europesays.com\/es\/wp-json\/wp\/v2\/posts\/184310","targetHints":{"allow":["GET"]}}],"collection":[{"href":"https:\/\/www.europesays.com\/es\/wp-json\/wp\/v2\/posts"}],"about":[{"href":"https:\/\/www.europesays.com\/es\/wp-json\/wp\/v2\/types\/post"}],"author":[{"embeddable":true,"href":"https:\/\/www.europesays.com\/es\/wp-json\/wp\/v2\/users\/2"}],"replies":[{"embeddable":true,"href":"https:\/\/www.europesays.com\/es\/wp-json\/wp\/v2\/comments?post=184310"}],"version-history":[{"count":0,"href":"https:\/\/www.europesays.com\/es\/wp-json\/wp\/v2\/posts\/184310\/revisions"}],"wp:featuredmedia":[{"embeddable":true,"href":"https:\/\/www.europesays.com\/es\/wp-json\/wp\/v2\/media\/184311"}],"wp:attachment":[{"href":"https:\/\/www.europesays.com\/es\/wp-json\/wp\/v2\/media?parent=184310"}],"wp:term":[{"taxonomy":"category","embeddable":true,"href":"https:\/\/www.europesays.com\/es\/wp-json\/wp\/v2\/categories?post=184310"},{"taxonomy":"post_tag","embeddable":true,"href":"https:\/\/www.europesays.com\/es\/wp-json\/wp\/v2\/tags?post=184310"}],"curies":[{"name":"wp","href":"https:\/\/api.w.org\/{rel}","templated":true}]}}