{"id":184312,"date":"2025-10-18T04:50:07","date_gmt":"2025-10-18T04:50:07","guid":{"rendered":"https:\/\/www.europesays.com\/es\/184312\/"},"modified":"2025-10-18T04:50:07","modified_gmt":"2025-10-18T04:50:07","slug":"apple-tv-llega-a-un-acuerdo-para-transmitir-las-carreras-de-f1-en-eeuu-a-partir-de-2026","status":"publish","type":"post","link":"https:\/\/www.europesays.com\/es\/184312\/","title":{"rendered":"Apple TV llega a un acuerdo para transmitir las carreras de F1 en EEUU a partir de 2026"},"content":{"rendered":"<p class=\"mb-4 text-lg md:leading-8 break-words\">Washington, 17 oct (EFE).- A partir de 2026, Apple TV tendr\u00e1 los derechos exclusivos en EE.UU. para la retransmisi\u00f3n de la F\u00f3rmula 1, seg\u00fan un acuerdo anunciado este viernes entre el campeonato automovil\u00edstico internacional y el servicio de &#8216;streaming&#8217;.<\/p>\n<p class=\"mb-4 text-lg md:leading-8 break-words\">El acuerdo, con una duraci\u00f3n de cinco a\u00f1os, supondr\u00e1 que los entrenamientos libres, calificaci\u00f3n, carreras de sprint y los grandes premios del campeonato ser\u00e1n transmitidos en EE.UU. a trav\u00e9s de Apple TV.<\/p>\n<p class=\"mb-4 text-lg md:leading-8 break-words\">Aunque ni Apple TV ni F1 han ofrecido cifras econ\u00f3micas del contrato, medios especializados han se\u00f1alado que ronda los 140 millones de d\u00f3lares por temporada.<\/p>\n<p class=\"mb-4 text-lg md:leading-8 break-words\">La llegada de Apple TV a la F1 supone el fin de la relaci\u00f3n que la competici\u00f3n automovil\u00edstica manten\u00eda desde hace siete a\u00f1os con el canal de televisi\u00f3n deportivo estadounidense ESPN, propiedad de Disney.<\/p>\n<p class=\"mb-4 text-lg md:leading-8 break-words\">El contrato con Apple TV tambi\u00e9n confirma el creciente inter\u00e9s mundial por la F1. Desde que la empresa estadounidense Liberty Media adquiri\u00f3 la organizaci\u00f3n del campeonato mundial en 2018, los seguidores del deporte en los medios sociales han pasado de 18,7 millones a 107,6 millones.<\/p>\n<p class=\"mb-4 text-lg md:leading-8 break-words\">A la popularidad de la F1 han contribuido series como &#8216;Drive to Survive&#8217; que emite Netflix desde 2019 y que ha ganado un gran n\u00famero de seguidores en Estados Unidos, un mercado en el que Liberty Media quiere ampliar la presencia del deporte.<\/p>\n<p class=\"mb-4 text-lg md:leading-8 break-words\">Una encuesta realizada este a\u00f1o por F1 se\u00f1al\u00f3 que el 47 % de los nuevos aficionados estadounidenses a la F\u00f3rmula 1 que siguen el deporte desde hace menos de cinco a\u00f1os, tienen entre 18 y 24 a\u00f1os y m\u00e1s de la mitad son mujeres.<\/p>\n<p class=\"mb-4 text-lg md:leading-8 break-words\">El servicio de &#8216;streaming&#8217; de Apple tambi\u00e9n ofrecer\u00e1 de forma gratuita algunas de las carreras y entrenamientos libres durante la temporada.<\/p>\n<p class=\"mb-4 text-lg md:leading-8 break-words\">Adem\u00e1s, \u00abApple amplificar\u00e1 el deporte a trav\u00e9s de Apple News, Apple Maps, Apple Music, Apple Sports y Apple Fitness+\u00bb, se\u00f1al\u00f3 la F1 en un comunicado.<\/p>\n<p class=\"mb-4 text-lg md:leading-8 break-words\">El servicio de retransmisi\u00f3n F1 TV Premium de la F\u00f3rmula 1 seguir\u00e1 estando disponible en Estados Unidos, pero a trav\u00e9s de Apple TV. Los suscriptores del servicio de &#8216;streaming&#8217; de Apple tendr\u00e1n acceso gratuito a F1 TV Premium.<\/p>\n<p class=\"mb-4 text-lg md:leading-8 break-words\">El acuerdo se produce despu\u00e9s de que Apple TV produjese el largometraje &#8216;F1: The Movie&#8217;, protagonizado por Brad Pitt y que se rod\u00f3 en varios circuitos del calendario los mismos fines de semana en los que se celebraba la competici\u00f3n.<\/p>\n<p class=\"mb-4 text-lg md:leading-8 break-words\">Para la realizaci\u00f3n de la pel\u00edcula, que ha recaudado unos 628 millones de d\u00f3lares en todo el mundo y tuvo un presupuesto de alrededor de 200 millones, Apple TV desarroll\u00f3 una nueva tecnolog\u00eda y una c\u00e1mara especial para filmar desde los veh\u00edculos, que la compa\u00f1\u00eda podr\u00eda utilizar en sus retransmisiones.<\/p>\n<p class=\"mb-4 text-lg md:leading-8 break-words\">Apple tambi\u00e9n ha apuntado a una integraci\u00f3n entre las retransmisiones y la tecnolog\u00eda de realidad virtual.<\/p>\n<p class=\"mb-4 text-lg md:leading-8 break-words\">Stefano Domenicali, presidente y consejero delegado de F\u00f3rmula 1, declar\u00f3 que \u00abes una asociaci\u00f3n incre\u00edblemente ilusionadora tanto para F\u00f3rmula 1 como para Apple, que asegurar\u00e1 que seguimos maximizando nuestro potencial de crecimiento en EE.UU.\u00bb.<\/p>\n<p class=\"mb-4 text-lg md:leading-8 break-words\">Por su parte, Eddy Cue, vicepresidente de Apple, afirm\u00f3 que \u00ab2026 marca una nueva era transformadora para F\u00f3rmula 1, desde nuevos equipos a nuevas regulaciones\u00bb, en referencia a la llegada del equipo estadounidense Cadillac a la competici\u00f3n y el inicio de una nueva serie de normativas t\u00e9cnicas que cambiar\u00e1n los veh\u00edculos.<\/p>\n<p class=\"mb-4 text-lg md:leading-8 break-words\">(c) Agencia EFE<\/p>\n<p><a data-ylk=\"ct:story;elm:img;itc:0;\" class=\"stretched-box\" href=\"https:\/\/trib.al\/yG4LVEm\" rel=\"noopener noreferrer nofollow\" target=\"_blank\"><img alt=\"S\u00edguenos en nuestro canal de WhatsApp\" loading=\"lazy\" width=\"728\" height=\"90\" decoding=\"async\" data-nimg=\"1\" class=\"rounded-lg\" style=\"color:transparent\" src=\"https:\/\/www.europesays.com\/es\/wp-content\/uploads\/2025\/08\/1756428142_323_3d6447f0-3275-11f0-8ffa-1f5d930b0349.jpeg\"\/><\/a><\/p>\n<p>S\u00edguenos en nuestro canal de WhatsApp<\/p>\n","protected":false},"excerpt":{"rendered":"Washington, 17 oct (EFE).- A partir de 2026, Apple TV tendr\u00e1 los derechos exclusivos en EE.UU. para la&hellip;\n","protected":false},"author":2,"featured_media":184313,"comment_status":"","ping_status":"","sticky":false,"template":"","format":"standard","meta":{"footnotes":""},"categories":[270],"tags":[2823,12178,52070,168,25,24,306,271,272,469,23,167],"class_list":{"0":"post-184312","1":"post","2":"type-post","3":"status-publish","4":"format-standard","5":"has-post-thumbnail","7":"category-formula-1","8":"tag-apple","9":"tag-apple-tv","10":"tag-canal-de-television","11":"tag-deportes","12":"tag-es","13":"tag-espana","14":"tag-f1","15":"tag-formula-1","16":"tag-formula1","17":"tag-la-formula","18":"tag-spain","19":"tag-sports"},"share_on_mastodon":{"url":"","error":""},"_links":{"self":[{"href":"https:\/\/www.europesays.com\/es\/wp-json\/wp\/v2\/posts\/184312","targetHints":{"allow":["GET"]}}],"collection":[{"href":"https:\/\/www.europesays.com\/es\/wp-json\/wp\/v2\/posts"}],"about":[{"href":"https:\/\/www.europesays.com\/es\/wp-json\/wp\/v2\/types\/post"}],"author":[{"embeddable":true,"href":"https:\/\/www.europesays.com\/es\/wp-json\/wp\/v2\/users\/2"}],"replies":[{"embeddable":true,"href":"https:\/\/www.europesays.com\/es\/wp-json\/wp\/v2\/comments?post=184312"}],"version-history":[{"count":0,"href":"https:\/\/www.europesays.com\/es\/wp-json\/wp\/v2\/posts\/184312\/revisions"}],"wp:featuredmedia":[{"embeddable":true,"href":"https:\/\/www.europesays.com\/es\/wp-json\/wp\/v2\/media\/184313"}],"wp:attachment":[{"href":"https:\/\/www.europesays.com\/es\/wp-json\/wp\/v2\/media?parent=184312"}],"wp:term":[{"taxonomy":"category","embeddable":true,"href":"https:\/\/www.europesays.com\/es\/wp-json\/wp\/v2\/categories?post=184312"},{"taxonomy":"post_tag","embeddable":true,"href":"https:\/\/www.europesays.com\/es\/wp-json\/wp\/v2\/tags?post=184312"}],"curies":[{"name":"wp","href":"https:\/\/api.w.org\/{rel}","templated":true}]}}