{"id":184314,"date":"2025-10-18T04:51:11","date_gmt":"2025-10-18T04:51:11","guid":{"rendered":"https:\/\/www.europesays.com\/es\/184314\/"},"modified":"2025-10-18T04:51:11","modified_gmt":"2025-10-18T04:51:11","slug":"el-talento-de-luwawu-cabarrot-no-basta","status":"publish","type":"post","link":"https:\/\/www.europesays.com\/es\/184314\/","title":{"rendered":"El talento de Luwawu-Cabarrot no basta"},"content":{"rendered":"<p>\n        <strong>6 Nowell <\/strong>Su ausencia en el tim\u00f3n en los minutos finales result\u00f3 sorprendente, ya que movi\u00f3 con criterio al equipo. Poco pudo hacer en defensa ante la exhibici\u00f3n de Carlik Jones, que le super\u00f3 una y otra vez.\n<\/p>\n<p>            <a href=\"https:\/\/www.noticiasdealava.eus\/baskonia\/2025\/10\/17\/continua-viacrucis-europeo-baskonia-79-10232345.html\" title=\"Contin\u00faa el viacrucis europeo del Baskonia (79-91)\" class=\"new__media\" rel=\"nofollow noopener\" target=\"_blank\"><\/p>\n<p>                <img alt=\"Contin\u00faa el viacrucis europeo del Baskonia (79-91)\" data-src=\"https:\/\/www.europesays.com\/es\/wp-content\/uploads\/2025\/10\/5a414620-a15a-47cb-8453-0034c9ae5643_16-9-aspect-ratio_default_0_x967y453.jpg\" class=\"lozad\"\/><\/p>\n<p>        <\/a><\/p>\n<p>        <a href=\"https:\/\/www.noticiasdealava.eus\/baskonia\/2025\/10\/17\/continua-viacrucis-europeo-baskonia-79-10232345.html\" title=\"Contin\u00faa el viacrucis europeo del Baskonia (79-91)\" class=\"new__headline\" rel=\"nofollow noopener\" target=\"_blank\"><br \/>\n            Contin\u00faa el viacrucis europeo del Baskonia (79-91)<br \/>\n        <\/a><\/p>\n<p class=\"article-body__text \">\n        <strong>&#8211; Joksimovic<\/strong> La sorpresa inesperada de Galbiati en el cinco inicial. Apenas disput\u00f3 los tres primeros minutos de la velada, un margen de tiempo en el que no toc\u00f3 el bal\u00f3n ni manch\u00f3 ning\u00fan aspecto de su estad\u00edstica.\u00a0\n<\/p>\n<p class=\"article-body__text \">\n        <strong>7 Luwawu-Cabarrot <\/strong>De nuevo el faro ofensivo del Baskonia. Se ech\u00f3 el equipo a la espalda mediante una notable labor ofensiva. Sus destellos de calidad fueron insuficientes ante el indudable caos en el que se sumergi\u00f3 el grupo en un ep\u00edlogo ca\u00f3tico.\n<\/p>\n<p class=\"article-body__text \">\n        <strong>5 Sedekerskis<\/strong> Sigue sin alcanzar su mejor versi\u00f3n. En defensa ha perdido mucha contundencia y prueba de ello es que Parker le dej\u00f3 en evidencia en varias fases. Su desacierto exterior constituy\u00f3 otro aspecto negativo.\n<\/p>\n<p>    <a href=\"https:\/\/www.noticiasdealava.eus\/fotos\/general\/2025\/10\/17\/imagenes-ambientazo-baskonia-partizan-buscate-10232453.html\" rel=\"nofollow noopener\" target=\"_blank\"><\/p>\n<p>    <img loading=\"lazy\" decoding=\"async\" class=\"lazy-place\" src=\"data:image\/svg+xml,%3Csvg xmlns=&quot;http:\/\/www.w3.org\/2000\/svg&quot; viewBox=&quot;0 0 880 495&quot;%3E%3C\/svg%3E\" height=\"495\" width=\"880\" alt=\"\" style=\"width:100%; height:auto; max-width:100%;\"\/><\/p>\n<p>    <\/a><\/p>\n<p>    <a href=\"https:\/\/www.noticiasdealava.eus\/fotos\/general\/2025\/10\/17\/imagenes-ambientazo-baskonia-partizan-buscate-10232453.html\" class=\"article-photo__multimedia\" rel=\"nofollow noopener\" target=\"_blank\"><\/p>\n<p>        19<br \/>\n    <\/a><\/p>\n<p class=\"article-photo__footer\">\n        En im\u00e1genes: Ambientazo en el Baskonia-Partizan (\u00a1B\u00fascate en las fotos!)<br \/>\n                    Jorge Mu\u00f1oz\n            <\/p>\n<p class=\"article-body__text \">\n        <strong>3 Diakite <\/strong>Pese a acumular varios partidos despu\u00e9s de superar sus problemas f\u00edsicos del inicio de curso, contin\u00faa sin aportar casi nada al equipo. Invisible tras el descanso como consecuencia de su mala primera mitad donde no se le vio en la zona.\u00a0\n<\/p>\n<p class=\"article-body__text \">\n        <strong>5 Spagnolo<\/strong> Su ausencia durante toda la segunda mitad result\u00f3 incomprensible teniendo en cuenta sus buenas prestaciones hasta ese instante. Tom\u00f3 buenas decisiones en ataque e incluso coloc\u00f3 un tap\u00f3n, pero permaneci\u00f3 atornillado al banquillo de manera sorprendente.\n<\/p>\n<p>            <a href=\"https:\/\/www.noticiasdealava.eus\/baskonia\/2025\/10\/17\/caos-epilogo-base-inesperado-baskonia-10232638.html\" title=\"Caos en el ep\u00edlogo con un base inesperado\" class=\"new__media\" rel=\"nofollow noopener\" target=\"_blank\"><\/p>\n<p>                <img alt=\"Caos en el ep\u00edlogo con un base inesperado\" data-src=\"https:\/\/www.europesays.com\/es\/wp-content\/uploads\/2025\/10\/46cb9574-fd16-4344-8dd6-0a7b6d8b309a_16-9-aspect-ratio_default_0.jpg\" class=\"lozad\"\/><\/p>\n<p>        <\/a><\/p>\n<p>        <a href=\"https:\/\/www.noticiasdealava.eus\/baskonia\/2025\/10\/17\/caos-epilogo-base-inesperado-baskonia-10232638.html\" title=\"Caos en el ep\u00edlogo con un base inesperado\" class=\"new__headline\" rel=\"nofollow noopener\" target=\"_blank\"><br \/>\n            Caos en el ep\u00edlogo con un base inesperado<br \/>\n        <\/a><\/p>\n<p class=\"article-body__text \">\n        <strong>6 Diallo <\/strong>Ejerci\u00f3 como improvisado base en los compases finales y se le vieron entonces las d\u00e9biles costuras. Sostuvo al equipo con anterioridad gracias a sus excelentes facultades f\u00edsicas y su potencia en las entradas.\n<\/p>\n<p class=\"article-body__text \">\n        <strong>6 Frisch<\/strong> Reanim\u00f3 al Baskonia gracias a su acierto exterior en la recta final del tercer cuarto. M\u00e1s all\u00e1 de sus dos triples, no pudo aportar su granito de arena en otras facetas.\n<\/p>\n<blockquote class=\"twitter-tweet\" data-lang=\"es\" wp_automatic_readability=\"3.0315789473684\">\n<p lang=\"es\" dir=\"ltr\">\u00a1VAMOS, CLEMENT! \ud83d\ude24 <a href=\"https:\/\/t.co\/PGw8YRA6Hl\" rel=\"nofollow\">pic.twitter.com\/PGw8YRA6Hl<\/a><\/p>\n<p>\u2014 Baskonia (@Baskonia) <a href=\"https:\/\/twitter.com\/Baskonia\/status\/1979279890664005965?ref_src=twsrc%5Etfw\" rel=\"nofollow noopener\" target=\"_blank\">17 de octubre de 2025<\/a><\/p><\/blockquote>\n<p class=\"article-body__text \">\n        <strong>6 Samanic<\/strong> Sus dos caras dentro de un mismo encuentro. Talentoso en ataque a la hora de fabricarse sus propias canastas pero impotente y superado en la vertiente defensiva.\n<\/p>\n<p class=\"article-body__text \">\n        <strong>6 Diop<\/strong> Meti\u00f3 al miedo a sus pares en la zona con un buen n\u00famero de tapones que estiraron las opciones azulgranas. El problema es que en ataque no genera nada por s\u00ed mismo.\n<\/p>\n<p class=\"article-body__text \">\n        <strong>3 Villar<\/strong> Durante sus pocos minutos en pista qued\u00f3 en evidencia ante el talento de Washington. La Euroliga le queda, de momento, bastante grande.\u00a0\u00a0\n<\/p>\n<p>            <script async src=\"https:\/\/platform.twitter.com\/widgets.js\" charset=\"utf-8\"><\/script><\/p>\n","protected":false},"excerpt":{"rendered":"6 Nowell Su ausencia en el tim\u00f3n en los minutos finales result\u00f3 sorprendente, ya que movi\u00f3 con criterio&hellip;\n","protected":false},"author":2,"featured_media":184315,"comment_status":"","ping_status":"","sticky":false,"template":"","format":"standard","meta":{"footnotes":""},"categories":[269],"tags":[10306,299,298,4714,42664,42783,168,25,24,833,45749,23,167],"class_list":{"0":"post-184314","1":"post","2":"type-post","3":"status-publish","4":"format-standard","5":"has-post-thumbnail","7":"category-baloncesto","8":"tag-1x1","9":"tag-baloncesto","10":"tag-basketball","11":"tag-baskonia","12":"tag-buesa-arena","13":"tag-cabarrot","14":"tag-deportes","15":"tag-es","16":"tag-espana","17":"tag-euroliga","18":"tag-partizan","19":"tag-spain","20":"tag-sports"},"share_on_mastodon":{"url":"","error":""},"_links":{"self":[{"href":"https:\/\/www.europesays.com\/es\/wp-json\/wp\/v2\/posts\/184314","targetHints":{"allow":["GET"]}}],"collection":[{"href":"https:\/\/www.europesays.com\/es\/wp-json\/wp\/v2\/posts"}],"about":[{"href":"https:\/\/www.europesays.com\/es\/wp-json\/wp\/v2\/types\/post"}],"author":[{"embeddable":true,"href":"https:\/\/www.europesays.com\/es\/wp-json\/wp\/v2\/users\/2"}],"replies":[{"embeddable":true,"href":"https:\/\/www.europesays.com\/es\/wp-json\/wp\/v2\/comments?post=184314"}],"version-history":[{"count":0,"href":"https:\/\/www.europesays.com\/es\/wp-json\/wp\/v2\/posts\/184314\/revisions"}],"wp:featuredmedia":[{"embeddable":true,"href":"https:\/\/www.europesays.com\/es\/wp-json\/wp\/v2\/media\/184315"}],"wp:attachment":[{"href":"https:\/\/www.europesays.com\/es\/wp-json\/wp\/v2\/media?parent=184314"}],"wp:term":[{"taxonomy":"category","embeddable":true,"href":"https:\/\/www.europesays.com\/es\/wp-json\/wp\/v2\/categories?post=184314"},{"taxonomy":"post_tag","embeddable":true,"href":"https:\/\/www.europesays.com\/es\/wp-json\/wp\/v2\/tags?post=184314"}],"curies":[{"name":"wp","href":"https:\/\/api.w.org\/{rel}","templated":true}]}}