{"id":184316,"date":"2025-10-18T04:52:11","date_gmt":"2025-10-18T04:52:11","guid":{"rendered":"https:\/\/www.europesays.com\/es\/184316\/"},"modified":"2025-10-18T04:52:11","modified_gmt":"2025-10-18T04:52:11","slug":"borja-iglesias-la-homosexualidad-y-los-elogios-a-bellerin-es-muy-valiente","status":"publish","type":"post","link":"https:\/\/www.europesays.com\/es\/184316\/","title":{"rendered":"Borja Iglesias, la homosexualidad y los elogios a Beller\u00edn: \u00abEs muy valiente\u00bb"},"content":{"rendered":"<p style=\"\"><strong>Borja Iglesias<\/strong> no s\u00f3lo habla de f\u00fatbol. En sus comparecencias ante los medios, el delantero no se suele morder la lengua para responder a cualquier cuesti\u00f3n de actualidad. As\u00ed ha ocurrido de nuevo en una entrevista en &#8216;Nos Televisi\u00f3n&#8217;, en la que tambi\u00e9n ha  &#8230; elogiado el comportamiento de<strong> su excompa\u00f1ero en el Betis H\u00e9ctor Beller\u00edn<\/strong>, con quien mantiene una estrecha relaci\u00f3n.<\/p>\n<p class=\"voc-p\" style=\"\">\u00abA m\u00ed me dan mucho, pero H\u00e9ctor lleva muchos a\u00f1os luchando contra situaciones de este estilo. Cuando era jugador del Arsenal hizo algo con una pe\u00f1a LGTBI+ y llev\u00f3 unos palos tremendos. Incomprensible. <strong>Es muy valiente y tambi\u00e9n muy consciente de que est\u00e1 mejorando un espacio<\/strong>\u00bb, dijo el Panda sobre el tab\u00fa que supone la homosexualidad en el mundo del f\u00fatbol. <\/p>\n<p class=\"voc-p\" style=\"\">\u00ab<strong>Estoy cansado de los estereotipos<\/strong>. \u00bfPor qu\u00e9 hay que ser de una manera? Es complejo por esa toxicidad que tenemos alrededor. Es cuesti\u00f3n de tiempo. A medida que se vaya normalizando, la gente entender\u00e1 que no pasa nada. <strong>Independientemente de que te guste un hombre o una mujer, tu trabajo lo puedes hacer igual de bien<\/strong>. Es importante que poco a poco generemos ese espacio m\u00e1s seguro para que la gente pueda ser quien quiere ser\u00bb, apunt\u00f3 el delantero gallego sobre un asunto que sigue ganando espacio en los medios. \u00ab<strong>Desde que de ni\u00f1o entras en una cantera de \u00e9lite parece que no puedes, que si eres homosexual no vas a ser jugador de f\u00fatbo<\/strong>l. Condicionan conductas y personalidades\u00bb, a\u00f1adi\u00f3.<\/p>\n<p class=\"voc-p\" style=\"\">Tambi\u00e9n habl\u00f3 Borja del <strong>f\u00fatbol femenino<\/strong>, con el que estableci\u00f3 una comparaci\u00f3n para defender ese crecimiento progresivo que viene experimentando. \u00abLa gente va mucho con lo de que no generan lo mismo. Depende. <strong>Posiblemente, Aitana o Alexia generen m\u00e1s que yo. Pongo esos dos ejemplos, pero hay muchos m\u00e1s<\/strong>. Todo tiene un proceso y ellas llevaban muchos a\u00f1os por detr\u00e1s en infraestructuras, personal capacitado para ayudarles\u2026 todo va creciendo, tambi\u00e9n los ingresos y lo que generan. El f\u00fatbol femenino est\u00e1 en un crecimiento enorme, pero va m\u00e1s lento de lo que deber\u00eda\u00bb, se\u00f1al\u00f3 Borja.<\/p>\n","protected":false},"excerpt":{"rendered":"Borja Iglesias no s\u00f3lo habla de f\u00fatbol. En sus comparecencias ante los medios, el delantero no se suele&hellip;\n","protected":false},"author":2,"featured_media":184317,"comment_status":"","ping_status":"","sticky":false,"template":"","format":"standard","meta":{"footnotes":""},"categories":[268],"tags":[19788,4420,12272,7533,168,25,24,280,282,7534,281,23,167,36404],"class_list":{"0":"post-184316","1":"post","2":"type-post","3":"status-publish","4":"format-standard","5":"has-post-thumbnail","7":"category-futbol","8":"tag-alaba","9":"tag-amigo","10":"tag-bellerin","11":"tag-borja","12":"tag-deportes","13":"tag-es","14":"tag-espana","15":"tag-football","16":"tag-futbol","17":"tag-iglesias","18":"tag-soccer","19":"tag-spain","20":"tag-sports","21":"tag-valiente"},"share_on_mastodon":{"url":"","error":""},"_links":{"self":[{"href":"https:\/\/www.europesays.com\/es\/wp-json\/wp\/v2\/posts\/184316","targetHints":{"allow":["GET"]}}],"collection":[{"href":"https:\/\/www.europesays.com\/es\/wp-json\/wp\/v2\/posts"}],"about":[{"href":"https:\/\/www.europesays.com\/es\/wp-json\/wp\/v2\/types\/post"}],"author":[{"embeddable":true,"href":"https:\/\/www.europesays.com\/es\/wp-json\/wp\/v2\/users\/2"}],"replies":[{"embeddable":true,"href":"https:\/\/www.europesays.com\/es\/wp-json\/wp\/v2\/comments?post=184316"}],"version-history":[{"count":0,"href":"https:\/\/www.europesays.com\/es\/wp-json\/wp\/v2\/posts\/184316\/revisions"}],"wp:featuredmedia":[{"embeddable":true,"href":"https:\/\/www.europesays.com\/es\/wp-json\/wp\/v2\/media\/184317"}],"wp:attachment":[{"href":"https:\/\/www.europesays.com\/es\/wp-json\/wp\/v2\/media?parent=184316"}],"wp:term":[{"taxonomy":"category","embeddable":true,"href":"https:\/\/www.europesays.com\/es\/wp-json\/wp\/v2\/categories?post=184316"},{"taxonomy":"post_tag","embeddable":true,"href":"https:\/\/www.europesays.com\/es\/wp-json\/wp\/v2\/tags?post=184316"}],"curies":[{"name":"wp","href":"https:\/\/api.w.org\/{rel}","templated":true}]}}