{"id":184318,"date":"2025-10-18T04:53:26","date_gmt":"2025-10-18T04:53:26","guid":{"rendered":"https:\/\/www.europesays.com\/es\/184318\/"},"modified":"2025-10-18T04:53:26","modified_gmt":"2025-10-18T04:53:26","slug":"la-prensa-danesa-critica-los-retratos-del-principe-christian-por-estar-demasiado-retocados-segun-los-expertos","status":"publish","type":"post","link":"https:\/\/www.europesays.com\/es\/184318\/","title":{"rendered":"La prensa danesa critica los retratos del pr\u00edncipe Christian por estar demasiado retocados, seg\u00fan los expertos"},"content":{"rendered":"<p id=\"ecm9HHqvuZ\" data-wc=\"100\">Los retratos oficiales del pr\u00edncipe <a class=\"hm-link ho-link\" href=\"https:\/\/www.hola.com\/realeza\/casa_danesa\/20251015861623\/principe-christian-20-cumple-fotos-modelo\/\" data-mrf-recirculation=\"article-body-link\" rel=\"nofollow noopener\" target=\"_blank\">Christian de Dinamarca, publicados con motivo de su 20 cumplea\u00f1os<\/a>, han generado una inesperada pol\u00e9mica en la prensa danesa. Lo que deb\u00eda ser una s\u00f3lida campa\u00f1a de imagen para el heredero al trono se ha transformado en un debate sobre est\u00e9tica, autenticidad y exceso de retoque digital. Algunos expertos en fotograf\u00eda han calificado las im\u00e1genes como \u00abdemasiado perfectas\u00bb, llegando incluso a describir al joven pr\u00edncipe como \u00abpiel de mazap\u00e1n\u00bb, en referencia a una textura artificial y excesivamente suavizada. <strong>Algo que, seg\u00fan medios del pa\u00eds,\u00a0<\/strong><strong data-gid=\"e1im_SEmfv\">podr\u00eda contravenir la pol\u00edtica fotogr\u00e1fica de la familia real de Dinamarca.<\/strong><\/p>\n<p> <img src=\"https:\/\/www.europesays.com\/es\/wp-content\/uploads\/2025\/10\/e5d46b0fe4bf-img4830.jpg\"   width=\"682\" height=\"1024\" loading=\"lazy\" decoding=\"async\" alt=\"Foto de Christian de Dinamarca por su 20 cumplea\u00f1os\" fetchpriority=\"auto\" class=\"image ho-image\"\/>\u00a9 Kongehuset<br \/>\nLa b\u00fasqueda de la perfecci\u00f3n ha eclipsado la naturalidad<\/p>\n<p id=\"eAgWuejudTo\" data-wc=\"66\">Lejos de proyectar la imagen de un pr\u00edncipe cercano, comprometido con el funcionamiento del Estado y el futuro de la instituci\u00f3n,<strong>\u00a0el resultado ha sido todo lo contrario<\/strong>: una muestra de que, a veces, menos es m\u00e1s. La b\u00fasqueda de la perfecci\u00f3n ha eclipsado la naturalidad, y en lugar de acercar al pr\u00edncipe a la ciudadan\u00eda, ha levantado una barrera visual que lo aleja de ella.<\/p>\n<p> <img src=\"https:\/\/www.europesays.com\/es\/wp-content\/uploads\/2025\/10\/ad335d2725cb-img4839.jpg\"   width=\"682\" height=\"1024\" loading=\"lazy\" decoding=\"async\" alt=\"Foto de Christian de Dinamarca por su 20 cumplea\u00f1os\" fetchpriority=\"auto\" class=\"image ho-image\"\/>\u00a9 Kongehuset<\/p>\n<p> <img src=\"https:\/\/www.europesays.com\/es\/wp-content\/uploads\/2025\/10\/c77dec8bca10-img4831.jpg\"   width=\"682\" height=\"1024\" loading=\"lazy\" decoding=\"async\" alt=\"Foto de Christian de Dinamarca por su 20 cumplea\u00f1os\" fetchpriority=\"auto\" class=\"image ho-image\"\/>\u00a9 Kongehuset<\/p>\n<p id=\"e-2nlZEJfL\" data-wc=\"76\">A primera vista <strong>se apreciaba un exceso de maquillaje<\/strong> -una base de cobertura alt\u00edsima, bronceador para darle esa piel \u00absunkissed\u00bb que no se lleva tanto en esta \u00e9poca del a\u00f1o, iluminador en la zona alta del p\u00f3mulo y un brillo en los labios que no parece natural- e, incluso, alguna postura en la que parec\u00eda no estar c\u00f3modo, pero cada monarqu\u00eda tiene su estilo y,\u00a0en principio, parec\u00eda que esto no iba a ir m\u00e1s all\u00e1.\u00a0<\/p>\n<p id=\"eGgRijfyEEc\" data-wc=\"70\">Sin embargo, medios daneses, como\u00a0Politiken, con un estilo m\u00e1s reflexivo que sensacionalista, no est\u00e1n de acuerdo con esta sea la imagen que se difunda del futuro rey. <strong>\u00a0\u00abEsto podr\u00eda contravenir la pol\u00edtica fotogr\u00e1fica de la familia real, que no ha hecho comentarios al respecto\u00bb<\/strong>, asegura el citado medio, aludiendo al compromiso que expresa la instituci\u00f3n de brindar al p\u00fablico im\u00e1genes que no est\u00e9n manipuladas, \u00absalvo peque\u00f1os ajustes de luz\u00bb.\u00a0<\/p>\n<p> <img src=\"https:\/\/www.europesays.com\/es\/wp-content\/uploads\/2025\/10\/4f3722812624-img4808.jpg\"   width=\"682\" height=\"1024\" loading=\"lazy\" decoding=\"async\" alt=\"Foto de Christian de Dinamarca por su 20 cumplea\u00f1os\" fetchpriority=\"auto\" class=\"image ho-image\"\/>\u00a9 Kongehuset<\/p>\n<p> <img src=\"https:\/\/www.europesays.com\/es\/wp-content\/uploads\/2025\/10\/3c1ca539dd7e-img4810.jpg\"   width=\"682\" height=\"1024\" loading=\"lazy\" decoding=\"async\" alt=\"Foto de Christian de Dinamarca por su 20 cumplea\u00f1os\" fetchpriority=\"auto\" class=\"image ho-image\"\/>\u00a9 Kongehuset<\/p>\n<p id=\"eWCuOcF99e\" data-wc=\"40\">Varios expertos entrevistados por el citado medio aseguran que en estos retratos hay \u00abmanipulaci\u00f3n, falta de textura y matices en el rostro que demuestra claramente que <strong>no todo es completamente aut\u00e9ntico en los nuevos retratos oficiales\u00a0<\/strong>del pr\u00edncipe heredero Christian\u00bb.<\/p>\n<p> <img src=\"https:\/\/www.europesays.com\/es\/wp-content\/uploads\/2025\/10\/5be7dda885b5-dsc09647.jpg\"   width=\"774\" height=\"1024\" loading=\"lazy\" decoding=\"async\" alt=\"Foto de Christian de Dinamarca por su 20 cumplea\u00f1os\" fetchpriority=\"auto\" class=\"image ho-image\"\/>\u00a9 Kongehuset<\/p>\n<p id=\"e1IEDx-P3Kd\" data-wc=\"70\">Petra Kleis, experta entrevista por el citado medio, no tiene dudas. Seg\u00fan ella, las fotos del pr\u00edncipe heredero est\u00e1n muy retocadas. <strong>\u00abLa piel parece mazap\u00e1n porque se ha vuelto borrosa\u00bb<\/strong>, dice. Morten Boeriis, experto en manipulaci\u00f3n de im\u00e1genes digitales y profesor asociado de la Universidad del Sur de Dinamarca, comparte la misma opini\u00f3n: \u00ab<strong>Se han realizado muchos procesos en estas im\u00e1genes y ni siquiera est\u00e1n hechos de forma especialmente elegante\u00bb.\u00a0<\/strong><\/p>\n<p> <img src=\"https:\/\/www.europesays.com\/es\/wp-content\/uploads\/2025\/10\/8b625fc22ffc-img4826.jpg\"   width=\"682\" height=\"1024\" loading=\"lazy\" decoding=\"async\" alt=\"Foto de Christian de Dinamarca por su 20 cumplea\u00f1os\" fetchpriority=\"auto\" class=\"image ho-image\"\/>\u00a9 Kongehuset<br \/>\n\u00bfPor qu\u00e9 las relaciones entre la Casa Real de Dinamarca y los medios de comunicaci\u00f3n daneses no atraviesan su mejor momento?<\/p>\n<p id=\"elZUlEj-Fy\" data-wc=\"82\">Hay una cosa que conviene recordar al hilo de anterior y es que las relaciones entre la Casa Real de Dinamarca y los medios de comunicaci\u00f3n daneses <a class=\"hm-link ho-link\" href=\"https:\/\/www.hola.com\/realeza\/casa_danesa\/20250527834406\/polemica-en-dinamarca-por-la-nueva-estrategia-de-comunicacion-de-los-reyes-federico-y-mary\/\" data-mrf-recirculation=\"article-body-link\" rel=\"nofollow noopener\" target=\"_blank\">no atraviesan su mejor momento y de forma c\u00edclica sube la tensi\u00f3n<\/a>. Desde la proclamaci\u00f3n del rey Federico X, el 14 de enero de 2024 despu\u00e9s de la inesperada abdicaci\u00f3n de su madre, la reina Margarita, la monarqu\u00eda danesa ha ido moldeando su estrategia de comunicaci\u00f3n de forma progresiva para conseguir una exposici\u00f3n m\u00e1s controlada.\u00a0<\/p>\n<p> <img src=\"https:\/\/www.europesays.com\/es\/wp-content\/uploads\/2025\/10\/0cf91fd9fa63-dinamarca-cordon-1.jpg\"   width=\"1024\" height=\"682\" loading=\"lazy\" decoding=\"async\" alt=\"Media Image\" fetchpriority=\"auto\" class=\"image ho-image\"\/>\u00a9 Cordon Press<\/p>\n<p id=\"eh5x3E_nTx\" data-wc=\"79\">Si bien a los cuatro meses de comenzar su reinado, en mayo de \u00a02024, concedieron una entrevista al canal de televisi\u00f3n dan\u00e9s TV2, desde entonces la comunicaci\u00f3n directa est\u00e1 siendo sustituida por una difusi\u00f3n exclusiva de contenido a trav\u00e9s de sus propios canales oficiales, especialmente su cuenta Instagram.<strong>\u00a0Este cambio ha generado un fuerte rechazo por parte de la prensa danesa<\/strong>, que acusa a la Corona de limitar el acceso a la informaci\u00f3n y de evitar el escrutinio p\u00fablico\u00bbi<\/p>\n","protected":false},"excerpt":{"rendered":"Los retratos oficiales del pr\u00edncipe Christian de Dinamarca, publicados con motivo de su 20 cumplea\u00f1os, han generado una&hellip;\n","protected":false},"author":2,"featured_media":184319,"comment_status":"","ping_status":"","sticky":false,"template":"","format":"standard","meta":{"footnotes":""},"categories":[174],"tags":[255,52071,146,147,25,24,256,1027,7921,23],"class_list":{"0":"post-184318","1":"post","2":"type-post","3":"status-publish","4":"format-standard","5":"has-post-thumbnail","7":"category-famosos","8":"tag-celebrities","9":"tag-christian-de-dinamarca","10":"tag-entertainment","11":"tag-entretenimiento","12":"tag-es","13":"tag-espana","14":"tag-famosos","15":"tag-realeza","16":"tag-realeza-danesa","17":"tag-spain"},"share_on_mastodon":{"url":"","error":""},"_links":{"self":[{"href":"https:\/\/www.europesays.com\/es\/wp-json\/wp\/v2\/posts\/184318","targetHints":{"allow":["GET"]}}],"collection":[{"href":"https:\/\/www.europesays.com\/es\/wp-json\/wp\/v2\/posts"}],"about":[{"href":"https:\/\/www.europesays.com\/es\/wp-json\/wp\/v2\/types\/post"}],"author":[{"embeddable":true,"href":"https:\/\/www.europesays.com\/es\/wp-json\/wp\/v2\/users\/2"}],"replies":[{"embeddable":true,"href":"https:\/\/www.europesays.com\/es\/wp-json\/wp\/v2\/comments?post=184318"}],"version-history":[{"count":0,"href":"https:\/\/www.europesays.com\/es\/wp-json\/wp\/v2\/posts\/184318\/revisions"}],"wp:featuredmedia":[{"embeddable":true,"href":"https:\/\/www.europesays.com\/es\/wp-json\/wp\/v2\/media\/184319"}],"wp:attachment":[{"href":"https:\/\/www.europesays.com\/es\/wp-json\/wp\/v2\/media?parent=184318"}],"wp:term":[{"taxonomy":"category","embeddable":true,"href":"https:\/\/www.europesays.com\/es\/wp-json\/wp\/v2\/categories?post=184318"},{"taxonomy":"post_tag","embeddable":true,"href":"https:\/\/www.europesays.com\/es\/wp-json\/wp\/v2\/tags?post=184318"}],"curies":[{"name":"wp","href":"https:\/\/api.w.org\/{rel}","templated":true}]}}