{"id":184320,"date":"2025-10-18T04:55:08","date_gmt":"2025-10-18T04:55:08","guid":{"rendered":"https:\/\/www.europesays.com\/es\/184320\/"},"modified":"2025-10-18T04:55:08","modified_gmt":"2025-10-18T04:55:08","slug":"el-mome-acoge-la-presentacion-del-ultimo-libro-de-david-otero","status":"publish","type":"post","link":"https:\/\/www.europesays.com\/es\/184320\/","title":{"rendered":"El MOME acoge la presentaci\u00f3n del \u00faltimo libro de David Otero"},"content":{"rendered":"<p class=\"ft-text\">La Asociaci\u00f3n Cultural Vagalumes celebra la presentaci\u00f3n el libro Conecta co \u00edntimo, la nueva obra po\u00e9tica del reconocido autor gallego David Otero Fern\u00e1ndez. La cita ser\u00e1 el pr\u00f3ximo viernes, 24 de octubre, a las 20.00 horas, en el MOME de A Estrada.<\/p>\n<p class=\"ft-text\">David Otero es un poeta con un profundo compromiso con la lengua y la cultura de Galicia, que ampl\u00eda su ya extensa producci\u00f3n literaria, la cual abarca poes\u00eda, narrativa y ensayo, con una obra que invita a la reflexi\u00f3n y a la conexi\u00f3n con las emociones m\u00e1s profundas. Su voz po\u00e9tica es esencial en la literatura gallega contempor\u00e1nea, destacando por su profunda conexi\u00f3n con la identidad del pa\u00eds.<\/p>\n<p class=\"ft-text\">El acto de presentaci\u00f3n contar\u00e1 con la participaci\u00f3n de destacadas figuras del \u00e1mbito cultural y social, como Clara Iglesias y Marcos Borraxeiros, presidenta y miembro de Vagalumes; as\u00ed como Menc\u00eda Vidal, graduada en Derecho; Anabel Montoto, responsable de la parte visual del proyecto; y por supuesto, el propio autor.<\/p>\n","protected":false},"excerpt":{"rendered":"La Asociaci\u00f3n Cultural Vagalumes celebra la presentaci\u00f3n el libro Conecta co \u00edntimo, la nueva obra po\u00e9tica del reconocido&hellip;\n","protected":false},"author":2,"featured_media":122381,"comment_status":"","ping_status":"","sticky":false,"template":"","format":"standard","meta":{"footnotes":""},"categories":[172],"tags":[771,224,209,146,147,25,24,27069,785,1496,225,52072,2436,23,3667,381],"class_list":{"0":"post-184320","1":"post","2":"type-post","3":"status-publish","4":"format-standard","5":"has-post-thumbnail","7":"category-libros","8":"tag-acoge","9":"tag-books","10":"tag-cultura","11":"tag-entertainment","12":"tag-entretenimiento","13":"tag-es","14":"tag-espana","15":"tag-estrada","16":"tag-gallego","17":"tag-libro","18":"tag-libros","19":"tag-mome","20":"tag-presentacion","21":"tag-spain","22":"tag-ultimo","23":"tag-viernes"},"share_on_mastodon":{"url":"","error":""},"_links":{"self":[{"href":"https:\/\/www.europesays.com\/es\/wp-json\/wp\/v2\/posts\/184320","targetHints":{"allow":["GET"]}}],"collection":[{"href":"https:\/\/www.europesays.com\/es\/wp-json\/wp\/v2\/posts"}],"about":[{"href":"https:\/\/www.europesays.com\/es\/wp-json\/wp\/v2\/types\/post"}],"author":[{"embeddable":true,"href":"https:\/\/www.europesays.com\/es\/wp-json\/wp\/v2\/users\/2"}],"replies":[{"embeddable":true,"href":"https:\/\/www.europesays.com\/es\/wp-json\/wp\/v2\/comments?post=184320"}],"version-history":[{"count":0,"href":"https:\/\/www.europesays.com\/es\/wp-json\/wp\/v2\/posts\/184320\/revisions"}],"wp:featuredmedia":[{"embeddable":true,"href":"https:\/\/www.europesays.com\/es\/wp-json\/wp\/v2\/media\/122381"}],"wp:attachment":[{"href":"https:\/\/www.europesays.com\/es\/wp-json\/wp\/v2\/media?parent=184320"}],"wp:term":[{"taxonomy":"category","embeddable":true,"href":"https:\/\/www.europesays.com\/es\/wp-json\/wp\/v2\/categories?post=184320"},{"taxonomy":"post_tag","embeddable":true,"href":"https:\/\/www.europesays.com\/es\/wp-json\/wp\/v2\/tags?post=184320"}],"curies":[{"name":"wp","href":"https:\/\/api.w.org\/{rel}","templated":true}]}}