{"id":184329,"date":"2025-10-18T05:03:08","date_gmt":"2025-10-18T05:03:08","guid":{"rendered":"https:\/\/www.europesays.com\/es\/184329\/"},"modified":"2025-10-18T05:03:08","modified_gmt":"2025-10-18T05:03:08","slug":"carlos-torres-descarta-dimitir-tras-el-fracaso-de-la-opa-del-sabadell-y-anuncia-una-lluvia-de-dividendos-el-pais-expres","status":"publish","type":"post","link":"https:\/\/www.europesays.com\/es\/184329\/","title":{"rendered":"Carlos Torres descarta dimitir tras el fracaso de la opa del Sabadell y anuncia una lluvia de dividendos | El PA\u00cdS Expr\u00e9s"},"content":{"rendered":"<p><img fetchpriority=\"high\" decoding=\"auto\" class=\"_re  a_m-h\" height=\"414\"  width=\"414\"  src=\"https:\/\/www.europesays.com\/es\/wp-content\/uploads\/2025\/10\/EUAZN4CDURF5JKU7LGS7NZJB24.jpg\" loading=\"eager\"\/>(Foto de ARCHIVO)&#13;<br \/>\nEl presidente de BBVA, Carlos Torres Vila, durante una rueda de prensa, en el Auditorio Ciudad BBVA, a 30 de enero de 2025, en Madrid (Espa\u00f1a). BBVA cerr\u00f3 2024 con un beneficio neto de 10.054 millones de euros, un 25,4% m\u00e1s en euros corrientes que en 2023, en un a\u00f1o marcado por la OPA que quiere lanzar sobre Banco Sabadell. Seg\u00fan ha informado la entidad a la Comisi\u00f3n Nacional del Mercado de Valores (CNMV), el margen de intereses avanz\u00f3 un 9,4% en euros corrientes, hasta un r\u00e9cord de 25.267 millones de euros, mientras que el margen neto aument\u00f3 un 23,5% alcanzando los 21.288 millones de euros. De esta forma, el incremento del margen bruto del 20,1% cerrando en 35.481 millones de euros.&#13;<br \/>\n&#13;<br \/>\nMatias Chiofalo \/ Europa Press&#13;<br \/>\n30\/1\/2025FOTO:  Matias Chiofalo (Europa Press)<\/p>\n<p class=\"\">El BBVA intenta convertir el fracaso de su opa sobre el Sabadell en una muestra de fuerza. <\/p>\n<ul>\n<li>Apenas minutos despu\u00e9s de conocer que solo un 25% de los accionistas apoyaron la operaci\u00f3n, el banco vasco lanz\u00f3 una lluvia de dividendos y recompras para calmar al mercado y cerrar filas. <\/li>\n<li>Carlos Torres, su presidente, descarta dimitir y promete \u201cseguir adelante\u201d tras un rev\u00e9s que deja a la entidad sin margen para volver a intentarlo en al menos un a\u00f1o.<\/li>\n<li>Torres ha negado que el banco est\u00e9 preparando un ERE y atribuye el resultado adverso a la falta de apoyo de los fondos indexados y de los accionistas minoritarios. <\/li>\n<\/ul>\n<p class=\"\"><b>\u00bfY ahora qu\u00e9? <\/b><\/p>\n<ul>\n<li>El BBVA dice que inicia una nueva etapa y que est\u00e1 decidido a trasladar al accionista las ganancias acumuladas tras a\u00f1os de buenos resultados. La estrategia pasa por consolidar su crecimiento org\u00e1nico y reforzar su imagen de fortaleza, despu\u00e9s de una de las operaciones m\u00e1s tensas del a\u00f1o en el sector bancario.<\/li>\n<li>El Sabadell, en cambio, sale reforzado en autonom\u00eda y reputaci\u00f3n. El mercado ha validado su estrategia independiente y el propio presidente de la entidad, Josep Oliu, celebr\u00f3 el desenlace: \u201cEl fin de la opa es el mejor camino para el Banco Sabadell y para el BBVA, que son dos grandes entidades que generan m\u00e1s valor por separado que juntas\u201d.<\/li>\n<\/ul>\n<p class=\"\"><b>El Gobierno tambi\u00e9n ha aplaudido el resultado. <\/b>La vicepresidenta Yolanda D\u00edaz lo calific\u00f3 de \u201cbuena noticia para el pa\u00eds\u201d.<\/p>\n<p class=\"\">\u00a9Foto: Matias Chiofalo (Europa Press)<\/p>\n<p class=\"\"><a href=\"https:\/\/elpais.com\/economia\/2025-10-18\/torres-se-blinda-con-una-lluvia-de-millones-a-los-accionistas-tras-el-fracaso-de-la-opa.html\" target=\"_self\" rel=\"nofollow noopener\" title=\"https:\/\/elpais.com\/economia\/2025-10-18\/torres-se-blinda-con-una-lluvia-de-millones-a-los-accionistas-tras-el-fracaso-de-la-opa.html\">Si quieres saber m\u00e1s, puedes leer aqu\u00ed.<\/a><\/p>\n","protected":false},"excerpt":{"rendered":"(Foto de ARCHIVO)&#13; El presidente de BBVA, Carlos Torres Vila, durante una rueda de prensa, en el Auditorio&hellip;\n","protected":false},"author":2,"featured_media":184330,"comment_status":"","ping_status":"","sticky":false,"template":"","format":"standard","meta":{"footnotes":""},"categories":[80],"tags":[3285,82,10654,95,94,25,24,14873,6558,41112,23],"class_list":{"0":"post-184329","1":"post","2":"type-post","3":"status-publish","4":"format-standard","5":"has-post-thumbnail","7":"category-economia","8":"tag-bbva","9":"tag-business","10":"tag-carlos-torres-vila","11":"tag-economia","12":"tag-economy","13":"tag-es","14":"tag-espana","15":"tag-josep-oliu","16":"tag-opa-hostil","17":"tag-sabadell-multibanca","18":"tag-spain"},"share_on_mastodon":{"url":"","error":""},"_links":{"self":[{"href":"https:\/\/www.europesays.com\/es\/wp-json\/wp\/v2\/posts\/184329","targetHints":{"allow":["GET"]}}],"collection":[{"href":"https:\/\/www.europesays.com\/es\/wp-json\/wp\/v2\/posts"}],"about":[{"href":"https:\/\/www.europesays.com\/es\/wp-json\/wp\/v2\/types\/post"}],"author":[{"embeddable":true,"href":"https:\/\/www.europesays.com\/es\/wp-json\/wp\/v2\/users\/2"}],"replies":[{"embeddable":true,"href":"https:\/\/www.europesays.com\/es\/wp-json\/wp\/v2\/comments?post=184329"}],"version-history":[{"count":0,"href":"https:\/\/www.europesays.com\/es\/wp-json\/wp\/v2\/posts\/184329\/revisions"}],"wp:featuredmedia":[{"embeddable":true,"href":"https:\/\/www.europesays.com\/es\/wp-json\/wp\/v2\/media\/184330"}],"wp:attachment":[{"href":"https:\/\/www.europesays.com\/es\/wp-json\/wp\/v2\/media?parent=184329"}],"wp:term":[{"taxonomy":"category","embeddable":true,"href":"https:\/\/www.europesays.com\/es\/wp-json\/wp\/v2\/categories?post=184329"},{"taxonomy":"post_tag","embeddable":true,"href":"https:\/\/www.europesays.com\/es\/wp-json\/wp\/v2\/tags?post=184329"}],"curies":[{"name":"wp","href":"https:\/\/api.w.org\/{rel}","templated":true}]}}