{"id":184343,"date":"2025-10-18T05:15:10","date_gmt":"2025-10-18T05:15:10","guid":{"rendered":"https:\/\/www.europesays.com\/es\/184343\/"},"modified":"2025-10-18T05:15:10","modified_gmt":"2025-10-18T05:15:10","slug":"laliga-convoca-la-comision-del-convenio-colectivo-ante-el-paron-ilegal-de-15-segundos","status":"publish","type":"post","link":"https:\/\/www.europesays.com\/es\/184343\/","title":{"rendered":"LaLiga convoca la comisi\u00f3n del convenio colectivo ante el par\u00f3n ilegal de 15 segundos"},"content":{"rendered":"<p>Este viernes, la\u00a0Asociaci\u00f3n de Futbolistas Espa\u00f1oles\u00a0<strong>(AFE) ha anunciado que, durante todos los partidos correspondientes a la\u00a0novena jornada<\/strong>\u00a0del Campeonato Nacional de Liga de Primera Divisi\u00f3n\u00a0de Espa\u00f1a, al inicio de cada encuentro,<strong>\u00a0los futbolistas \u00abprotestar\u00e1n\u00a0de forma simb\u00f3lica como reivindicaci\u00f3n por la\u00a0falta de transparencia, di\u00e1logo y coherencia\u00a0de LALIGA<\/strong>, sobre la posibilidad de disputar\u00a0un partido de la competici\u00f3n en\u00a0Estados Unidos\u00bb.<\/p>\n<p>\u00a0<\/p>\n<p>Se ha sabido que <strong>est\u00e1 acci\u00f3n se traducir\u00e1 en un par\u00f3n de 15\u00a0segundos.\u00a0<\/strong><\/p>\n<p>\u00a0<\/p>\n<p>Pues bien, <strong>LaLiga ha remitido un escrito al presidente de AFE en el que\u00a0convoca la comisi\u00f3n paritaria del convenio colectivo ante un\u00a0par\u00f3n\u00a015\u00a0segundos que califica de ilegal,<\/strong> como paso previo a la solicitud de huelga ilegal.<\/p>\n<p><strong>La convocatoria formal de la Comisi\u00f3n Paritaria es\u00a0<\/strong>para el pr\u00f3ximo viernes 24 de octubre, a las 9:00 horas, con los siguientes puntos del orden del d\u00eda:\u00a0<\/p>\n<p>\u00a0<\/p>\n<p><strong>&#8211; \u201cInformaci\u00f3n y aclaraci\u00f3n de competencias sobre la iniciativa<\/strong> de disputar un partido oficial en Estados Unidos (promoci\u00f3n, log\u00edstica, comercializaci\u00f3n y autorizaciones)\u201d.\u00a0<\/p>\n<p>\u00a0<\/p>\n<p><strong>&#8211; \u201cPromoci\u00f3n por parte de AFE de un paro de 15 segundos<\/strong> al inicio de los partidos de la competici\u00f3n, sin cumplir con las exigencias constitucionales y normativas en materia de convocatoria, preaviso y garant\u00edas propias del derecho de huelga\u201d.<\/p>\n<p>\u00a0<\/p>\n<p>LaLiga recuerda que la\u00a0<strong>Comisi\u00f3n Paritaria es el cauce natural para evitar este tipo de malentendidos<\/strong> y cerrar el debate competencial a la vista de la aparente acci\u00f3n de bloqueo promovida por AFE.<\/p>\n<p>En\u00a0dicha reuni\u00f3n<strong> se entregar\u00e1 un dossier completo del proyecto<\/strong>, cuyo contenido ya ha sido anticipado en comunicaciones previas.<\/p>\n<p>\u00a0<\/p>\n<p>Igualmente, <strong>LaLiga recuerda que AFE conoce este proyecto desde 2018<\/strong> y ha sido informada en distintos momentos de su evoluci\u00f3n y del marco de colaboraci\u00f3n con Relevent, adem\u00e1s, de que ya\u00a0fue remitido un documento de Preguntas y Respuestas (Q&amp;A).<br \/>\u00a0<\/p>\n<p>En su \u00faltimo escrito,<strong> AFE solicita expresamente aplazar la venta de entradas,\u00a0pretensi\u00f3n que para LaLiga excede el marco del Convenio<\/strong> y alcanza \u00e1mbitos de decisi\u00f3n propios del promotor y de terceros organismos nacionales e internacionales.\u00a0<\/p>\n<p>\u00a0<\/p>\n<p>Para LaLiga,<strong> la\u00a0postura de AFE pone de manifiesto su\u00a0mala fe\u00a0respecto a la presente situaci\u00f3n<\/strong> y acreditar\u00eda que estamos ante un intento fraudulento de bloquear el proyecto bajo la apariencia de una solicitud de informaci\u00f3n.<\/p>\n<p>\u00a0<\/p>\n<p>Finalmente, en aras del dialogo<strong> se solicita a AFE que hasta la celebraci\u00f3n de la convocatoria de esta Comisi\u00f3n Paritaria se abstenga de llevar a cabo nuevas acciones<\/strong> que pudieran dejar sin efecto el objeto de la propia Paritaria.<\/p>\n","protected":false},"excerpt":{"rendered":"Este viernes, la\u00a0Asociaci\u00f3n de Futbolistas Espa\u00f1oles\u00a0(AFE) ha anunciado que, durante todos los partidos correspondientes a la\u00a0novena jornada\u00a0del Campeonato&hellip;\n","protected":false},"author":2,"featured_media":184344,"comment_status":"","ping_status":"","sticky":false,"template":"","format":"standard","meta":{"footnotes":""},"categories":[268],"tags":[10975,52075,52076,168,25,24,280,282,52077,288,52074,1945,52078,281,23,167],"class_list":{"0":"post-184343","1":"post","2":"type-post","3":"status-publish","4":"format-standard","5":"has-post-thumbnail","7":"category-futbol","8":"tag-afe","9":"tag-comision-paritaria","10":"tag-convenio-colectivo","11":"tag-deportes","12":"tag-es","13":"tag-espana","14":"tag-football","15":"tag-futbol","16":"tag-futbol-espanol","17":"tag-laliga","18":"tag-paro-ilegal","19":"tag-primera-division","20":"tag-protesta-simbolica","21":"tag-soccer","22":"tag-spain","23":"tag-sports"},"share_on_mastodon":{"url":"","error":""},"_links":{"self":[{"href":"https:\/\/www.europesays.com\/es\/wp-json\/wp\/v2\/posts\/184343","targetHints":{"allow":["GET"]}}],"collection":[{"href":"https:\/\/www.europesays.com\/es\/wp-json\/wp\/v2\/posts"}],"about":[{"href":"https:\/\/www.europesays.com\/es\/wp-json\/wp\/v2\/types\/post"}],"author":[{"embeddable":true,"href":"https:\/\/www.europesays.com\/es\/wp-json\/wp\/v2\/users\/2"}],"replies":[{"embeddable":true,"href":"https:\/\/www.europesays.com\/es\/wp-json\/wp\/v2\/comments?post=184343"}],"version-history":[{"count":0,"href":"https:\/\/www.europesays.com\/es\/wp-json\/wp\/v2\/posts\/184343\/revisions"}],"wp:featuredmedia":[{"embeddable":true,"href":"https:\/\/www.europesays.com\/es\/wp-json\/wp\/v2\/media\/184344"}],"wp:attachment":[{"href":"https:\/\/www.europesays.com\/es\/wp-json\/wp\/v2\/media?parent=184343"}],"wp:term":[{"taxonomy":"category","embeddable":true,"href":"https:\/\/www.europesays.com\/es\/wp-json\/wp\/v2\/categories?post=184343"},{"taxonomy":"post_tag","embeddable":true,"href":"https:\/\/www.europesays.com\/es\/wp-json\/wp\/v2\/tags?post=184343"}],"curies":[{"name":"wp","href":"https:\/\/api.w.org\/{rel}","templated":true}]}}