{"id":184353,"date":"2025-10-18T05:22:11","date_gmt":"2025-10-18T05:22:11","guid":{"rendered":"https:\/\/www.europesays.com\/es\/184353\/"},"modified":"2025-10-18T05:22:11","modified_gmt":"2025-10-18T05:22:11","slug":"parte-de-la-aficion-protagoniza-una-sonora-pitada-al-entrenador-del-oviedo-y-otra-reacciona-en-pie-y-aplaudiendo","status":"publish","type":"post","link":"https:\/\/www.europesays.com\/es\/184353\/","title":{"rendered":"parte de la afici\u00f3n protagoniza una sonora pitada al entrenador del Oviedo y otra reacciona en pie y aplaudiendo"},"content":{"rendered":"<p class=\"ft-text ft-helper-closenews\">Hab\u00eda mucha expectaci\u00f3n por el <strong>regreso del Oviedo al Tartiere. <\/strong>Los parones internacionales se suelen hacer eternos, pero en clave azul no hubo opci\u00f3n al aburrimiento. El inicio tuvo su miga, puesto que el partido empezaba a las nueve de la noche, pero muchos curiosos estaban al quite de lo que podr\u00eda pasar quince minutos antes con el anuncio de la plantilla por megafon\u00eda. Las dudas se resolvieron cuando se nombr\u00f3 a<strong> Luis Carri\u00f3n<\/strong>, t\u00e9cnico carbay\u00f3n, que recibi\u00f3 una<strong> pitada importante por parte de la hinchada<\/strong>. Cierto es que, u<strong>n peque\u00f1o sector reaccion\u00f3 levant\u00e1ndose para aplaudir al entrenador catal\u00e1n antes del comienzo del <\/strong><a class=\"ft-link ft-link--decoration\" href=\"https:\/\/www.lne.es\/real-oviedo\/2025\/10\/17\/primera-recibe-carrion-trompazo-derrota-122742315.html\" rel=\"nofollow noopener\" target=\"_blank\"><strong>Oviedo-Espanyol.<\/strong><\/a><\/p>\n<p class=\"ft-text\">El Fondo Norte despleg\u00f3 un tifo en honor a cuatro delanteros hist\u00f3ricos de la entidad como<strong> Echevarr\u00eda, L\u00e1ngara, Herrerita y Emil\u00edn con el lema de \u201cJugadores que honraron a Oviedo\u201d <\/strong>y en los proleg\u00f3menos del encuentro tambi\u00e9n se guard\u00f3 un emotivo minuto de silencio por la muerte del hermano de Diego Cervero. Despu\u00e9s, cuando el colegiado Busquets Ferrer se\u00f1al\u00f3 el comienzo del choque, hubo espacio para la protesta. Oviedo y Espanyol fueron los primeros en escenificar las quejas de la Asociaci\u00f3n de Futbolistas Espa\u00f1oles (AFE) por la falta de transparencia y di\u00e1logo de LaLiga en lo referido al partido que Bar\u00e7a y Villarreal disputar\u00e1n en Miami. El Espanyol sac\u00f3 de centro y durante los primeros ocho segundos el bal\u00f3n qued\u00f3 en los pies de Cabrera, con el resto de jugadores parados.<\/p>\n<p>Apoyo al equipo<\/p>\n<p class=\"ft-text\">A partir de ah\u00ed, apoyo total del Tartiere al equipo. El feudo azul, con<strong> 25.625 espectadores<\/strong>, cont\u00f3 con una buena entrada pese a ser viernes. El p\u00fablico disfrut\u00f3 de una buena puesta en escena de los azules y, sobre todo, volvieron a quedar asombrados con otra gran actuaci\u00f3n de Escandell, que se llevaba una ovaci\u00f3n tras cada parada. Eso s\u00ed, cada vez que Carri\u00f3n volv\u00eda a salir en las pantallas, nueva pitada. Con el que tampoco estuvieron contentos fue con las decisiones del colegiado <strong>Busquets Ferrer, que fue desesperando poco a poco al Tartiere. <\/strong><\/p>\n<p class=\"ft-text\">Como uno m\u00e1s lo volvi\u00f3 a vivir<strong> Jes\u00fas Mart\u00ednez, sentado en la grada y no en el palco.<\/strong> El mexicano y todo el estadio se lamentaron al un\u00edsono cuando Chaira estrell\u00f3 el bal\u00f3n en la madera. La fortuna volvi\u00f3 a dar la espalda a los azules, no solo en esa acci\u00f3n, tambi\u00e9n en la del tanto del Espanyol. Varios rebotes dentro del \u00e1rea y mucha incertidumbre:<strong> Busquets Ferrer tuvo el partido parado m\u00e1s de dos minutos parado, pero finalmente el tanto subi\u00f3 al marcador pese a la pol\u00e9mica. <\/strong><\/p>\n<p class=\"ft-text\">El Oviedo acab\u00f3 mal el partido y tras el segundo gol el descontento de la afici\u00f3n se hizo mayor, incluso con t\u00edmidos pitos al equipo. Los azules cayeron derrotados y en las gradas se evidenci\u00f3 lo que se ve\u00eda en la \u00faltima semana<strong>: un oviedismo unido por su equipo, pero dividido por Carri\u00f3n.<\/strong><\/p>\n<p data-close=\"closedContent\" class=\"subscribeHideForDisplay\">Suscr\u00edbete para seguir leyendo<\/p>\n","protected":false},"excerpt":{"rendered":"Hab\u00eda mucha expectaci\u00f3n por el regreso del Oviedo al Tartiere. Los parones internacionales se suelen hacer eternos, pero&hellip;\n","protected":false},"author":2,"featured_media":184354,"comment_status":"","ping_status":"","sticky":false,"template":"","format":"standard","meta":{"footnotes":""},"categories":[93],"tags":[3437,415,41190,168,52080,25,24,7820,1429,2596,23,167,28976],"class_list":{"0":"post-184353","1":"post","2":"type-post","3":"status-publish","4":"format-standard","5":"has-post-thumbnail","7":"category-deportes","8":"tag-aficion","9":"tag-carlos","10":"tag-carrion","11":"tag-deportes","12":"tag-divison","13":"tag-es","14":"tag-espana","15":"tag-luis","16":"tag-plantilla","17":"tag-regreso","18":"tag-spain","19":"tag-sports","20":"tag-tartiere"},"share_on_mastodon":{"url":"","error":""},"_links":{"self":[{"href":"https:\/\/www.europesays.com\/es\/wp-json\/wp\/v2\/posts\/184353","targetHints":{"allow":["GET"]}}],"collection":[{"href":"https:\/\/www.europesays.com\/es\/wp-json\/wp\/v2\/posts"}],"about":[{"href":"https:\/\/www.europesays.com\/es\/wp-json\/wp\/v2\/types\/post"}],"author":[{"embeddable":true,"href":"https:\/\/www.europesays.com\/es\/wp-json\/wp\/v2\/users\/2"}],"replies":[{"embeddable":true,"href":"https:\/\/www.europesays.com\/es\/wp-json\/wp\/v2\/comments?post=184353"}],"version-history":[{"count":0,"href":"https:\/\/www.europesays.com\/es\/wp-json\/wp\/v2\/posts\/184353\/revisions"}],"wp:featuredmedia":[{"embeddable":true,"href":"https:\/\/www.europesays.com\/es\/wp-json\/wp\/v2\/media\/184354"}],"wp:attachment":[{"href":"https:\/\/www.europesays.com\/es\/wp-json\/wp\/v2\/media?parent=184353"}],"wp:term":[{"taxonomy":"category","embeddable":true,"href":"https:\/\/www.europesays.com\/es\/wp-json\/wp\/v2\/categories?post=184353"},{"taxonomy":"post_tag","embeddable":true,"href":"https:\/\/www.europesays.com\/es\/wp-json\/wp\/v2\/tags?post=184353"}],"curies":[{"name":"wp","href":"https:\/\/api.w.org\/{rel}","templated":true}]}}