{"id":184355,"date":"2025-10-18T05:24:09","date_gmt":"2025-10-18T05:24:09","guid":{"rendered":"https:\/\/www.europesays.com\/es\/184355\/"},"modified":"2025-10-18T05:24:09","modified_gmt":"2025-10-18T05:24:09","slug":"la-boda-de-hugo-hernandez-mancha-y-maria-luisa-arrospide-en-cordoba-en-imagenes","status":"publish","type":"post","link":"https:\/\/www.europesays.com\/es\/184355\/","title":{"rendered":"La boda de Hugo Hern\u00e1ndez-Mancha y Mar\u00eda Luisa Arr\u00f3spide en C\u00f3rdoba, en im\u00e1genes"},"content":{"rendered":"<p>          17\/10\/2025<br \/>\n          <br \/><strong><br \/>\n                  Actualizado a las 20:27h.<br \/>\n              <\/strong><\/p>\n<p class=\"voc-p\" style=\"\">Boda de amplios ecos sociales en C\u00f3rdoba. Hugo Hern\u00e1ndez-Mancha, hijo de <a href=\"https:\/\/www.abc.es\/espana\/andalucia\/cordoba\/antonio-hernandez-mancha-cimientos-edificio-inaugurado-juanma-20231001013620-nts.html\" target=\"_self\" data-voc-vtm-id=\"in-text-traffic\" title=\"Antonio Hern\u00e1ndez-Mancha\" data-mrf-link=\"www.abc.es\" rel=\"nofollow noopener\">Antonio Hern\u00e1ndez-Mancha<\/a>, que fuera presidente de Alianza Popular, se ha casado con la cordobesa <strong>Mar\u00eda Luisa Arr\u00f3spide<\/strong>, en una ceremonia en la parroquia del Salvador y Santo Domingo de Silos, conocida como <strong>La Compa\u00f1\u00eda. Muchas caras conocidas entre los invitados como, por ejemplo, <strong>Mar\u00eda Dolores de Cospedal<\/strong>, ex secretaria general del PP, o <strong>Tamara Falc\u00f3<\/strong>, o Sassa de Osma , con su marido, <strong>Christian de Hannover<\/strong>,entre otros.<\/strong><\/p>\n<p class=\"voc-p\" style=\"\">Mar\u00eda Luisa Arr\u00f3spide, de treinta a\u00f1os, pertenece a uno de los m\u00e1s antiguos linajes de C\u00f3rdoba. Es hija de los <strong>Marqueses del Boil<\/strong>, Jos\u00e9 Miguel Arr\u00f3spide L\u00f3pez y Mar\u00eda Luisa Garc\u00eda Blanco. Su vestido de novia es de la firma <a href=\"https:\/\/sevilla.abc.es\/estilo\/bulevarsur\/noticias\/moda\/disenadora-vestido-novia-barbara-mirjan-cayetano-martinez-irujo\/\" target=\"_self\" data-voc-vtm-id=\"in-text-traffic\" title=\"Navascu\u00e9s\" data-mrf-link=\"sevilla.abc.es\" rel=\"nofollow noopener\">Navascu\u00e9s<\/a>.<\/p>\n<p class=\"voc-p\" style=\"\">Hugo Hern\u00e1ndez-Mancha es licenciado en Derecho por la Universidad Complutense y adem\u00e1s tiene el t\u00edtulo de Econom\u00eda y Administraci\u00f3n Internacional por la American University of Paris. Es socio en la oficina de <strong>Londres<\/strong> del despacho estadounidense Gibson, Dunn &amp; Crutche.<\/p>\n<p class=\"voc-p\" style=\"\">Tras la ceremonia religiosa en la tarde del viernes, los novios y sus invitados han disfrutado una cena en una finca privada en la <strong>Sierra de C\u00f3rdoba<\/strong>. Tambi\u00e9n la familia del novio tiene relaci\u00f3n con la ciudad: Antonio Hern\u00e1ndez-Mancha lleg\u00f3 a la ciudad como abogado del Estado en 1976 y en ella ciment\u00f3 su carrera pol\u00edtica.<\/p>\n","protected":false},"excerpt":{"rendered":"17\/10\/2025 Actualizado a las 20:27h. Boda de amplios ecos sociales en C\u00f3rdoba. Hugo Hern\u00e1ndez-Mancha, hijo de Antonio Hern\u00e1ndez-Mancha,&hellip;\n","protected":false},"author":2,"featured_media":184356,"comment_status":"","ping_status":"","sticky":false,"template":"","format":"standard","meta":{"footnotes":""},"categories":[91],"tags":[52082,3158,2760,146,147,25,24,52081,9026,1641,23,9703],"class_list":{"0":"post-184355","1":"post","2":"type-post","3":"status-publish","4":"format-standard","5":"has-post-thumbnail","7":"category-entretenimiento","8":"tag-arrospide","9":"tag-boda","10":"tag-cordoba","11":"tag-entertainment","12":"tag-entretenimiento","13":"tag-es","14":"tag-espana","15":"tag-hernandezmancha","16":"tag-hugo","17":"tag-imagenes","18":"tag-spain","19":"tag-teresa"},"share_on_mastodon":{"url":"","error":""},"_links":{"self":[{"href":"https:\/\/www.europesays.com\/es\/wp-json\/wp\/v2\/posts\/184355","targetHints":{"allow":["GET"]}}],"collection":[{"href":"https:\/\/www.europesays.com\/es\/wp-json\/wp\/v2\/posts"}],"about":[{"href":"https:\/\/www.europesays.com\/es\/wp-json\/wp\/v2\/types\/post"}],"author":[{"embeddable":true,"href":"https:\/\/www.europesays.com\/es\/wp-json\/wp\/v2\/users\/2"}],"replies":[{"embeddable":true,"href":"https:\/\/www.europesays.com\/es\/wp-json\/wp\/v2\/comments?post=184355"}],"version-history":[{"count":0,"href":"https:\/\/www.europesays.com\/es\/wp-json\/wp\/v2\/posts\/184355\/revisions"}],"wp:featuredmedia":[{"embeddable":true,"href":"https:\/\/www.europesays.com\/es\/wp-json\/wp\/v2\/media\/184356"}],"wp:attachment":[{"href":"https:\/\/www.europesays.com\/es\/wp-json\/wp\/v2\/media?parent=184355"}],"wp:term":[{"taxonomy":"category","embeddable":true,"href":"https:\/\/www.europesays.com\/es\/wp-json\/wp\/v2\/categories?post=184355"},{"taxonomy":"post_tag","embeddable":true,"href":"https:\/\/www.europesays.com\/es\/wp-json\/wp\/v2\/tags?post=184355"}],"curies":[{"name":"wp","href":"https:\/\/api.w.org\/{rel}","templated":true}]}}