{"id":184361,"date":"2025-10-18T05:28:13","date_gmt":"2025-10-18T05:28:13","guid":{"rendered":"https:\/\/www.europesays.com\/es\/184361\/"},"modified":"2025-10-18T05:28:13","modified_gmt":"2025-10-18T05:28:13","slug":"las-tormentas-con-granizo-ya-descargan-en-la-comunitat","status":"publish","type":"post","link":"https:\/\/www.europesays.com\/es\/184361\/","title":{"rendered":"Las tormentas con granizo ya descargan en la Comunitat"},"content":{"rendered":"<p><a class=\"v-mdl-ath__fig-a\" href=\"https:\/\/www.lasprovincias.es\/autor\/adrian-pedroche-6504.html\" title=\"A. Pedroche\" rel=\"nofollow noopener\" target=\"_blank\"><br \/>\n<img decoding=\"async\" class=\"v-mdl-ath__img\" src=\"https:\/\/www.europesays.com\/es\/wp-content\/uploads\/2025\/09\/autor-6504-foto-1.jpeg\" alt=\"A. Pedroche\"\/><br \/>\n<\/a><\/p>\n<p class=\"v-mdl-ath__p v-mdl-ath__p--6\">\nViernes, 17 de octubre 2025, 20:05<\/p>\n<p>| Actualizado 22:09h.<\/p>\n<p class=\"v-p\">Lluvia con granizo en la Comunitat Valenciana este viernes. La Associaci\u00f3 Valenciana de Meteorologia (AVAMET) ha informado a trav\u00e9s de su cuenta de X que se est\u00e1n produciendo granizadas en la comarca de Los Serranos. Han compartido im\u00e1genes de localidades como Aras de los Olmos o Chelva cuyas carreteras aparecen totalmente blancas. Las temperaturas han descendido hasta los 9 grados.<\/p>\n<p class=\"v-p\">El Centro de Coordinaci\u00f3n de Emergencias de la Generalitat ha ampliado sus alertas por el episodio meteorol\u00f3gico y ha activado este viernes la alerta amarilla por lluvias y tormentas en el litoral norte de Castell\u00f3n. Adem\u00e1s, se mantiene el nivel amarillo en todo el interior de Valencia y en el interior sur de Castell\u00f3n, con posible granizo. Se prev\u00e9 que la precipitaci\u00f3n acumulada en una hora sea de 20 litros por metro cuadrado (l\/m2).<\/p>\n<p class=\"v-p\">La alerta llega por la predicci\u00f3n de la Agencia Estatal de Meteorolog\u00eda (Aemet), que informa de que el episodio se prolongar\u00e1 durante la tarde de este viernes (19.59 horas litoral norte de Castell\u00f3n) y hasta las 21.59 horas (interior sur de Castell\u00f3n e interior de Valencia).<\/p>\n<p class=\"v-p\">Sin embargo, la previsi\u00f3n es que las lluvias nos abandonen a partir de ma\u00f1ana. De hecho, <a href=\"https:\/\/www.lasprovincias.es\/comunitat\/el-tiempo\/comunitat-valenciana-prepara-inesperado-veranillo-octubre-20251017201124-nt.html\" data-voc-vtm-id=\"in-text-traffic\" title=\"la semana que viene viviremos en la Comunitat lo que comunmente se conoce como veranillo o vero\u00f1o\" rel=\"nofollow noopener\" target=\"_blank\">la semana que viene viviremos en la Comunitat lo que comunmente se conoce como veranillo o vero\u00f1o<\/a>. Habr\u00e1 un aumento considerable de las temperaturas. De hecho, las m\u00e1ximas podr\u00e1n alcanzar los 30 grados.<\/p>\n<p>Reporta un error<\/p>\n","protected":false},"excerpt":{"rendered":"Viernes, 17 de octubre 2025, 20:05 | Actualizado 22:09h. Lluvia con granizo en la Comunitat Valenciana este viernes.&hellip;\n","protected":false},"author":2,"featured_media":184362,"comment_status":"","ping_status":"","sticky":false,"template":"","format":"standard","meta":{"footnotes":""},"categories":[8],"tags":[17,18,23242,52083,25,24,13,14,21091,11,19,20,9,10,15,16,23,12,8091,21,22],"class_list":{"0":"post-184361","1":"post","2":"type-post","3":"status-publish","4":"format-standard","5":"has-post-thumbnail","7":"category-espana","8":"tag-breaking-news","9":"tag-breakingnews","10":"tag-comunitat","11":"tag-descargan","12":"tag-es","13":"tag-espana","14":"tag-featured-news","15":"tag-featurednews","16":"tag-granizo","17":"tag-headlines","18":"tag-latest-news","19":"tag-latestnews","20":"tag-news","21":"tag-noticias","22":"tag-noticias-destacadas","23":"tag-noticiasdestacadas","24":"tag-spain","25":"tag-titulares","26":"tag-tormentas","27":"tag-ultimas-noticias","28":"tag-ultimasnoticias"},"share_on_mastodon":{"url":"","error":""},"_links":{"self":[{"href":"https:\/\/www.europesays.com\/es\/wp-json\/wp\/v2\/posts\/184361","targetHints":{"allow":["GET"]}}],"collection":[{"href":"https:\/\/www.europesays.com\/es\/wp-json\/wp\/v2\/posts"}],"about":[{"href":"https:\/\/www.europesays.com\/es\/wp-json\/wp\/v2\/types\/post"}],"author":[{"embeddable":true,"href":"https:\/\/www.europesays.com\/es\/wp-json\/wp\/v2\/users\/2"}],"replies":[{"embeddable":true,"href":"https:\/\/www.europesays.com\/es\/wp-json\/wp\/v2\/comments?post=184361"}],"version-history":[{"count":0,"href":"https:\/\/www.europesays.com\/es\/wp-json\/wp\/v2\/posts\/184361\/revisions"}],"wp:featuredmedia":[{"embeddable":true,"href":"https:\/\/www.europesays.com\/es\/wp-json\/wp\/v2\/media\/184362"}],"wp:attachment":[{"href":"https:\/\/www.europesays.com\/es\/wp-json\/wp\/v2\/media?parent=184361"}],"wp:term":[{"taxonomy":"category","embeddable":true,"href":"https:\/\/www.europesays.com\/es\/wp-json\/wp\/v2\/categories?post=184361"},{"taxonomy":"post_tag","embeddable":true,"href":"https:\/\/www.europesays.com\/es\/wp-json\/wp\/v2\/tags?post=184361"}],"curies":[{"name":"wp","href":"https:\/\/api.w.org\/{rel}","templated":true}]}}