{"id":184368,"date":"2025-10-18T05:32:06","date_gmt":"2025-10-18T05:32:06","guid":{"rendered":"https:\/\/www.europesays.com\/es\/184368\/"},"modified":"2025-10-18T05:32:06","modified_gmt":"2025-10-18T05:32:06","slug":"eidy-macias-busca-acercarse-a-la-ufc-con-pelea-en-mma-mexico-6","status":"publish","type":"post","link":"https:\/\/www.europesays.com\/es\/184368\/","title":{"rendered":"Eidy Mac\u00edas busca acercarse a la UFC con pelea en MMA M\u00e9xico 6"},"content":{"rendered":"<p><strong>Eidy Mac\u00edas<\/strong>, peleadora <strong>ecuatoriana<\/strong> invicta en artes marciales mixtas (MMA), vuelve este s\u00e1bado 18 de octubre de 2025 a la jaula en el evento <strong>MMA M\u00e9xico 6<\/strong>, luego de dos a\u00f1os sin competir. <\/p>\n<p>La atleta tricolor se enfrentar\u00e1 a la colombiana<strong> Sayury Ca\u00f1\u00f3n<\/strong> en una pelea internacional estelar en la categor\u00eda de peso paja femenino.<\/p>\n<p>M\u00e1s noticias: Eidy Mac\u00edas <\/p>\n<p>Mac\u00edas, <a href=\"https:\/\/www.elcomercio.com\/deportes\/artes-marciales\/eidy-macias-ecuatoriana-ufc-historia-the-talent\/\" target=\"_blank\" rel=\"noreferrer noopener nofollow\">conocida como \u2018The Talent\u2019<\/a>, tiene 26 a\u00f1os y actualmente se entrena en el <strong>UFC Performance Institute en M\u00e9xico<\/strong>, uno de los centros de alto rendimiento m\u00e1s exigentes del mundo en <strong>MMA.<\/strong> <\/p>\n<p>Su \u00faltima pelea la sell\u00f3 con triunfo ante Andreina Reis Repolho en per\u00fa, en junio del 2023. <\/p>\n<p>Durante su pausa competitiva, super\u00f3 una lesi\u00f3n de rodilla y enfoc\u00f3 su energ\u00eda en entrenarse al m\u00e1s alto nivel con el objetivo de alcanzar un cupo oficial en la <strong>UFC<\/strong>, la liga m\u00e1s importante del planeta en este deporte.<\/p>\n<p>Eidy Mac\u00edas busca su salto a la UFC<\/p>\n<p>Con un r\u00e9cord profesional de <strong>cinco peleas ganadas y cero derrotas<\/strong>,<strong> Eidy Mac\u00edas<\/strong> ha vencido rivales de Per\u00fa, Brasil y Ecuador. Fue campeona de la promotora<strong> Inka FC<\/strong> y ahora busca consolidar su nombre en otros escenarios internacionales.<\/p>\n<p>\u2018El Demoledor\u2019 Rivas tambi\u00e9n pelear\u00e1<\/p>\n<p>La pelea entre <strong>Eidy Mac\u00edas y Sayury Ca\u00f1\u00f3n<\/strong> podr\u00e1 verse en <strong>UFC Fight Pass desde las 20:00 (hora de Ecuador)<\/strong>. <\/p>\n<p>Tambi\u00e9n participar\u00e1 en el evento el ecuatoriano<strong> Jos\u00e9 \u2018El Demoledor\u2019 Riva<\/strong>s, quien enfrentar\u00e1 al mexicano Kevin Garc\u00eda.<\/p>\n<p><strong>El evento se realizar\u00e1 en la Arena Mobil de Monterrey, M\u00e9xico. <\/strong><\/p>\n<p> <strong>\u00bfCu\u00e1ndo pelea \u2018Chito\u2019 Vera?<\/strong> <\/p>\n<p>Este s\u00e1bado 18 de octubre tambi\u00e9n habr\u00e1 acci\u00f3n en Canad\u00e1, con la UFC y la presencia del manabita Marlon \u2018Chito\u2019 Vera. <\/p>\n<p><a href=\"https:\/\/www.elcomercio.com\/deportes\/artes-marciales\/marlon-chito-vera-peso-pelea-zahabi-ufc-vancouver\/\" target=\"_blank\" rel=\"noreferrer noopener nofollow\">La pelea de <strong>\u2018Chito\u2019 Vera<\/strong> es parte de la cartelera estelar<\/a> del evento <strong>UFC Vancouver<\/strong>, donde se enfrentar\u00e1 al canadiense <strong>Aiemann Zahabi<\/strong>. <\/p>\n","protected":false},"excerpt":{"rendered":"Eidy Mac\u00edas, peleadora ecuatoriana invicta en artes marciales mixtas (MMA), vuelve este s\u00e1bado 18 de octubre de 2025&hellip;\n","protected":false},"author":2,"featured_media":184369,"comment_status":"","ping_status":"","sticky":false,"template":"","format":"standard","meta":{"footnotes":""},"categories":[276],"tags":[1488,4555,168,25,24,23,167,343],"class_list":{"0":"post-184368","1":"post","2":"type-post","3":"status-publish","4":"format-standard","5":"has-post-thumbnail","7":"category-ufc","8":"tag-artes-marciales","9":"tag-artes-marciales-mixtas","10":"tag-deportes","11":"tag-es","12":"tag-espana","13":"tag-spain","14":"tag-sports","15":"tag-ufc"},"share_on_mastodon":{"url":"","error":""},"_links":{"self":[{"href":"https:\/\/www.europesays.com\/es\/wp-json\/wp\/v2\/posts\/184368","targetHints":{"allow":["GET"]}}],"collection":[{"href":"https:\/\/www.europesays.com\/es\/wp-json\/wp\/v2\/posts"}],"about":[{"href":"https:\/\/www.europesays.com\/es\/wp-json\/wp\/v2\/types\/post"}],"author":[{"embeddable":true,"href":"https:\/\/www.europesays.com\/es\/wp-json\/wp\/v2\/users\/2"}],"replies":[{"embeddable":true,"href":"https:\/\/www.europesays.com\/es\/wp-json\/wp\/v2\/comments?post=184368"}],"version-history":[{"count":0,"href":"https:\/\/www.europesays.com\/es\/wp-json\/wp\/v2\/posts\/184368\/revisions"}],"wp:featuredmedia":[{"embeddable":true,"href":"https:\/\/www.europesays.com\/es\/wp-json\/wp\/v2\/media\/184369"}],"wp:attachment":[{"href":"https:\/\/www.europesays.com\/es\/wp-json\/wp\/v2\/media?parent=184368"}],"wp:term":[{"taxonomy":"category","embeddable":true,"href":"https:\/\/www.europesays.com\/es\/wp-json\/wp\/v2\/categories?post=184368"},{"taxonomy":"post_tag","embeddable":true,"href":"https:\/\/www.europesays.com\/es\/wp-json\/wp\/v2\/tags?post=184368"}],"curies":[{"name":"wp","href":"https:\/\/api.w.org\/{rel}","templated":true}]}}