{"id":184377,"date":"2025-10-18T05:41:07","date_gmt":"2025-10-18T05:41:07","guid":{"rendered":"https:\/\/www.europesays.com\/es\/184377\/"},"modified":"2025-10-18T05:41:07","modified_gmt":"2025-10-18T05:41:07","slug":"benito-leiro-presenta-en-vilanova-un-libro-sobre-o-mestre-do-posito","status":"publish","type":"post","link":"https:\/\/www.europesays.com\/es\/184377\/","title":{"rendered":"Benito Leiro presenta en Vilanova un libro sobre \u00abo mestre do p\u00f3sito\u00bb"},"content":{"rendered":"<p>\t\t\t\t\t\tLa cita ser\u00e1 el pr\u00f3ximo jueves en la iglesia de A Pastoriza<br \/>\n\t\t\t\t\t\t\t\t\t\t\t\t<strong>18 oct 2025<\/strong> . Actualizado a las 05:00 h.\t\t\t\t\t\t<\/p>\n<p class=\"first-paragraph txt\">El <strong>pr\u00f3ximo jueves, a las ocho de la tarde<\/strong>, se presentar\u00e1 en la iglesia de <strong>A Pastoriza (Vilanova)<\/strong> un libro en el que el periodista <strong>Benito Leiro<\/strong> recoge la biograf\u00eda de <strong>Pastor Pombo Reg\u00e1s, \u00abo mestre do p\u00f3sito\u00bb<\/strong>, un profesor que ejerci\u00f3 su oficio durante treinta a\u00f1os en esta localidad arousana. Fue una persona \u00abeminente para a vila de finais do s\u00e9culo XIX e da primeira metade do XX\u00bb. Amigo de Camba y Valle Incl\u00e1n, fue tambi\u00e9n cofundador del p\u00f3sito de pescadores de la localidad.<\/p>\n<p>&#13;<br \/>\n\tArchivado en:&#13;<br \/>\n\t\t\t\t\t<a href=\"https:\/\/www.lavozdegalicia.es\/temas\/libros\/\" target=\"_blank\" class=\"mg-l\" rel=\"nofollow noopener\">Libros<\/a>&#13;<br \/>\n\t\t\t\t\t<a href=\"https:\/\/www.lavozdegalicia.es\/temas\/vilanova-de-arousa\/\" target=\"_blank\" class=\"mg-l\" rel=\"nofollow noopener\">Vilanova de Arousa<\/a>&#13;<br \/>\n\t&#13;<\/p>\n","protected":false},"excerpt":{"rendered":"La cita ser\u00e1 el pr\u00f3ximo jueves en la iglesia de A Pastoriza 18 oct 2025 . Actualizado a&hellip;\n","protected":false},"author":2,"featured_media":184378,"comment_status":"","ping_status":"","sticky":false,"template":"","format":"standard","meta":{"footnotes":""},"categories":[172],"tags":[224,146,147,25,24,225,23,52084],"class_list":{"0":"post-184377","1":"post","2":"type-post","3":"status-publish","4":"format-standard","5":"has-post-thumbnail","7":"category-libros","8":"tag-books","9":"tag-entertainment","10":"tag-entretenimiento","11":"tag-es","12":"tag-espana","13":"tag-libros","14":"tag-spain","15":"tag-vilanova-de-arousa"},"share_on_mastodon":{"url":"","error":""},"_links":{"self":[{"href":"https:\/\/www.europesays.com\/es\/wp-json\/wp\/v2\/posts\/184377","targetHints":{"allow":["GET"]}}],"collection":[{"href":"https:\/\/www.europesays.com\/es\/wp-json\/wp\/v2\/posts"}],"about":[{"href":"https:\/\/www.europesays.com\/es\/wp-json\/wp\/v2\/types\/post"}],"author":[{"embeddable":true,"href":"https:\/\/www.europesays.com\/es\/wp-json\/wp\/v2\/users\/2"}],"replies":[{"embeddable":true,"href":"https:\/\/www.europesays.com\/es\/wp-json\/wp\/v2\/comments?post=184377"}],"version-history":[{"count":0,"href":"https:\/\/www.europesays.com\/es\/wp-json\/wp\/v2\/posts\/184377\/revisions"}],"wp:featuredmedia":[{"embeddable":true,"href":"https:\/\/www.europesays.com\/es\/wp-json\/wp\/v2\/media\/184378"}],"wp:attachment":[{"href":"https:\/\/www.europesays.com\/es\/wp-json\/wp\/v2\/media?parent=184377"}],"wp:term":[{"taxonomy":"category","embeddable":true,"href":"https:\/\/www.europesays.com\/es\/wp-json\/wp\/v2\/categories?post=184377"},{"taxonomy":"post_tag","embeddable":true,"href":"https:\/\/www.europesays.com\/es\/wp-json\/wp\/v2\/tags?post=184377"}],"curies":[{"name":"wp","href":"https:\/\/api.w.org\/{rel}","templated":true}]}}