{"id":184379,"date":"2025-10-18T05:42:11","date_gmt":"2025-10-18T05:42:11","guid":{"rendered":"https:\/\/www.europesays.com\/es\/184379\/"},"modified":"2025-10-18T05:42:11","modified_gmt":"2025-10-18T05:42:11","slug":"el-concurso-de-la-tdt-premiara-las-propuestas-que-refuercen-el-pluralismo-y-fomenten-las-lenguas-cooficiales","status":"publish","type":"post","link":"https:\/\/www.europesays.com\/es\/184379\/","title":{"rendered":"El concurso de la TDT premiar\u00e1 las propuestas que refuercen el \u00abpluralismo\u00bb y fomenten las lenguas cooficiales"},"content":{"rendered":"<p id=\"paragraph_1\">El Gobierno tendr\u00e1 en cuenta<strong> el refuerzo del pluralismo en los medios de comunicaci\u00f3n<\/strong> y el fomento del aprendizaje de las lenguas cooficiales del Estado a la hora de evaluar las propuestas que se presenten para hacerse con<a href=\"https:\/\/www.elespanol.com\/invertia\/medios\/20251014\/gobierno-convoca-concurso-publico-nuevo-canal-abierto-tdt\/1003743968622_0.html?utm_cmp_rs=linksinline\" rel=\"nofollow noopener\" target=\"_blank\"> el nuevo canal en abierto de la Televisi\u00f3n Digital Terrestre (TDT).<\/a><\/p>\n<p class=\"paragraph\" id=\"paragraph_2\">As\u00ed se recoge en las<strong> bases del concurso p\u00fablico<\/strong> para la adjudicaci\u00f3n del<a href=\"https:\/\/www.elespanol.com\/invertia\/medios\/20251015\/nadie-quiere-television-gobierno-dudas-sector-futuro-nuevo-canal-abierto-tdt\/1003743969076_0.html?utm_cmp_rs=linksinline\" rel=\"nofollow noopener\" target=\"_blank\"> nuevo canal de la TDT<\/a> que se aprobaron el pasado martes en Consejo de Ministros y que se acaban de publicar en el Bolet\u00edn Oficial del Estado (BOE).<\/p>\n<p class=\"paragraph\" id=\"paragraph_3\">Pese a que en l\u00edneas generales las normas son <strong>muy similares a las que se emplearon en el \u00faltimo concurso llevado a cabo en 2015<\/strong>, las bases elaboradas por el <a href=\"https:\/\/www.elespanol.com\/invertia\/medios\/20240926\/gobierno-reforma-tdt-prisa-puerta-nuevos-canales-abierto-television\/888911296_0.html?utm_cmp_rs=linksinline\" rel=\"nofollow noopener\" target=\"_blank\">Ministerio para la Transformaci\u00f3n Digital y Funci\u00f3n P\u00fablica<\/a> s\u00ed introducen algunos cambios.<\/p>\n<p><img loading=\"lazy\" decoding=\"async\" alt=\"El l\u00edder del PSOE de Madrid, \u00d3scar L\u00f3pez.\" height=\"180\" src=\"https:\/\/www.europesays.com\/es\/wp-content\/uploads\/2025\/10\/931167833_253918488_320x180.jpg\" width=\"320\" data-lazy-status=\"processed\" data-lazy-info=\"remove loading item 1\"\/><\/p>\n<p class=\"paragraph\" id=\"paragraph_4\">Adem\u00e1s de varios aspectos t\u00e9cnicos derivados del avance tecnol\u00f3gico que se ha registrado en la \u00faltima d\u00e9cada y del hecho de que esta vez se conceda una licencia y no seis como en 2015, el texto tambi\u00e9n <strong>da un mayor peso al \u00abrefuerzo del pluralismo\u00bb a la hora de evaluar las propuestas<\/strong>.<\/p>\n<p class=\"paragraph\" id=\"paragraph_5\">Una postura que justifica en \u00abla relevancia que han ido adquiriendo algunos de los criterios como el pluralismo de los medios de comunicaci\u00f3n como <strong>condici\u00f3n indispensable del discurso libre y democr\u00e1tico<\/strong>\u00ab.<\/p>\n<p>Legislaci\u00f3n<\/p>\n<p class=\"paragraph\" id=\"paragraph_6\">A este respecto alude dos legislaciones actualmente en vigor. Por un lado, la<strong> Ley General de Comunicaci\u00f3n Audiovisual de 2022<\/strong>, que en su art\u00edculo 35 contempla distintas medidas para garantizar el pluralismo en el mercado de comunicaci\u00f3n audiovisual televisivo lineal.<\/p>\n<p class=\"paragraph\" id=\"paragraph_7\">Por ejemplo, impone l\u00edmites a las participaciones que una persona jur\u00eddica o f\u00edsica puede tener en varias empresas del sector, as\u00ed como a la <strong>acumulaci\u00f3n de licencias<\/strong>, e impide adquisiciones que reduzcan la pluralidad a menos de tres operadores privados distintos a nivel estatal.<\/p>\n<p><img decoding=\"async\" alt=\"La presidenta de la Comisi\u00f3n, Ursula von der Leyen, durante una comparecencia en la Euroc\u00e1mara\" height=\"180\" loading=\"lazy\" width=\"320\" data-lazy-status=\"processed\" id=\"372356d7af\" src=\"https:\/\/www.elespanol.com\/invertia\/medios\/20251018\/concurso-tdt-premiara-propuestas-refuercen-pluralismo-fomenten-lenguas-cooficiales\/[\" https:=\"\" data-lazy-info=\"changed src\"\/><\/p>\n<p class=\"paragraph\" id=\"paragraph_8\">Pero, en especial, menciona el <strong>Reglamento Europeo sobre la Libertad de los Medios de Comunicaci\u00f3n<\/strong>. Y, en particular, las reglas sobre la evaluaci\u00f3n de concentraciones que puedan tener <a href=\"https:\/\/www.elespanol.com\/invertia\/medios\/20250807\/bruselas-empieza-aplicar-reglamento-proteger-medios-sanchez-prepara-propia-regulacion\/1003743877554_0.html?utm_cmp_rs=linksinline\" rel=\"nofollow noopener\" target=\"_blank\">repercusiones significativas sobre el pluralismo de los medios<\/a> y la independencia editorial.<\/p>\n<p class=\"paragraph\" id=\"paragraph_9\">En este contexto, uno de los siete apartados que deben incluir en su oferta t\u00e9cnica quienes se presenten a la licitaci\u00f3n es c\u00f3mo cumplir\u00e1n el objetivo de<strong> fomentar una \u00abexpresi\u00f3n libre y pluralista de ideas y corrientes de opini\u00f3n\u00bb.<\/strong><\/p>\n<p>Solicitud de informaci\u00f3n<\/p>\n<p class=\"paragraph\" id=\"paragraph_10\">Para que el Ministerio pueda valorarlo, el licitador proporcionar\u00e1 la informaci\u00f3n precisa en qu\u00e9 forma, si se le adjudicara la licencia,<strong> mejorar\u00edan los niveles de pluralismo en el mercado televisivo y de los medios de comunicaci\u00f3n.<\/strong><\/p>\n<p class=\"paragraph\" id=\"paragraph_11\">En concreto, presentar\u00e1 de manera detallada aquellas<strong> \u00abmedidas y compromisos firmes\u00bb que tiene previsto poner en marcha<\/strong>, a fin de salvaguardar la pluralidad de ideas y corrientes de opini\u00f3n dentro de su oferta televisiva, as\u00ed como para <a href=\"https:\/\/www.elespanol.com\/invertia\/medios\/20250729\/gobierno-envia-congreso-registro-medios-identificar-editores-decir-dinero-reciben\/1003743866614_0.html?utm_cmp_rs=linksinline\" rel=\"nofollow noopener\" target=\"_blank\">diversificar los agentes informativos<\/a>.<\/p>\n<p><img decoding=\"async\" alt=\"\u00d3scar L\u00f3pez, ministro de Transformaci\u00f3n Digital, durante la rueda de prensa del Consejo de Ministros de este martes.\" height=\"180\" loading=\"lazy\" width=\"320\" data-lazy-status=\"processed\" id=\"efb613f585\" src=\"https:\/\/www.elespanol.com\/invertia\/medios\/20251018\/concurso-tdt-premiara-propuestas-refuercen-pluralismo-fomenten-lenguas-cooficiales\/[\" https:=\"\" data-lazy-info=\"changed src\"\/><\/p>\n<p class=\"paragraph\" id=\"paragraph_12\">As\u00ed, incide en que se valorar\u00e1 especialmente la asunci\u00f3n por parte del licitador de <strong>\u00abcompromisos concretos con la libertad de expresi\u00f3n\u00bb<\/strong> y el respeto a la objetividad, veracidad e imparcialidad de la informaci\u00f3n.<\/p>\n<p class=\"paragraph\" id=\"paragraph_13\">Tambi\u00e9n la<strong> publicaci\u00f3n de c\u00f3digos deontol\u00f3gicos<\/strong> que garanticen el libre acceso de ideas y corrientes o la creaci\u00f3n de comit\u00e9s que garanticen la independencia en la toma de decisiones editoriales y la pluralidad de los profesionales.<\/p>\n<p class=\"paragraph\" id=\"paragraph_14\">Por este apartado, <strong>los candidatos podr\u00e1n recibir hasta 150 puntos<\/strong> del total de 710 que como m\u00e1ximo se pueden otorgar a una propuesta.<\/p>\n<p class=\"paragraph\" id=\"paragraph_15\">Esta puntuaci\u00f3n <strong>est\u00e1 muy por encima de los 90 puntos que se fijaron<\/strong> como tope en <a href=\"https:\/\/www.elespanol.com\/invertia\/medios\/20241125\/cnmc-pide-gobierno-supervisar-bases-concurso-adjudicar-nuevo-canal-tdt\/900910229_0.html?utm_cmp_rs=linksinline\" rel=\"nofollow noopener\" target=\"_blank\">las bases del concurso<\/a> de 2015 para los tres canales de emisi\u00f3n en HD. No obstante, para las tres licencias de SD se marc\u00f3 tambi\u00e9n un m\u00e1ximo de 150.<\/p>\n<p>Lenguas cooficiales<\/p>\n<p class=\"paragraph\" id=\"paragraph_16\">Otra de las novedades clave reside en la ampliaci\u00f3n del alcance del denominado<strong> \u00abPlan de impulso del aprendizaje de idiomas\u00bb<\/strong>, uno de los planes especiales que los candidatos a la licencia pueden incluir dentro de su propuesta de programaci\u00f3n.<\/p>\n<p class=\"paragraph\" id=\"paragraph_17\">En la convocatoria de 2015, las bases requer\u00edan el desarrollo de medidas destinadas al aprendizaje de<strong> idiomas oficiales de la Uni\u00f3n Europea (UE)<\/strong>, mientras que la de 2025 incluye tambi\u00e9n las lenguas oficiales de las distintas autonom\u00edas.<\/p>\n<p><img decoding=\"async\" alt=\"La presidenta de la Comisi\u00f3n Nacional de los Mercados y Competencia (CNMC), Cani Fern\u00e1ndez, en una Comisi\u00f3n de Econom\u00eda, Comercio y Transformaci\u00f3n Digital en el Congreso de los Diputados el pasado septiembre.\" height=\"180\" loading=\"lazy\" width=\"320\" data-lazy-status=\"processed\" id=\"17a6ad9593\" src=\"https:\/\/www.elespanol.com\/invertia\/medios\/20251018\/concurso-tdt-premiara-propuestas-refuercen-pluralismo-fomenten-lenguas-cooficiales\/[\" https:=\"\" data-lazy-info=\"changed src\"\/><\/p>\n<p class=\"paragraph\" id=\"paragraph_18\">\u00abSe contemplar\u00e1 el desarrollo de medidas destinadas al aprendizaje tanto de las lenguas oficiales de las Comunidades Aut\u00f3nomas como de idiomas oficiales de la Uni\u00f3n Europea<strong> por parte de menores y\/o j\u00f3venes, as\u00ed como <\/strong> <strong>dise\u00f1o de contenidos de animaci\u00f3n que<\/strong> puedan ser visualizados\u00bb en cualquiera de esas lenguas.<\/p>\n<p class=\"paragraph\" id=\"paragraph_19\">De hecho, las bases inciden en que una de las obligaciones del adjudicatario es contribuir con la obligaci\u00f3n de promoci\u00f3n de obra audiovisual europea y de la diversidad ling\u00fc\u00edstica que se recoge en la Ley de Comunicaci\u00f3n Audiovisual y que obliga a <strong>destinar parte de los ingresos a financiar estos proyectos<\/strong>.<\/p>\n","protected":false},"excerpt":{"rendered":"El Gobierno tendr\u00e1 en cuenta el refuerzo del pluralismo en los medios de comunicaci\u00f3n y el fomento del&hellip;\n","protected":false},"author":2,"featured_media":184380,"comment_status":"","ping_status":"","sticky":false,"template":"","format":"standard","meta":{"footnotes":""},"categories":[171],"tags":[52085,146,147,25,24,1827,30270,23,2458,807,214],"class_list":{"0":"post-184379","1":"post","2":"type-post","3":"status-publish","4":"format-standard","5":"has-post-thumbnail","7":"category-tv","8":"tag-concursos-publicos","9":"tag-entertainment","10":"tag-entretenimiento","11":"tag-es","12":"tag-espana","13":"tag-medios","14":"tag-oscar-lopez","15":"tag-spain","16":"tag-tdt","17":"tag-television","18":"tag-tv"},"share_on_mastodon":{"url":"","error":""},"_links":{"self":[{"href":"https:\/\/www.europesays.com\/es\/wp-json\/wp\/v2\/posts\/184379","targetHints":{"allow":["GET"]}}],"collection":[{"href":"https:\/\/www.europesays.com\/es\/wp-json\/wp\/v2\/posts"}],"about":[{"href":"https:\/\/www.europesays.com\/es\/wp-json\/wp\/v2\/types\/post"}],"author":[{"embeddable":true,"href":"https:\/\/www.europesays.com\/es\/wp-json\/wp\/v2\/users\/2"}],"replies":[{"embeddable":true,"href":"https:\/\/www.europesays.com\/es\/wp-json\/wp\/v2\/comments?post=184379"}],"version-history":[{"count":0,"href":"https:\/\/www.europesays.com\/es\/wp-json\/wp\/v2\/posts\/184379\/revisions"}],"wp:featuredmedia":[{"embeddable":true,"href":"https:\/\/www.europesays.com\/es\/wp-json\/wp\/v2\/media\/184380"}],"wp:attachment":[{"href":"https:\/\/www.europesays.com\/es\/wp-json\/wp\/v2\/media?parent=184379"}],"wp:term":[{"taxonomy":"category","embeddable":true,"href":"https:\/\/www.europesays.com\/es\/wp-json\/wp\/v2\/categories?post=184379"},{"taxonomy":"post_tag","embeddable":true,"href":"https:\/\/www.europesays.com\/es\/wp-json\/wp\/v2\/tags?post=184379"}],"curies":[{"name":"wp","href":"https:\/\/api.w.org\/{rel}","templated":true}]}}