{"id":184381,"date":"2025-10-18T05:44:10","date_gmt":"2025-10-18T05:44:10","guid":{"rendered":"https:\/\/www.europesays.com\/es\/184381\/"},"modified":"2025-10-18T05:44:10","modified_gmt":"2025-10-18T05:44:10","slug":"las-muertas-que-viva-mexico-cronica-global","status":"publish","type":"post","link":"https:\/\/www.europesays.com\/es\/184381\/","title":{"rendered":"\u2018Las muertas\u2019: \u00a1Qu\u00e9 viva M\u00e9xico! &#8211; Cr\u00f3nica Global"},"content":{"rendered":"<ol>\n<li><a href=\"https:\/\/news.google.com\/rss\/articles\/CBMirgFBVV95cUxNYjBnX2thT2VFb08zSXVpLUxrNF96MDNZV1dacHZMbzB4RmIyRUhLbDlSZk5VUVZTenNmRE41b045bEIzTmNrOUUyQUNreTNkeWtlX1gtRUxHS1NaUUhUa0FGY2lFTnF4bndBUXhfRC1YWXpWWFZMSWQzMDVlTFI3QVhQN0JnNUJjaHc1eVBDWWZxUXdaZ2VMNnFGekFoZ084RllqX1Zub0JjZkZ0YWfSAbMBQVVfeXFMUDRWOG1GamN1NnBScmdSeFlXTU45aXhCQVBpUFJVdzJXb1JQLW1mTnZrWnFWRHdKRDlFZjdwaUJCQU82akhyaHVleEtCaGRYc3VSbGRoeDVPMzlHSzNfTzJZS29yMW1aV2h0NVB1VnpWanRYdjE1emthcjBhcXR4aUR6ejl1aTY2ZmRDbEhzNWdpSHozNkNqV1BpMFFOektkQVRRTmlmU195S0g4U0hRVFVTdlU?oc=5\" target=\"_blank\" rel=\"nofollow noopener\">\u2018Las muertas\u2019: \u00a1Qu\u00e9 viva M\u00e9xico!<\/a>&nbsp;&nbsp;Cr\u00f3nica Global<\/li>\n<li><a href=\"https:\/\/news.google.com\/rss\/articles\/CBMiaEFVX3lxTE9hRnV1S3U0cmN0SHpGNHotRGRibUM4Q0FudnpIeDhSd1RLZ2pybVItUXVYb1BJQWppNFJxa1lxOXhpSFRkZVZzdzhTRWdwWXRIYUJGNlM1TTBibTdBQkRwQjdicE1QSlhT0gFuQVVfeXFMUDg1MmNsWUdiZXg5dzQ0Tnd1REp0RlZJdGNPZFkxT1ZGNXY1SC1GcUJXSHRLcDRuOEVwa1lWTEx1M0d5aG5XNGx6NmtmT3EtQ18zY1h0NFpHT3pTQ3JsTUktUU8xTE9KVW1ReURsNUE?oc=5\" target=\"_blank\" rel=\"nofollow noopener\">La miniserie mexicana en Netflix que revivi\u00f3 un caso real y gener\u00f3 un debate nacional<\/a>&nbsp;&nbsp;SensaCine.com.mx<\/li>\n<li><a href=\"https:\/\/news.google.com\/rss\/articles\/CBMifEFVX3lxTE9OLTFzRE9jdEIyZnVfR1J0QUlmUkppT3pPcXUySG1ndzVkbnIxbnA0RHFTMGRJc2lWOXphdnNxMFptS3pWS3o4eHZzbVo1b3Ficng1eE4zMXllcVZlYTFxSlhRTmEzeGYwRDY0dmVDNXdHcXlHU2NKa0QwUFc?oc=5\" target=\"_blank\" rel=\"nofollow noopener\">El dilema de Las muertas<\/a>&nbsp;&nbsp;La Jornada de Oriente<\/li>\n<li><a href=\"https:\/\/news.google.com\/rss\/articles\/CBMijgFBVV95cUxOZF82RUFVaXFFN25hNWp1V0FlMXl4X2V5dTVmZ2VJejBYRXBJR2Q5TGZXX202YUYyeVgyX1BrRXNnTzJjN1l1LUhVVmxPMnBFaVRaRkJWYUktSVdRNnI3SmhaeVI1UHBJLUMwaVhpMVJRYnF6XzE5QUVfZXNBaVcydkk0RTIzQi1BWi0zRDZ30gGTAUFVX3lxTE4wSEtkV0VlVFZIQnhpN1g2X2pSWXJSZ2ZSMkFwMFhlaUE2M1dXZDdFRGVtMGFzc1M5dzdhSi1pZVdGLWNhUlMzWVRRTVk2dVRzZ2kzaktwdlBEdDJsNDlLcE9uQkZIX1FMSjgtdDQwYXJ0S3d3bk1aODVFWTJHeUpFbW9uZWVaTUp2LTZwWFVIenhlQQ?oc=5\" target=\"_blank\" rel=\"nofollow noopener\">[Ensayo] \u00abLas muertas\u00bb: Una antesala al infierno de M\u00e9xico<\/a>&nbsp;&nbsp;Cine y Literatura<\/li>\n<li><a href=\"https:\/\/news.google.com\/rss\/articles\/CBMiqgFBVV95cUxOQXVCODZ0WlFoME5JUzdKODNMaFBlTlZjbWhGVVI2dS1UOGFrUHY2SkN6MjJmTVRrS0o4X3VHYTlCa3ctdms2T3hwdjZieXN0bnd0bHdYQnpKTnJvSU5od2NoMFRweXRySy1KYXFDdUN6c2p2YVNmZ1BtMTgyRU1YcUJpaHZNVmh4Qmk1dHZoaGFycmFjY1NCcnNKeVhVeTlTU1R5bk16MTBMUQ?oc=5\" target=\"_blank\" rel=\"nofollow noopener\">Las muertas que no resucitaron a Jorge Ibarg\u00fcengoitia<\/a>&nbsp;&nbsp;El Universal<\/li>\n<\/ol>\n","protected":false},"excerpt":{"rendered":"\u2018Las muertas\u2019: \u00a1Qu\u00e9 viva M\u00e9xico!&nbsp;&nbsp;Cr\u00f3nica Global La miniserie mexicana en Netflix que revivi\u00f3 un caso real y gener\u00f3&hellip;\n","protected":false},"author":2,"featured_media":184382,"comment_status":"","ping_status":"","sticky":false,"template":"","format":"standard","meta":{"footnotes":""},"categories":[169],"tags":[177,12073,146,147,25,24,176,5266,671,175,23],"class_list":{"0":"post-184381","1":"post","2":"type-post","3":"status-publish","4":"format-standard","5":"has-post-thumbnail","7":"category-cine","8":"tag-cine","9":"tag-cine-teatro","10":"tag-entertainment","11":"tag-entretenimiento","12":"tag-es","13":"tag-espana","14":"tag-film","15":"tag-filosofia","16":"tag-literatura","17":"tag-movies","18":"tag-spain"},"share_on_mastodon":{"url":"","error":""},"_links":{"self":[{"href":"https:\/\/www.europesays.com\/es\/wp-json\/wp\/v2\/posts\/184381","targetHints":{"allow":["GET"]}}],"collection":[{"href":"https:\/\/www.europesays.com\/es\/wp-json\/wp\/v2\/posts"}],"about":[{"href":"https:\/\/www.europesays.com\/es\/wp-json\/wp\/v2\/types\/post"}],"author":[{"embeddable":true,"href":"https:\/\/www.europesays.com\/es\/wp-json\/wp\/v2\/users\/2"}],"replies":[{"embeddable":true,"href":"https:\/\/www.europesays.com\/es\/wp-json\/wp\/v2\/comments?post=184381"}],"version-history":[{"count":0,"href":"https:\/\/www.europesays.com\/es\/wp-json\/wp\/v2\/posts\/184381\/revisions"}],"wp:featuredmedia":[{"embeddable":true,"href":"https:\/\/www.europesays.com\/es\/wp-json\/wp\/v2\/media\/184382"}],"wp:attachment":[{"href":"https:\/\/www.europesays.com\/es\/wp-json\/wp\/v2\/media?parent=184381"}],"wp:term":[{"taxonomy":"category","embeddable":true,"href":"https:\/\/www.europesays.com\/es\/wp-json\/wp\/v2\/categories?post=184381"},{"taxonomy":"post_tag","embeddable":true,"href":"https:\/\/www.europesays.com\/es\/wp-json\/wp\/v2\/tags?post=184381"}],"curies":[{"name":"wp","href":"https:\/\/api.w.org\/{rel}","templated":true}]}}